{"id":767504,"date":"2024-11-09T18:35:53","date_gmt":"2024-11-09T14:35:53","guid":{"rendered":"https:\/\/arantv.az\/?p=767504"},"modified":"2024-11-09T18:35:53","modified_gmt":"2024-11-09T14:35:53","slug":"itkin-dusmus-s%c9%99xsl%c9%99r-probleminin-h%c9%99lli-il%c9%99-bagli-konfrans-bmt-bas-assambleyasinin-v%c9%99-ts-nin-r%c9%99smi-s%c9%99n%c9%99di-kimi-yayildi","status":"publish","type":"post","link":"https:\/\/arantv.az\/?p=767504","title":{"rendered":"\u201c\u0130tkin d\u00fc\u015fm\u00fc\u015f \u015f\u0259xsl\u0259r probleminin h\u0259lli&#8221; il\u0259 ba\u011fl\u0131 konfrans BMT Ba\u015f Assambleyas\u0131n\u0131n v\u0259 T\u015e-nin r\u0259smi s\u0259n\u0259di kimi YAYILDI"},"content":{"rendered":"<p><strong>\u018fsir v\u0259 itkin d\u00fc\u015fm\u00fc\u015f, girov g\u00f6t\u00fcr\u00fclm\u00fc\u015f v\u0259t\u0259nda\u015flarla \u0259laq\u0259dar D\u00f6vl\u0259t Komissiyas\u0131 t\u0259r\u0259find\u0259n 2-3 oktyabr 2024-c\u00fc il tarixl\u0259rind\u0259 Bak\u0131da \u201c\u0130tkin d\u00fc\u015fm\u00fc\u015f \u015f\u0259xsl\u0259r probleminin h\u0259lli: ail\u0259l\u0259rin h\u0259qiq\u0259ti bilm\u0259k h\u00fcququnun d\u0259st\u0259kl\u0259nm\u0259si\u201d m\u00f6vzusunda t\u0259\u015fkil edilmi\u015f beyn\u0259lxalq konfrans\u0131n yekun b\u0259yanat\u0131 BMT Ba\u015f Assambleyas\u0131n\u0131n v\u0259 T\u0259hl\u00fck\u0259sizlik \u015euras\u0131n\u0131n r\u0259smi s\u0259n\u0259di kimi yay\u0131l\u0131b.<\/strong><\/p>\n<p>Bu bar\u0259d\u0259<strong>\u00a0Musavat.com<\/strong>-a komissiyadan m\u0259lumat verilib.<\/p>\n<p>Bildirilib ki, s\u0259n\u0259dd\u0259 beyn\u0259lxalq konfrans\u0131n i\u015ftirak\u00e7\u0131lar\u0131 M\u00fcharib\u0259 qurbanlar\u0131n\u0131n m\u00fcdafi\u0259sin\u0259 dair Konvensiyalar\u0131, el\u0259c\u0259 d\u0259 BMT Ba\u015f Assambleyas\u0131 v\u0259 T\u0259hl\u00fck\u0259sizlik \u015euras\u0131n\u0131n m\u00fcvafiq s\u0259n\u0259d v\u0259 q\u0259tnam\u0259l\u0259rini r\u0259hb\u0259r tutaraq, o c\u00fcml\u0259d\u0259n d\u00f6vl\u0259tl\u0259rin beyn\u0259lxalq humanitar h\u00fcquqla ba\u011fl\u0131 \u00f6hd\u0259liyini xat\u0131rladaraq silahl\u0131 m\u00fcnaqi\u015f\u0259 t\u0259r\u0259fl\u0259rini itkin d\u00fc\u015fm\u00fc\u015f \u015f\u0259xsl\u0259rin axtar\u0131\u015f\u0131 \u00fc\u00e7\u00fcn b\u00fct\u00fcn m\u00fcmk\u00fcn t\u0259dbirl\u0259ri g\u00f6rm\u0259y\u0259 v\u0259 onlar\u0131n taleyi bar\u0259d\u0259 ist\u0259nil\u0259n m\u0259lumat\u0131 t\u0259qdim etm\u0259y\u0259 d\u0259v\u0259t edirl\u0259r:<\/p>\n<p>&#8220;S\u0259n\u0259dd\u0259 h\u0259m\u00e7inin, beyn\u0259lxalq t\u0259\u015fkilatlar itkin d\u00fc\u015fm\u00fc\u015f \u015f\u0259xsl\u0259rin taleyinin ayd\u0131nla\u015fd\u0131r\u0131lmas\u0131na yard\u0131m g\u00f6st\u0259rm\u0259y\u0259 v\u0259 silahl\u0131 m\u00fcnaqi\u015f\u0259l\u0259r zaman\u0131 itkin d\u00fc\u015fm\u00fc\u015f \u015f\u0259xsl\u0259rin m\u0259s\u0259l\u0259si il\u0259 m\u0259\u015f\u011ful olacaq x\u00fcsusi mexanizmin yarad\u0131lmas\u0131n\u0131 t\u0259\u015fviq etm\u0259y\u0259 d\u0259v\u0259t olunur.<\/p>\n<p>Az\u0259rbaycanda ke\u00e7irilmi\u015f beyn\u0259lxalq konfrans\u0131n \u0259n \u0259sas n\u0259tic\u0259l\u0259rind\u0259n biri itkin d\u00fc\u015fm\u00fc\u015f \u015f\u0259xsl\u0259r probleminin m\u00fcxt\u0259lif aspektl\u0259rinin m\u00fczakir\u0259 edilm\u0259si \u00fc\u00e7\u00fcn \u00ab\u0130llik Bak\u0131 Dialoqu\u00bbnun yarad\u0131lmas\u0131 \u00e7a\u011f\u0131r\u0131\u015f\u0131d\u0131r. Bu, beyn\u0259lxalq ictimaiyy\u0259t t\u0259r\u0259find\u0259n Az\u0259rbaycan\u0131n itkin d\u00fc\u015fm\u00fc\u015f \u015f\u0259xsl\u0259r probleminin h\u0259lli sah\u0259sind\u0259 h\u0259yata ke\u00e7irdiyi s\u0259yl\u0259rin\u0259 verilmi\u015f y\u00fcks\u0259k qiym\u0259tin bariz n\u00fcmun\u0259sidir.<\/p>\n<p>D\u00f6vl\u0259t Komissiyas\u0131 itkin d\u00fc\u015fm\u00fc\u015f \u015f\u0259xsl\u0259r m\u0259s\u0259l\u0259sinin beyn\u0259lxalq m\u00fcst\u0259vid\u0259 ir\u0259lil\u0259dilm\u0259si istiqam\u0259tind\u0259 f\u0259aliyy\u0259tini bundan sonra da davam etdir\u0259c\u0259k&#8221;.<\/p>\n","protected":false},"excerpt":{"rendered":"<p>\u018fsir v\u0259 itkin d\u00fc\u015fm\u00fc\u015f, girov g\u00f6t\u00fcr\u00fclm\u00fc\u015f v\u0259t\u0259nda\u015flarla \u0259laq\u0259dar D\u00f6vl\u0259t Komissiyas\u0131 t\u0259r\u0259find\u0259n 2-3 oktyabr 2024-c\u00fc il tarixl\u0259rind\u0259 Bak\u0131da \u201c\u0130tkin d\u00fc\u015fm\u00fc\u015f \u015f\u0259xsl\u0259r probleminin h\u0259lli: ail\u0259l\u0259rin h\u0259qiq\u0259ti bilm\u0259k h\u00fcququnun d\u0259st\u0259kl\u0259nm\u0259si\u201d m\u00f6vzusunda t\u0259\u015fkil edilmi\u015f beyn\u0259lxalq konfrans\u0131n yekun b\u0259yanat\u0131 BMT Ba\u015f Assambleyas\u0131n\u0131n v\u0259 T\u0259hl\u00fck\u0259sizlik \u015euras\u0131n\u0131n r\u0259smi s\u0259n\u0259di kimi yay\u0131l\u0131b. Bu bar\u0259d\u0259\u00a0Musavat.com-a komissiyadan m\u0259lumat verilib. Bildirilib ki, s\u0259n\u0259dd\u0259 beyn\u0259lxalq konfrans\u0131n i\u015ftirak\u00e7\u0131lar\u0131 M\u00fcharib\u0259 qurbanlar\u0131n\u0131n m\u00fcdafi\u0259sin\u0259 dair Konvensiyalar\u0131, el\u0259c\u0259 d\u0259 BMT Ba\u015f Assambleyas\u0131 v\u0259 T\u0259hl\u00fck\u0259sizlik \u015euras\u0131n\u0131n m\u00fcvafiq s\u0259n\u0259d v\u0259 q\u0259tnam\u0259l\u0259rini r\u0259hb\u0259r tutaraq, o c\u00fcml\u0259d\u0259n d\u00f6vl\u0259tl\u0259rin beyn\u0259lxalq humanitar h\u00fcquqla ba\u011fl\u0131 \u00f6hd\u0259liyini xat\u0131rladaraq silahl\u0131 m\u00fcnaqi\u015f\u0259 t\u0259r\u0259fl\u0259rini itkin d\u00fc\u015fm\u00fc\u015f \u015f\u0259xsl\u0259rin axtar\u0131\u015f\u0131&hellip;<\/p>\n","protected":false},"author":2,"featured_media":767505,"comment_status":"closed","ping_status":"closed","sticky":false,"template":"","format":"standard","meta":{"om_disable_all_campaigns":false,"_monsterinsights_skip_tracking":false,"_monsterinsights_sitenote_active":false,"_monsterinsights_sitenote_note":"","_monsterinsights_sitenote_category":0},"categories":[1],"tags":[],"aioseo_notices":[],"gutentor_comment":0,"rttpg_featured_image_url":{"full":["https:\/\/arantv.az\/wp-content\/uploads\/2024\/11\/fb1fd6e19fb2647fdd4faf84a8e8eb83.jpg",850,500,false],"landscape":["https:\/\/arantv.az\/wp-content\/uploads\/2024\/11\/fb1fd6e19fb2647fdd4faf84a8e8eb83.jpg",850,500,false],"portraits":["https:\/\/arantv.az\/wp-content\/uploads\/2024\/11\/fb1fd6e19fb2647fdd4faf84a8e8eb83.jpg",850,500,false],"thumbnail":["https:\/\/arantv.az\/wp-content\/uploads\/2024\/11\/fb1fd6e19fb2647fdd4faf84a8e8eb83-500x280.jpg",500,280,true],"medium":["https:\/\/arantv.az\/wp-content\/uploads\/2024\/11\/fb1fd6e19fb2647fdd4faf84a8e8eb83-621x365.jpg",621,365,true],"large":["https:\/\/arantv.az\/wp-content\/uploads\/2024\/11\/fb1fd6e19fb2647fdd4faf84a8e8eb83-840x494.jpg",640,376,true],"1536x1536":["https:\/\/arantv.az\/wp-content\/uploads\/2024\/11\/fb1fd6e19fb2647fdd4faf84a8e8eb83.jpg",850,500,false],"2048x2048":["https:\/\/arantv.az\/wp-content\/uploads\/2024\/11\/fb1fd6e19fb2647fdd4faf84a8e8eb83.jpg",850,500,false],"post-thumbnail":["https:\/\/arantv.az\/wp-content\/uploads\/2024\/11\/fb1fd6e19fb2647fdd4faf84a8e8eb83-240x172.jpg",240,172,true],"advps-thumb-one":["https:\/\/arantv.az\/wp-content\/uploads\/2024\/11\/fb1fd6e19fb2647fdd4faf84a8e8eb83.jpg",850,500,false]},"rttpg_author":{"display_name":"V\u00fcsal Rafiqo\u011flu","author_link":"https:\/\/arantv.az\/?author=2"},"rttpg_comment":0,"rttpg_category":"<a href=\"https:\/\/arantv.az\/?cat=1\" rel=\"category\">C\u0259miyy\u0259t<\/a>","rttpg_excerpt":"\u018fsir v\u0259 itkin d\u00fc\u015fm\u00fc\u015f, girov g\u00f6t\u00fcr\u00fclm\u00fc\u015f v\u0259t\u0259nda\u015flarla \u0259laq\u0259dar D\u00f6vl\u0259t Komissiyas\u0131 t\u0259r\u0259find\u0259n 2-3 oktyabr 2024-c\u00fc il tarixl\u0259rind\u0259 Bak\u0131da \u201c\u0130tkin d\u00fc\u015fm\u00fc\u015f \u015f\u0259xsl\u0259r probleminin h\u0259lli: ail\u0259l\u0259rin h\u0259qiq\u0259ti bilm\u0259k h\u00fcququnun d\u0259st\u0259kl\u0259nm\u0259si\u201d m\u00f6vzusunda t\u0259\u015fkil edilmi\u015f beyn\u0259lxalq konfrans\u0131n yekun b\u0259yanat\u0131 BMT Ba\u015f Assambleyas\u0131n\u0131n v\u0259 T\u0259hl\u00fck\u0259sizlik \u015euras\u0131n\u0131n r\u0259smi s\u0259n\u0259di kimi yay\u0131l\u0131b. Bu bar\u0259d\u0259\u00a0Musavat.com-a komissiyadan m\u0259lumat verilib. Bildirilib ki, s\u0259n\u0259dd\u0259 beyn\u0259lxalq konfrans\u0131n i\u015ftirak\u00e7\u0131lar\u0131&hellip;","_links":{"self":[{"href":"https:\/\/arantv.az\/index.php?rest_route=\/wp\/v2\/posts\/767504"}],"collection":[{"href":"https:\/\/arantv.az\/index.php?rest_route=\/wp\/v2\/posts"}],"about":[{"href":"https:\/\/arantv.az\/index.php?rest_route=\/wp\/v2\/types\/post"}],"author":[{"embeddable":true,"href":"https:\/\/arantv.az\/index.php?rest_route=\/wp\/v2\/users\/2"}],"replies":[{"embeddable":true,"href":"https:\/\/arantv.az\/index.php?rest_route=%2Fwp%2Fv2%2Fcomments&post=767504"}],"version-history":[{"count":1,"href":"https:\/\/arantv.az\/index.php?rest_route=\/wp\/v2\/posts\/767504\/revisions"}],"predecessor-version":[{"id":767506,"href":"https:\/\/arantv.az\/index.php?rest_route=\/wp\/v2\/posts\/767504\/revisions\/767506"}],"wp:featuredmedia":[{"embeddable":true,"href":"https:\/\/arantv.az\/index.php?rest_route=\/wp\/v2\/media\/767505"}],"wp:attachment":[{"href":"https:\/\/arantv.az\/index.php?rest_route=%2Fwp%2Fv2%2Fmedia&parent=767504"}],"wp:term":[{"taxonomy":"category","embeddable":true,"href":"https:\/\/arantv.az\/index.php?rest_route=%2Fwp%2Fv2%2Fcategories&post=767504"},{"taxonomy":"post_tag","embeddable":true,"href":"https:\/\/arantv.az\/index.php?rest_route=%2Fwp%2Fv2%2Ftags&post=767504"}],"curies":[{"name":"wp","href":"https:\/\/api.w.org\/{rel}","templated":true}]}}