{"id":767507,"date":"2024-11-09T18:36:49","date_gmt":"2024-11-09T14:36:49","guid":{"rendered":"https:\/\/arantv.az\/?p=767507"},"modified":"2024-11-09T18:36:49","modified_gmt":"2024-11-09T14:36:49","slug":"britaniya-cop29-onc%c9%99si-s%c9%99yl%c9%99ri-birl%c9%99sdirm%c9%99y%c9%99-cagirdi","status":"publish","type":"post","link":"https:\/\/arantv.az\/?p=767507","title":{"rendered":"Britaniya COP29 \u00f6nc\u0259si s\u0259yl\u0259ri birl\u0259\u015fdirm\u0259y\u0259 \u00c7A\u011eIRDI"},"content":{"rendered":"<p><strong>COP s\u0259drl\u0259rinin (Birl\u0259\u015fmi\u015f \u018fr\u0259b \u018fmirlikl\u0259ri, Az\u0259rbaycan v\u0259 Braziliya) h\u00f6kum\u0259tl\u0259rinin n\u00fcmay\u0259nd\u0259l\u0259ri, s\u0259firl\u0259r, \u015firk\u0259t r\u0259hb\u0259rl\u0259ri, sah\u0259 ekspertl\u0259ri noyabr\u0131n 11-d\u0259 i\u015fin\u0259 ba\u015flayacaq COP29 iqlim konfrans\u0131 \u0259r\u0259f\u0259sind\u0259 s\u0259yl\u0259ri birl\u0259\u015fdirm\u0259k \u00fc\u00e7\u00fcn bu h\u0259ft\u0259 B\u00f6y\u00fck Britaniya h\u00f6kum\u0259ti t\u0259r\u0259find\u0259n t\u0259\u015fkil edilmi\u015f m\u00fczakir\u0259l\u0259rd\u0259 i\u015ftirak edibl\u0259r.<\/strong><\/p>\n<p>G\u00f6r\u00fc\u015f\u0259 B\u00f6y\u00fck Britaniya h\u00f6kum\u0259tinin nazirl\u0259ri &#8211; energetika naziri Ed Milibend, inki\u015faf naziri Anneliz Dodds v\u0259 ekologiya naziri Stiv Rid r\u0259hb\u0259rlik edibl\u0259r.<\/p>\n<p>\u00dc\u00e7 d\u0259yirmi masa b\u0259rpa olunan enerjiy\u0259 ke\u00e7idin maliyy\u0259l\u0259\u015fdirilm\u0259sin\u0259, iqlim d\u0259yi\u015fk\u0259nliyin\u0259 dayan\u0131ql\u0131l\u0131\u011fa s\u0259rmay\u0259 yat\u0131r\u0131lmas\u0131n\u0131n s\u00fcr\u0259tl\u0259ndirilm\u0259sin\u0259 v\u0259 plastik \u00e7irkl\u0259nm\u0259y\u0259 son qoymaq \u00fczr\u0259 qlobal raz\u0131la\u015fmaya h\u0259sr olunub.<\/p>\n<p>\u201cG\u00f6r\u00fc\u015fl\u0259r B\u00f6y\u00fck Britaniyan\u0131n \u00f6z\u0259l sektordan v\u0259 maliyy\u0259 institutlar\u0131ndan daha \u00e7ox maliyy\u0259 c\u0259lb etm\u0259k \u00fc\u00e7\u00fcn yeni v\u0259 geni\u015fl\u0259ndirilmi\u015f maliyy\u0259l\u0259\u015fdirm\u0259 h\u0259d\u0259fin\u0259 nail olmaqda apar\u0131c\u0131 rol oynama\u011f\u0131 v\u0259 inki\u015faf etm\u0259kd\u0259 olan \u00f6lk\u0259l\u0259rd\u0259 iqlim d\u0259yi\u015fikliyi il\u0259 m\u00fcbariz\u0259 v\u0259 onun n\u0259tic\u0259l\u0259rinin azald\u0131lmas\u0131 \u00fc\u00e7\u00fcn yard\u0131m\u0131 geni\u015fl\u0259ndirm\u0259yi planla\u015fd\u0131rd\u0131\u011f\u0131 COP29-dan \u0259vv\u0259l ba\u015f tutub\u201d, &#8211; m\u0259lumatda deyilir.<\/p>\n<p>\u0130qlim modell\u0259rinin d\u0259yi\u015fm\u0259si Braziliyan\u0131n Amazon b\u00f6lg\u0259sinin b\u00fct\u00fcn m\u00fc\u015fahid\u0259 tarixi \u0259rzind\u0259 \u0259n ciddi quraql\u0131qlardan birini ya\u015famas\u0131na g\u0259tirib \u00e7\u0131xar\u0131b, Banqlade\u015fd\u0259 getdikc\u0259 artan \u015fidd\u0259tli da\u015fq\u0131nlar v\u0259 f\u0131rt\u0131nalar is\u0259 al\u00e7aqda yerl\u0259\u015f\u0259n regionlar\u0131 d\u0259niz s\u0259viyy\u0259sinin y\u00fcks\u0259lm\u0259si il\u0259 su alt\u0131nda qalmaq riski il\u0259 \u00fcz-\u00fcz\u0259 qoyur. H\u0259m B\u00f6y\u00fck Britaniyada, h\u0259m d\u0259 d\u00fcnyada iqlim d\u0259yi\u015fikliyi il\u0259 m\u00fcbariz\u0259 enerji t\u0259hl\u00fck\u0259sizliyini, iqtisadi art\u0131m\u0131 v\u0259 indiki v\u0259 g\u0259l\u0259c\u0259k n\u0259sill\u0259rin qorunmas\u0131n\u0131 t\u0259min etm\u0259k \u00fc\u00e7\u00fcn vacibdir.<\/p>\n<p>H\u0259r bir d\u0259yirmi masada h\u00f6kum\u0259tin iqlim g\u00fcnd\u0259liyini d\u0259st\u0259kl\u0259m\u0259k \u00fc\u00e7\u00fcn i\u015ftirak\u00e7\u0131larla raz\u0131la\u015fmalar\u0131n \u0259ld\u0259 edilm\u0259sin\u0259 v\u0259 Bak\u0131da s\u0259m\u0259r\u0259li dialoq \u00fc\u00e7\u00fcn z\u0259min yarad\u0131lmas\u0131na diqq\u0259t yetirilirdi.<\/p>\n<p>Energetika naziri Milibendin moderatorlu\u011fu il\u0259 \u201cya\u015f\u0131l\u201d enerjiy\u0259 ke\u00e7id \u00fc\u00e7\u00fcn maliyy\u0259nin s\u0259f\u0259rb\u0259r edilm\u0259sin\u0259 dair d\u0259yirmi masada h\u0259m\u00e7inin BEA-n\u0131n icra\u00e7\u0131 direktoru Fatih Birol, Az\u0259rbaycan\u0131n maliyy\u0259 naziri Samir \u015e\u0259rifov v\u0259 D\u00fcnya \u0130qtisadi Forumunun prezidenti Borge Brende d\u0259 i\u015ftirak edibl\u0259r.<\/p>\n<p>\u201c\u0130\u015ftirak\u00e7\u0131lar raz\u0131la\u015fd\u0131lar ki, formala\u015fmaqda olan bazara v\u0259 inki\u015faf etm\u0259kd\u0259 olan iqtisadiyyata malik \u00f6lk\u0259l\u0259rd\u0259 t\u0259miz enerjiy\u0259 s\u0259rmay\u0259nin art\u0131r\u0131lmas\u0131 qlobal s\u0259viyy\u0259d\u0259 raz\u0131la\u015fd\u0131r\u0131lm\u0131\u015f h\u0259d\u0259fl\u0259r\u0259 nail olmaq &#8211; 2030-cu il\u0259 q\u0259d\u0259r b\u0259rpa olunan enerjini \u00fc\u00e7 d\u0259f\u0259 art\u0131rmaq v\u0259 enerji s\u0259m\u0259r\u0259liliyi g\u00f6st\u0259ricil\u0259rini ikiqat art\u0131rmaq \u00fc\u00e7\u00fcn a\u00e7ard\u0131r v\u0259 bu, Paris Sazi\u015find\u0259 n\u0259z\u0259rd\u0259 tutuldu\u011fu kimi, qlobal temperatur art\u0131m\u0131n\u0131 1,5 \u00b0C il\u0259 m\u0259hdudla\u015fd\u0131rma\u011fa imkan ver\u0259c\u0259k\u201d, &#8211; m\u0259lumatda deyilir.<\/p>\n<p>\u201cG\u0259l\u0259n h\u0259ft\u0259 COP29-da biz iqlim b\u00f6hran\u0131 il\u0259 m\u00fcbariz\u0259d\u0259 ambisiyalar\u0131 art\u0131rmaq \u00fc\u00e7\u00fcn dig\u0259r \u00f6lk\u0259l\u0259rl\u0259 i\u015fl\u0259y\u0259c\u0259yik, \u00e7\u00fcnki indi q\u0259tiyy\u0259tli f\u0259aliyy\u0259t zaman\u0131d\u0131r\u201d, &#8211; Milibend deyib.<\/p>\n<p>\u0130nki\u015faf naziri Doddsun r\u0259hb\u0259rlik etdiyi v\u0259 uy\u011funla\u015fma v\u0259 dayan\u0131ql\u0131l\u0131q \u00fc\u00e7\u00fcn iqtisadi \u0259saslanman\u0131n formala\u015fd\u0131r\u0131lmas\u0131 \u00fczr\u0259 olan ba\u015fqa bir d\u0259yirmi masada i\u015ftirak\u00e7\u0131lar iqlim uy\u011funla\u015fmas\u0131n\u0131n maliyy\u0259l\u0259\u015fdirilm\u0259sind\u0259, x\u00fcsus\u0259n d\u0259 n\u0259tic\u0259l\u0259rin y\u00fcng\u00fcll\u0259\u015fdirilm\u0259si il\u0259 m\u00fcqayis\u0259 olunduqda, ciddi bo\u015fluq oldu\u011funu v\u0259 bunun h\u0259ll edilm\u0259sinin z\u0259ruriliyini q\u0259bul edibl\u0259r. Onlar h\u0259m\u00e7inin investisiya q\u0259rarlar\u0131n\u0131n q\u0259bulu zaman\u0131 iqlim riskl\u0259rinin n\u0259z\u0259r\u0259 al\u0131nmas\u0131n\u0131n t\u0259min edilm\u0259sinin z\u0259ruriliyind\u0259n dan\u0131\u015f\u0131blar.<\/p>\n<p>\u201c\u0130\u015ftirak\u00e7\u0131lar iqlim\u0259 dayan\u0131ql\u0131 maliyy\u0259l\u0259\u015fm\u0259 \u00fc\u00e7\u00fcn iqtisadi \u0259sas\u0131n yarad\u0131lmas\u0131 z\u0259ruriliyi v\u0259 d\u00f6vl\u0259t-\u00f6z\u0259l sektor t\u0259r\u0259fda\u015fl\u0131\u011f\u0131n bu m\u0259qs\u0259d\u0259 \u00e7atmaq \u00fc\u00e7\u00fcn vacib oldu\u011fu bar\u0259d\u0259 raz\u0131l\u0131\u011fa g\u0259libl\u0259r\u201d, &#8211; m\u0259lumatda deyilir.<\/p>\n<p>Dodds bildirib ki, iqlim d\u0259yi\u015fikliyinin t\u0259sirl\u0259rin\u0259 dayan\u0131ql\u0131l\u0131q yaratmaq \u00fc\u00e7\u00fcn t\u0259cili olaraq \u0259lav\u0259 t\u0259dbirl\u0259r\u0259 ehtiyac var: \u201cBiz iqlim b\u00f6hran\u0131n\u0131n getdikc\u0259 daha \u00e7ox da\u011f\u0131d\u0131c\u0131 t\u0259sirl\u0259rin\u0259 tab g\u0259tir\u0259 bil\u0259c\u0259k qlobal iqtisadiyyat v\u0259 infrastruktur qurmal\u0131y\u0131q. Bu, \u00f6z\u0259l maliyy\u0259l\u0259\u015fdirm\u0259ni a\u00e7maq v\u0259 laz\u0131m olan 387 milyard dollara \u00e7atmaq \u00fc\u00e7\u00fcn b\u00fct\u00fcn qlobal maliyy\u0259 sisteminin diqq\u0259tini t\u0259l\u0259b ed\u0259c\u0259k\u201d.<\/p>\n<p>\u201cBizim m\u00fczakir\u0259l\u0259rimiz COP29-un iqlimin maliyy\u0259l\u0259\u015fdirilm\u0259sin\u0259 diqq\u0259tinin \u0259sas\u0131n\u0131 qoyur v\u0259 birlikd\u0259 bu problemin miqyas\u0131na cavab ver\u0259 bil\u0259c\u0259yimiz\u0259 inam yarad\u0131r\u201d, &#8211; o \u0259lav\u0259 edib.<\/p>\n<p>Ekologiya naziri Stiv Ridin s\u0259drliyi il\u0259 plastik \u00e7irkl\u0259nm\u0259 il\u0259 ba\u011fl\u0131 m\u00fcqavil\u0259y\u0259 dair d\u0259yirmi masada apar\u0131c\u0131 m\u00fc\u0259ssis\u0259l\u0259rin, ticar\u0259t \u015firk\u0259tl\u0259rinin v\u0259 maliyy\u0259 institutlar\u0131n\u0131n r\u0259hb\u0259rl\u0259ri noyabr\u0131n sonlar\u0131nda Pusanda ke\u00e7iril\u0259c\u0259k BMT dan\u0131\u015f\u0131qlar\u0131nda plastik \u00e7irkl\u0259nm\u0259y\u0259 dair iddial\u0131, h\u00fcquqi c\u0259h\u0259td\u0259n icbari olan sazi\u015fin raz\u0131la\u015fd\u0131r\u0131lmas\u0131n\u0131n vacibliyini m\u00fczakir\u0259 edibl\u0259r v\u0259 2040-c\u0131 il\u0259 q\u0259d\u0259r plastik \u00e7irkl\u0259nm\u0259y\u0259 son qoyma\u011fa \u00e7a\u011f\u0131ran b\u0259yanat imzalay\u0131blar.\/\/Report<\/p>\n","protected":false},"excerpt":{"rendered":"<p>COP s\u0259drl\u0259rinin (Birl\u0259\u015fmi\u015f \u018fr\u0259b \u018fmirlikl\u0259ri, Az\u0259rbaycan v\u0259 Braziliya) h\u00f6kum\u0259tl\u0259rinin n\u00fcmay\u0259nd\u0259l\u0259ri, s\u0259firl\u0259r, \u015firk\u0259t r\u0259hb\u0259rl\u0259ri, sah\u0259 ekspertl\u0259ri noyabr\u0131n 11-d\u0259 i\u015fin\u0259 ba\u015flayacaq COP29 iqlim konfrans\u0131 \u0259r\u0259f\u0259sind\u0259 s\u0259yl\u0259ri birl\u0259\u015fdirm\u0259k \u00fc\u00e7\u00fcn bu h\u0259ft\u0259 B\u00f6y\u00fck Britaniya h\u00f6kum\u0259ti t\u0259r\u0259find\u0259n t\u0259\u015fkil edilmi\u015f m\u00fczakir\u0259l\u0259rd\u0259 i\u015ftirak edibl\u0259r. G\u00f6r\u00fc\u015f\u0259 B\u00f6y\u00fck Britaniya h\u00f6kum\u0259tinin nazirl\u0259ri &#8211; energetika naziri Ed Milibend, inki\u015faf naziri Anneliz Dodds v\u0259 ekologiya naziri Stiv Rid r\u0259hb\u0259rlik edibl\u0259r. \u00dc\u00e7 d\u0259yirmi masa b\u0259rpa olunan enerjiy\u0259 ke\u00e7idin maliyy\u0259l\u0259\u015fdirilm\u0259sin\u0259, iqlim d\u0259yi\u015fk\u0259nliyin\u0259 dayan\u0131ql\u0131l\u0131\u011fa s\u0259rmay\u0259 yat\u0131r\u0131lmas\u0131n\u0131n s\u00fcr\u0259tl\u0259ndirilm\u0259sin\u0259 v\u0259 plastik \u00e7irkl\u0259nm\u0259y\u0259 son qoymaq \u00fczr\u0259 qlobal raz\u0131la\u015fmaya h\u0259sr olunub. \u201cG\u00f6r\u00fc\u015fl\u0259r B\u00f6y\u00fck Britaniyan\u0131n \u00f6z\u0259l sektordan v\u0259 maliyy\u0259 institutlar\u0131ndan&hellip;<\/p>\n","protected":false},"author":2,"featured_media":767508,"comment_status":"closed","ping_status":"closed","sticky":false,"template":"","format":"standard","meta":{"om_disable_all_campaigns":false,"_monsterinsights_skip_tracking":false,"_monsterinsights_sitenote_active":false,"_monsterinsights_sitenote_note":"","_monsterinsights_sitenote_category":0},"categories":[7],"tags":[],"aioseo_notices":[],"gutentor_comment":0,"rttpg_featured_image_url":{"full":["https:\/\/arantv.az\/wp-content\/uploads\/2024\/11\/a0ba0df27bfaa5d360172ccd05c37697.jpg",850,500,false],"landscape":["https:\/\/arantv.az\/wp-content\/uploads\/2024\/11\/a0ba0df27bfaa5d360172ccd05c37697.jpg",850,500,false],"portraits":["https:\/\/arantv.az\/wp-content\/uploads\/2024\/11\/a0ba0df27bfaa5d360172ccd05c37697.jpg",850,500,false],"thumbnail":["https:\/\/arantv.az\/wp-content\/uploads\/2024\/11\/a0ba0df27bfaa5d360172ccd05c37697-500x280.jpg",500,280,true],"medium":["https:\/\/arantv.az\/wp-content\/uploads\/2024\/11\/a0ba0df27bfaa5d360172ccd05c37697-621x365.jpg",621,365,true],"large":["https:\/\/arantv.az\/wp-content\/uploads\/2024\/11\/a0ba0df27bfaa5d360172ccd05c37697-840x494.jpg",640,376,true],"1536x1536":["https:\/\/arantv.az\/wp-content\/uploads\/2024\/11\/a0ba0df27bfaa5d360172ccd05c37697.jpg",850,500,false],"2048x2048":["https:\/\/arantv.az\/wp-content\/uploads\/2024\/11\/a0ba0df27bfaa5d360172ccd05c37697.jpg",850,500,false],"post-thumbnail":["https:\/\/arantv.az\/wp-content\/uploads\/2024\/11\/a0ba0df27bfaa5d360172ccd05c37697-240x172.jpg",240,172,true],"advps-thumb-one":["https:\/\/arantv.az\/wp-content\/uploads\/2024\/11\/a0ba0df27bfaa5d360172ccd05c37697.jpg",850,500,false]},"rttpg_author":{"display_name":"V\u00fcsal Rafiqo\u011flu","author_link":"https:\/\/arantv.az\/?author=2"},"rttpg_comment":0,"rttpg_category":"<a href=\"https:\/\/arantv.az\/?cat=7\" rel=\"category\">D\u00fcnya<\/a>","rttpg_excerpt":"COP s\u0259drl\u0259rinin (Birl\u0259\u015fmi\u015f \u018fr\u0259b \u018fmirlikl\u0259ri, Az\u0259rbaycan v\u0259 Braziliya) h\u00f6kum\u0259tl\u0259rinin n\u00fcmay\u0259nd\u0259l\u0259ri, s\u0259firl\u0259r, \u015firk\u0259t r\u0259hb\u0259rl\u0259ri, sah\u0259 ekspertl\u0259ri noyabr\u0131n 11-d\u0259 i\u015fin\u0259 ba\u015flayacaq COP29 iqlim konfrans\u0131 \u0259r\u0259f\u0259sind\u0259 s\u0259yl\u0259ri birl\u0259\u015fdirm\u0259k \u00fc\u00e7\u00fcn bu h\u0259ft\u0259 B\u00f6y\u00fck Britaniya h\u00f6kum\u0259ti t\u0259r\u0259find\u0259n t\u0259\u015fkil edilmi\u015f m\u00fczakir\u0259l\u0259rd\u0259 i\u015ftirak edibl\u0259r. G\u00f6r\u00fc\u015f\u0259 B\u00f6y\u00fck Britaniya h\u00f6kum\u0259tinin nazirl\u0259ri &#8211; energetika naziri Ed Milibend, inki\u015faf naziri Anneliz Dodds v\u0259 ekologiya naziri Stiv&hellip;","_links":{"self":[{"href":"https:\/\/arantv.az\/index.php?rest_route=\/wp\/v2\/posts\/767507"}],"collection":[{"href":"https:\/\/arantv.az\/index.php?rest_route=\/wp\/v2\/posts"}],"about":[{"href":"https:\/\/arantv.az\/index.php?rest_route=\/wp\/v2\/types\/post"}],"author":[{"embeddable":true,"href":"https:\/\/arantv.az\/index.php?rest_route=\/wp\/v2\/users\/2"}],"replies":[{"embeddable":true,"href":"https:\/\/arantv.az\/index.php?rest_route=%2Fwp%2Fv2%2Fcomments&post=767507"}],"version-history":[{"count":2,"href":"https:\/\/arantv.az\/index.php?rest_route=\/wp\/v2\/posts\/767507\/revisions"}],"predecessor-version":[{"id":767510,"href":"https:\/\/arantv.az\/index.php?rest_route=\/wp\/v2\/posts\/767507\/revisions\/767510"}],"wp:featuredmedia":[{"embeddable":true,"href":"https:\/\/arantv.az\/index.php?rest_route=\/wp\/v2\/media\/767508"}],"wp:attachment":[{"href":"https:\/\/arantv.az\/index.php?rest_route=%2Fwp%2Fv2%2Fmedia&parent=767507"}],"wp:term":[{"taxonomy":"category","embeddable":true,"href":"https:\/\/arantv.az\/index.php?rest_route=%2Fwp%2Fv2%2Fcategories&post=767507"},{"taxonomy":"post_tag","embeddable":true,"href":"https:\/\/arantv.az\/index.php?rest_route=%2Fwp%2Fv2%2Ftags&post=767507"}],"curies":[{"name":"wp","href":"https:\/\/api.w.org\/{rel}","templated":true}]}}