{"id":767580,"date":"2024-11-09T20:18:25","date_gmt":"2024-11-09T16:18:25","guid":{"rendered":"https:\/\/arantv.az\/?p=767580"},"modified":"2024-11-09T20:18:25","modified_gmt":"2024-11-09T16:18:25","slug":"mudafi%c9%99-naziri-pakistana-bassagligi-verdi","status":"publish","type":"post","link":"https:\/\/arantv.az\/?p=767580","title":{"rendered":"M\u00fcdafi\u0259 naziri Pakistana ba\u015fsa\u011fl\u0131\u011f\u0131 verdi"},"content":{"rendered":"<p><strong>Az\u0259rbaycan\u0131n m\u00fcdafi\u0259 naziri general-polkovnik Zakir H\u0259s\u0259nov Pakistan \u0130slam Respublikas\u0131 Birl\u0259\u015fmi\u015f Q\u0259rargah R\u0259isl\u0259ri Komit\u0259sinin s\u0259dri general Sahir \u015eam\u015fad Mirzaya ba\u015fsa\u011fl\u0131\u011f\u0131 \u00fcnvanlay\u0131b.<\/strong><\/p>\n<p>Bu bar\u0259d\u0259\u00a0<strong>Musavat.com<\/strong>-a M\u00fcdafi\u0259 Nazirliyind\u0259n bildirilib.<\/p>\n<p>Ba\u015fsa\u011fl\u0131\u011f\u0131nda deyilir: &#8220;Pakistan\u0131n B\u0259lucistan \u0259yal\u0259tind\u0259 yerl\u0259\u015f\u0259n Kvetta \u015f\u0259h\u0259rind\u0259 d\u0259miryol stansiyas\u0131n\u0131n yax\u0131nl\u0131\u011f\u0131nda ba\u015f ver\u0259n terror akt\u0131 n\u0259tic\u0259sind\u0259 h\u0259lak olan v\u0259 yaralananlarla ba\u011fl\u0131 x\u0259b\u0259r m\u0259ni h\u0259dsiz k\u0259d\u0259rl\u0259ndirdi.<\/p>\n<p>Biz terrorun b\u00fct\u00fcn n\u00f6v t\u0259zah\u00fcrl\u0259rini q\u0259tiyy\u0259tl\u0259 q\u0131nay\u0131r\u0131q.<\/p>\n<p>Ba\u015f vermi\u015f partlay\u0131\u015f n\u0259tic\u0259sind\u0259 h\u0259lak olanlara r\u0259hm\u0259t dil\u0259yir, onlar\u0131n yax\u0131nlar\u0131n\u0131n d\u0259rdl\u0259rin\u0259 \u015f\u0259rik olur, ail\u0259l\u0259rin\u0259 d\u0259rin h\u00fcznl\u0259 ba\u015fsa\u011fl\u0131\u011f\u0131 verir, Allahdan b\u00fct\u00fcn yaral\u0131lara \u015f\u0259fa dil\u0259yir\u0259m.<\/p>\n<p>Allah r\u0259hm\u0259t el\u0259sin&#8221;.<\/p>\n","protected":false},"excerpt":{"rendered":"<p>Az\u0259rbaycan\u0131n m\u00fcdafi\u0259 naziri general-polkovnik Zakir H\u0259s\u0259nov Pakistan \u0130slam Respublikas\u0131 Birl\u0259\u015fmi\u015f Q\u0259rargah R\u0259isl\u0259ri Komit\u0259sinin s\u0259dri general Sahir \u015eam\u015fad Mirzaya ba\u015fsa\u011fl\u0131\u011f\u0131 \u00fcnvanlay\u0131b. Bu bar\u0259d\u0259\u00a0Musavat.com-a M\u00fcdafi\u0259 Nazirliyind\u0259n bildirilib. Ba\u015fsa\u011fl\u0131\u011f\u0131nda deyilir: &#8220;Pakistan\u0131n B\u0259lucistan \u0259yal\u0259tind\u0259 yerl\u0259\u015f\u0259n Kvetta \u015f\u0259h\u0259rind\u0259 d\u0259miryol stansiyas\u0131n\u0131n yax\u0131nl\u0131\u011f\u0131nda ba\u015f ver\u0259n terror akt\u0131 n\u0259tic\u0259sind\u0259 h\u0259lak olan v\u0259 yaralananlarla ba\u011fl\u0131 x\u0259b\u0259r m\u0259ni h\u0259dsiz k\u0259d\u0259rl\u0259ndirdi. Biz terrorun b\u00fct\u00fcn n\u00f6v t\u0259zah\u00fcrl\u0259rini q\u0259tiyy\u0259tl\u0259 q\u0131nay\u0131r\u0131q. Ba\u015f vermi\u015f partlay\u0131\u015f n\u0259tic\u0259sind\u0259 h\u0259lak olanlara r\u0259hm\u0259t dil\u0259yir, onlar\u0131n yax\u0131nlar\u0131n\u0131n d\u0259rdl\u0259rin\u0259 \u015f\u0259rik olur, ail\u0259l\u0259rin\u0259 d\u0259rin h\u00fcznl\u0259 ba\u015fsa\u011fl\u0131\u011f\u0131 verir, Allahdan b\u00fct\u00fcn yaral\u0131lara \u015f\u0259fa dil\u0259yir\u0259m. Allah r\u0259hm\u0259t el\u0259sin&#8221;.<\/p>\n","protected":false},"author":2,"featured_media":767581,"comment_status":"closed","ping_status":"closed","sticky":false,"template":"","format":"standard","meta":{"om_disable_all_campaigns":false,"_monsterinsights_skip_tracking":false,"_monsterinsights_sitenote_active":false,"_monsterinsights_sitenote_note":"","_monsterinsights_sitenote_category":0},"categories":[10],"tags":[],"aioseo_notices":[],"gutentor_comment":0,"rttpg_featured_image_url":{"full":["https:\/\/arantv.az\/wp-content\/uploads\/2024\/11\/1d7a337ce89355856b7bb3a8ec242d7b.jpg",850,500,false],"landscape":["https:\/\/arantv.az\/wp-content\/uploads\/2024\/11\/1d7a337ce89355856b7bb3a8ec242d7b.jpg",850,500,false],"portraits":["https:\/\/arantv.az\/wp-content\/uploads\/2024\/11\/1d7a337ce89355856b7bb3a8ec242d7b.jpg",850,500,false],"thumbnail":["https:\/\/arantv.az\/wp-content\/uploads\/2024\/11\/1d7a337ce89355856b7bb3a8ec242d7b-500x280.jpg",500,280,true],"medium":["https:\/\/arantv.az\/wp-content\/uploads\/2024\/11\/1d7a337ce89355856b7bb3a8ec242d7b-621x365.jpg",621,365,true],"large":["https:\/\/arantv.az\/wp-content\/uploads\/2024\/11\/1d7a337ce89355856b7bb3a8ec242d7b-840x494.jpg",640,376,true],"1536x1536":["https:\/\/arantv.az\/wp-content\/uploads\/2024\/11\/1d7a337ce89355856b7bb3a8ec242d7b.jpg",850,500,false],"2048x2048":["https:\/\/arantv.az\/wp-content\/uploads\/2024\/11\/1d7a337ce89355856b7bb3a8ec242d7b.jpg",850,500,false],"post-thumbnail":["https:\/\/arantv.az\/wp-content\/uploads\/2024\/11\/1d7a337ce89355856b7bb3a8ec242d7b-240x172.jpg",240,172,true],"advps-thumb-one":["https:\/\/arantv.az\/wp-content\/uploads\/2024\/11\/1d7a337ce89355856b7bb3a8ec242d7b.jpg",850,500,false]},"rttpg_author":{"display_name":"V\u00fcsal Rafiqo\u011flu","author_link":"https:\/\/arantv.az\/?author=2"},"rttpg_comment":0,"rttpg_category":"<a href=\"https:\/\/arantv.az\/?cat=10\" rel=\"category\">C\u0259bh\u0259d\u0259n X\u0259b\u0259r<\/a>","rttpg_excerpt":"Az\u0259rbaycan\u0131n m\u00fcdafi\u0259 naziri general-polkovnik Zakir H\u0259s\u0259nov Pakistan \u0130slam Respublikas\u0131 Birl\u0259\u015fmi\u015f Q\u0259rargah R\u0259isl\u0259ri Komit\u0259sinin s\u0259dri general Sahir \u015eam\u015fad Mirzaya ba\u015fsa\u011fl\u0131\u011f\u0131 \u00fcnvanlay\u0131b. Bu bar\u0259d\u0259\u00a0Musavat.com-a M\u00fcdafi\u0259 Nazirliyind\u0259n bildirilib. Ba\u015fsa\u011fl\u0131\u011f\u0131nda deyilir: &#8220;Pakistan\u0131n B\u0259lucistan \u0259yal\u0259tind\u0259 yerl\u0259\u015f\u0259n Kvetta \u015f\u0259h\u0259rind\u0259 d\u0259miryol stansiyas\u0131n\u0131n yax\u0131nl\u0131\u011f\u0131nda ba\u015f ver\u0259n terror akt\u0131 n\u0259tic\u0259sind\u0259 h\u0259lak olan v\u0259 yaralananlarla ba\u011fl\u0131 x\u0259b\u0259r m\u0259ni h\u0259dsiz k\u0259d\u0259rl\u0259ndirdi. Biz terrorun b\u00fct\u00fcn n\u00f6v t\u0259zah\u00fcrl\u0259rini&hellip;","_links":{"self":[{"href":"https:\/\/arantv.az\/index.php?rest_route=\/wp\/v2\/posts\/767580"}],"collection":[{"href":"https:\/\/arantv.az\/index.php?rest_route=\/wp\/v2\/posts"}],"about":[{"href":"https:\/\/arantv.az\/index.php?rest_route=\/wp\/v2\/types\/post"}],"author":[{"embeddable":true,"href":"https:\/\/arantv.az\/index.php?rest_route=\/wp\/v2\/users\/2"}],"replies":[{"embeddable":true,"href":"https:\/\/arantv.az\/index.php?rest_route=%2Fwp%2Fv2%2Fcomments&post=767580"}],"version-history":[{"count":1,"href":"https:\/\/arantv.az\/index.php?rest_route=\/wp\/v2\/posts\/767580\/revisions"}],"predecessor-version":[{"id":767582,"href":"https:\/\/arantv.az\/index.php?rest_route=\/wp\/v2\/posts\/767580\/revisions\/767582"}],"wp:featuredmedia":[{"embeddable":true,"href":"https:\/\/arantv.az\/index.php?rest_route=\/wp\/v2\/media\/767581"}],"wp:attachment":[{"href":"https:\/\/arantv.az\/index.php?rest_route=%2Fwp%2Fv2%2Fmedia&parent=767580"}],"wp:term":[{"taxonomy":"category","embeddable":true,"href":"https:\/\/arantv.az\/index.php?rest_route=%2Fwp%2Fv2%2Fcategories&post=767580"},{"taxonomy":"post_tag","embeddable":true,"href":"https:\/\/arantv.az\/index.php?rest_route=%2Fwp%2Fv2%2Ftags&post=767580"}],"curies":[{"name":"wp","href":"https:\/\/api.w.org\/{rel}","templated":true}]}}