{"id":767589,"date":"2024-11-09T20:21:57","date_gmt":"2024-11-09T16:21:57","guid":{"rendered":"https:\/\/arantv.az\/?p=767589"},"modified":"2024-11-09T20:21:57","modified_gmt":"2024-11-09T16:21:57","slug":"bayragimiz-qururumuzdur-s%c9%99rh","status":"publish","type":"post","link":"https:\/\/arantv.az\/?p=767589","title":{"rendered":"Bayra\u011f\u0131m\u0131z q\u00fcrurumuzdur &#8211; \u015e\u018fRH"},"content":{"rendered":"<p>Az\u0259rbaycan Prezidenti \u0130lham \u018fliyevin 2009-cu il noyabr\u0131n 17-d\u0259 imzalad\u0131\u011f\u0131 S\u0259r\u0259ncamla h\u0259r il noyabr\u0131n 9-u \u00f6lk\u0259d\u0259 D\u00f6vl\u0259t Bayra\u011f\u0131 G\u00fcn\u00fc kimi qeyd edilir. Bu, Az\u0259rbaycan d\u00f6vl\u0259tinin r\u0259mzin\u0259 h\u00f6rm\u0259t v\u0259 ehtiram\u0131n bariz n\u00fcmun\u0259sidir. D\u00f6vl\u0259t Bayra\u011f\u0131 G\u00fcn\u00fcn\u00fcn qeyd olunmas\u0131 Az\u0259rbaycan Xalq C\u00fcmhuriyy\u0259tinin tarixi il\u0259 ba\u011fl\u0131d\u0131r. Az\u0259rbaycan Xalq C\u00fcmhuriyy\u0259tinin \u00fc\u00e7r\u0259ngli D\u00f6vl\u0259t Bayra\u011f\u0131 ilk d\u0259f\u0259 1918-ci il noyabr\u0131n 9-da Bak\u0131da, h\u00f6kum\u0259tin iclas\u0131nda q\u0259bul edilib v\u0259 iclas\u0131n ke\u00e7irildiyi Az\u0259rbaycan Xalq C\u00fcmhuriyy\u0259ti Nazirl\u0259r \u015euras\u0131n\u0131n binas\u0131 \u00fcz\u0259rind\u0259 qald\u0131r\u0131l\u0131b v\u0259 1920-ci ilin aprel ay\u0131nad\u0259k d\u00f6vl\u0259t statusuna malik olub.<\/p>\n<p>Bunu\u00a0<a class=\"azertac-link\" href=\"https:\/\/azertag.az\/\" target=\"_blank\" rel=\"noopener\">AZ\u018fRTAC<\/a>-a D\u00f6vl\u0259t Bayra\u011f\u0131 G\u00fcn\u00fc il\u0259 \u0259laq\u0259dar fikirl\u0259rini a\u00e7\u0131qlayan Demokratiya v\u0259 \u0130nsan H\u00fcquqlar\u0131 Komit\u0259sinin s\u0259dri, h\u00fcquq \u00fczr\u0259 f\u0259ls\u0259f\u0259 doktoru \u00c7ingiz Q\u0259nizad\u0259 bildirib.<\/p>\n<p>Komit\u0259 s\u0259dri bayra\u011f\u0131m\u0131z\u0131n r\u0259ngl\u0259rinin m\u00fcxt\u0259lif m\u0259nalar k\u0259sb etdiyini dey\u0259r\u0259k bildirib ki, bu r\u0259ngl\u0259r istiqlal ideologiyan\u0131n \u00fc\u00e7 t\u0259m\u0259l prinsipini \u00f6z\u00fcnd\u0259 ehtiva edir. D\u00f6vl\u0259t Bayra\u011f\u0131ndak\u0131 \u00fc\u00e7 r\u0259ngin ifad\u0259 etdiyi v\u0259 XX \u0259srin \u0259vv\u0259ll\u0259rind\u0259ki milli istiqlal ideologiyam\u0131z\u0131n \u00fc\u00e7 t\u0259m\u0259l prinsipini t\u0259\u015fkil ed\u0259n \u201cT\u00fcrk\u00e7\u00fcl\u00fck, m\u00fcasirlik v\u0259 islam\u00e7\u0131l\u0131q\u201d d\u00fcsturunun m\u00fc\u0259llifi g\u00f6rk\u0259mli Az\u0259rbaycan m\u00fct\u0259f\u0259kkiri \u018fli B\u0259y H\u00fcseynzad\u0259dir. \u00dc\u00e7r\u0259ngli bayra\u011f\u0131m\u0131z bizim azadl\u0131q m\u0259fkur\u0259sin\u0259, milli-m\u0259n\u0259vi d\u0259y\u0259rl\u0259r\u0259 v\u0259 \u00fcmumb\u0259\u015f\u0259ri ideallara sadiqliyimizi n\u00fcmayi\u015f etdirir. Tan\u0131nm\u0131\u015f h\u00fcquq\u015f\u00fcnas deyib ki, Az\u0259rbaycan Xalq C\u00fcmhuriyy\u0259tinin \u00fc\u00e7r\u0259ngli D\u00f6vl\u0259t Bayra\u011f\u0131 1990-c\u0131 il noyabr\u0131n 17-d\u0259 Nax\u00e7\u0131van Muxtar Respublikas\u0131 Ali M\u0259clisinin S\u0259dri, \u00dcmummilli lideri Heyd\u0259r \u018fliyevin t\u0259\u015f\u0259bb\u00fcs\u00fc v\u0259 r\u0259hb\u0259rliyi il\u0259 ke\u00e7iril\u0259n sessiyada Nax\u00e7\u0131van Muxtar Respublikas\u0131n\u0131n D\u00f6vl\u0259t Bayra\u011f\u0131 olaraq t\u0259sdiq edilmi\u015fdir. Ulu \u00d6nd\u0259r D\u00f6vl\u0259t Bayra\u011f\u0131m\u0131z\u0131n m\u00fcst\u0259qilliyimizin r\u0259mzi oldu\u011funu bildir\u0259r\u0259k demi\u015fdir: \u201cAz\u0259rbaycan Bayra\u011f\u0131, sad\u0259c\u0259, bayraq deyil. O, bizim d\u00f6vl\u0259t\u00e7iliyimizin, m\u00fcst\u0259qilliyimizin r\u0259mzidir. Bu, bizim m\u00fcst\u0259qil d\u00f6vl\u0259timizin r\u0259mzidir. Ona g\u00f6r\u0259 d\u0259 g\u0259r\u0259k h\u0259r bir Az\u0259rbaycan v\u0259t\u0259nda\u015f\u0131, x\u00fcsus\u0259n g\u0259nc n\u0259sil bunu d\u0259rk etsin, qiym\u0259tl\u0259ndirsin.\u201d<\/p>\n<p><img src=\"https:\/\/azertag.az\/store\/manual\/2024_11_09_672ee86877390.jpg\" alt=\"\" width=\"600\" \/><\/p>\n<p>H\u00fcquq m\u00fcdafi\u0259\u00e7isi 1990-c\u0131 il noyabr\u0131n 17-d\u0259 Heyd\u0259r \u018fliyevin S\u0259drlik etdiyi Nax\u00e7\u0131van Muxtar Respublikas\u0131 Ali Sovetinin sessiyas\u0131nda ilk d\u0259f\u0259 1918-ci ild\u0259 Az\u0259rbaycan Xalq C\u00fcmhuriyy\u0259ti t\u0259r\u0259find\u0259n q\u0259bul olunmu\u015f Az\u0259rbaycan Milli Bayra\u011f\u0131n\u0131n qald\u0131r\u0131ld\u0131\u011f\u0131n\u0131 diqq\u0259t\u0259 \u00e7atd\u0131raraq deyib ki, bununla da bir d\u00f6vl\u0259t kimi Nax\u00e7\u0131van Muxtar Respublikas\u0131n\u0131n d\u00f6vl\u0259t atributlar\u0131 m\u00fc\u0259yy\u0259n edildi: \u201cH\u0259l\u0259 Kommunist Partiyas\u0131 v\u0259 Sovet hakimiyy\u0259ti d\u00f6vr\u00fcnd\u0259 Nax\u00e7\u0131van Muxtar Respublikas\u0131n\u0131n ad\u0131ndan \u201cSovet Sosialist\u201d s\u00f6zl\u0259rinin \u00e7\u0131xar\u0131lmas\u0131 bar\u0259d\u0259 q\u0259rar q\u0259bul edildi. Milli d\u00f6vl\u0259t\u00e7ilik \u0259n\u0259n\u0259l\u0259rinin inki\u015faf\u0131na xidm\u0259t etmi\u015f Ulu \u00d6nd\u0259r Heyd\u0259r \u018fliyevin t\u0259\u015f\u0259bb\u00fcs\u00fc il\u0259 Nax\u00e7\u0131van Muxtar Respublikas\u0131n\u0131n Ali M\u0259clisi Az\u0259rbaycan SSR Ali Soveti qar\u015f\u0131s\u0131nda \u00fc\u00e7r\u0259ngli bayra\u011f\u0131n Az\u0259rbaycan\u0131n r\u0259smi d\u00f6vl\u0259t r\u0259mzi kimi tan\u0131nmas\u0131 haqq\u0131nda v\u0259sat\u0259t qald\u0131rm\u0131\u015fd\u0131r. 1991-ci il fevral ay\u0131n\u0131n 5-d\u0259 h\u0259min v\u0259sat\u0259t\u0259 bax\u0131lm\u0131\u015f v\u0259 Az\u0259rbaycan Respublikas\u0131n\u0131n Ali Soveti \u201cAz\u0259rbaycan Respublikas\u0131n\u0131n D\u00f6vl\u0259t Bayra\u011f\u0131 haqq\u0131nda\u201d Qanun q\u0259bul ed\u0259r\u0259k onu yenid\u0259n D\u00f6vl\u0259t Bayra\u011f\u0131 elan etmi\u015fdir\u201d.<\/p>\n<p>\u00c7.Q\u0259nizad\u0259 Ulu \u00d6nd\u0259r Heyd\u0259r \u018fliyevin Nax\u00e7\u0131van MR Ali M\u0259clisinin D\u00f6vl\u0259t Bayra\u011f\u0131 il\u0259 \u0259laq\u0259dar q\u0259bul etdiyi q\u0259rar\u0131 xat\u0131rladaraq deyib ki, Nax\u00e7\u0131van MR Ali M\u0259clisinin q\u0259bul etdiyi q\u0259rarlar Az\u0259rbaycan Respublikas\u0131n\u0131n i\u015fin\u0259 \u00e7ox t\u0259sir etdi v\u0259 Az\u0259rbaycan r\u0259hb\u0259rliyi bir ne\u00e7\u0259 bel\u0259 q\u0259rar\u0131n q\u0259bul edilm\u0259sind\u0259 m\u0259cburiyy\u0259t qar\u015f\u0131s\u0131nda qald\u0131. Nax\u00e7\u0131van Muxtar Respublikas\u0131n\u0131n \u00fcz\u0259rind\u0259 bu bayraq 1990-c\u0131 il noyabr\u0131n 17-d\u0259, Az\u0259rbaycan Respublikas\u0131nda is\u0259 1991-ci il fevral\u0131n 5-d\u0259 dal\u011faland\u0131. 1991-ci il oktyabr\u0131n 18-d\u0259 \u201cAz\u0259rbaycan Respublikas\u0131n\u0131n d\u00f6vl\u0259t m\u00fcst\u0259qilliyi haqq\u0131nda\u201d Konstitusiya Akt\u0131 il\u0259 Az\u0259rbaycan Respublikas\u0131 Az\u0259rbaycan Xalq C\u00fcmhuriyy\u0259tinin varisi kimi onun d\u00f6vl\u0259t r\u0259mzl\u0259rini, o c\u00fcml\u0259d\u0259n D\u00f6vl\u0259t Bayra\u011f\u0131n\u0131 b\u0259rpa etmi\u015fdir. Az\u0259rbaycan Respublikas\u0131n\u0131n D\u00f6vl\u0259t Bayra\u011f\u0131 Az\u0259rbaycan v\u0259t\u0259nda\u015flar\u0131n\u0131n milli h\u0259mr\u0259yliyinin, vahid m\u0259fkur\u0259 \u0259traf\u0131nda s\u0131x birl\u0259\u015fm\u0259sinin ba\u015fl\u0131ca amill\u0259rind\u0259n biridir. \u018fn m\u00fcq\u0259dd\u0259s r\u0259mzl\u0259rd\u0259n olan bayraq mill\u0259tin varl\u0131\u011f\u0131n\u0131n, m\u00f6vcudlu\u011funun s\u00fcbutu, m\u00fcst\u0259qil d\u00f6vl\u0259t\u0259 sahib \u00e7\u0131xmaq bacar\u0131\u011f\u0131n\u0131n \u0259sas g\u00f6st\u0259ricisidir.<\/p>\n<p>\u201cQalibiyy\u0259t r\u0259mzi olan \u00fc\u00e7r\u0259ngli bayra\u011f\u0131m\u0131z\u0131n bu g\u00fcn i\u015f\u011faldan azad edilmi\u015f b\u00fct\u00fcn \u0259razil\u0259rimizd\u0259 dal\u011falanmas\u0131 q\u00fcrurumuzun, milli kimliyimizin, sabaha do\u011fru inaml\u0131 add\u0131mlar\u0131m\u0131z\u0131n \u0259sas\u0131d\u0131r. D\u00f6vl\u0259t ba\u015f\u00e7\u0131s\u0131, M\u00fcz\u0259ff\u0259r Ali Ba\u015f Komandan \u0130lham \u018fliyevin tarixi Z\u0259f\u0259rimizd\u0259n d\u0259rhal sonra i\u015f\u011faldan azad edilmi\u015f \u0259razil\u0259rimiz\u0259 ilk s\u0259f\u0259rl\u0259ri zaman\u0131 h\u0259min torpaqlar\u0131m\u0131zda Az\u0259rbaycan Bayra\u011f\u0131n\u0131n ucald\u0131lmas\u0131 il\u0259 tarix\u0259 yaz\u0131ld\u0131\u201d \u2013 dey\u0259 h\u00fcquq\u015f\u00fcnas bildirib.<\/p>\n","protected":false},"excerpt":{"rendered":"<p>Az\u0259rbaycan Prezidenti \u0130lham \u018fliyevin 2009-cu il noyabr\u0131n 17-d\u0259 imzalad\u0131\u011f\u0131 S\u0259r\u0259ncamla h\u0259r il noyabr\u0131n 9-u \u00f6lk\u0259d\u0259 D\u00f6vl\u0259t Bayra\u011f\u0131 G\u00fcn\u00fc kimi qeyd edilir. Bu, Az\u0259rbaycan d\u00f6vl\u0259tinin r\u0259mzin\u0259 h\u00f6rm\u0259t v\u0259 ehtiram\u0131n bariz n\u00fcmun\u0259sidir. D\u00f6vl\u0259t Bayra\u011f\u0131 G\u00fcn\u00fcn\u00fcn qeyd olunmas\u0131 Az\u0259rbaycan Xalq C\u00fcmhuriyy\u0259tinin tarixi il\u0259 ba\u011fl\u0131d\u0131r. Az\u0259rbaycan Xalq C\u00fcmhuriyy\u0259tinin \u00fc\u00e7r\u0259ngli D\u00f6vl\u0259t Bayra\u011f\u0131 ilk d\u0259f\u0259 1918-ci il noyabr\u0131n 9-da Bak\u0131da, h\u00f6kum\u0259tin iclas\u0131nda q\u0259bul edilib v\u0259 iclas\u0131n ke\u00e7irildiyi Az\u0259rbaycan Xalq C\u00fcmhuriyy\u0259ti Nazirl\u0259r \u015euras\u0131n\u0131n binas\u0131 \u00fcz\u0259rind\u0259 qald\u0131r\u0131l\u0131b v\u0259 1920-ci ilin aprel ay\u0131nad\u0259k d\u00f6vl\u0259t statusuna malik olub. Bunu\u00a0AZ\u018fRTAC-a D\u00f6vl\u0259t Bayra\u011f\u0131 G\u00fcn\u00fc il\u0259 \u0259laq\u0259dar fikirl\u0259rini a\u00e7\u0131qlayan Demokratiya v\u0259 \u0130nsan H\u00fcquqlar\u0131&hellip;<\/p>\n","protected":false},"author":2,"featured_media":767590,"comment_status":"closed","ping_status":"closed","sticky":false,"template":"","format":"standard","meta":{"om_disable_all_campaigns":false,"_monsterinsights_skip_tracking":false,"_monsterinsights_sitenote_active":false,"_monsterinsights_sitenote_note":"","_monsterinsights_sitenote_category":0},"categories":[1],"tags":[],"aioseo_notices":[],"gutentor_comment":0,"rttpg_featured_image_url":{"full":["https:\/\/arantv.az\/wp-content\/uploads\/2024\/11\/17311274942779050632_1200x630.jpg",923,630,false],"landscape":["https:\/\/arantv.az\/wp-content\/uploads\/2024\/11\/17311274942779050632_1200x630.jpg",923,630,false],"portraits":["https:\/\/arantv.az\/wp-content\/uploads\/2024\/11\/17311274942779050632_1200x630.jpg",923,630,false],"thumbnail":["https:\/\/arantv.az\/wp-content\/uploads\/2024\/11\/17311274942779050632_1200x630-500x280.jpg",500,280,true],"medium":["https:\/\/arantv.az\/wp-content\/uploads\/2024\/11\/17311274942779050632_1200x630-535x365.jpg",535,365,true],"large":["https:\/\/arantv.az\/wp-content\/uploads\/2024\/11\/17311274942779050632_1200x630-840x573.jpg",640,437,true],"1536x1536":["https:\/\/arantv.az\/wp-content\/uploads\/2024\/11\/17311274942779050632_1200x630.jpg",923,630,false],"2048x2048":["https:\/\/arantv.az\/wp-content\/uploads\/2024\/11\/17311274942779050632_1200x630.jpg",923,630,false],"post-thumbnail":["https:\/\/arantv.az\/wp-content\/uploads\/2024\/11\/17311274942779050632_1200x630-240x172.jpg",240,172,true],"advps-thumb-one":["https:\/\/arantv.az\/wp-content\/uploads\/2024\/11\/17311274942779050632_1200x630-923x620.jpg",923,620,true]},"rttpg_author":{"display_name":"V\u00fcsal Rafiqo\u011flu","author_link":"https:\/\/arantv.az\/?author=2"},"rttpg_comment":0,"rttpg_category":"<a href=\"https:\/\/arantv.az\/?cat=1\" rel=\"category\">C\u0259miyy\u0259t<\/a>","rttpg_excerpt":"Az\u0259rbaycan Prezidenti \u0130lham \u018fliyevin 2009-cu il noyabr\u0131n 17-d\u0259 imzalad\u0131\u011f\u0131 S\u0259r\u0259ncamla h\u0259r il noyabr\u0131n 9-u \u00f6lk\u0259d\u0259 D\u00f6vl\u0259t Bayra\u011f\u0131 G\u00fcn\u00fc kimi qeyd edilir. Bu, Az\u0259rbaycan d\u00f6vl\u0259tinin r\u0259mzin\u0259 h\u00f6rm\u0259t v\u0259 ehtiram\u0131n bariz n\u00fcmun\u0259sidir. D\u00f6vl\u0259t Bayra\u011f\u0131 G\u00fcn\u00fcn\u00fcn qeyd olunmas\u0131 Az\u0259rbaycan Xalq C\u00fcmhuriyy\u0259tinin tarixi il\u0259 ba\u011fl\u0131d\u0131r. Az\u0259rbaycan Xalq C\u00fcmhuriyy\u0259tinin \u00fc\u00e7r\u0259ngli D\u00f6vl\u0259t Bayra\u011f\u0131 ilk d\u0259f\u0259 1918-ci il noyabr\u0131n 9-da Bak\u0131da, h\u00f6kum\u0259tin&hellip;","_links":{"self":[{"href":"https:\/\/arantv.az\/index.php?rest_route=\/wp\/v2\/posts\/767589"}],"collection":[{"href":"https:\/\/arantv.az\/index.php?rest_route=\/wp\/v2\/posts"}],"about":[{"href":"https:\/\/arantv.az\/index.php?rest_route=\/wp\/v2\/types\/post"}],"author":[{"embeddable":true,"href":"https:\/\/arantv.az\/index.php?rest_route=\/wp\/v2\/users\/2"}],"replies":[{"embeddable":true,"href":"https:\/\/arantv.az\/index.php?rest_route=%2Fwp%2Fv2%2Fcomments&post=767589"}],"version-history":[{"count":2,"href":"https:\/\/arantv.az\/index.php?rest_route=\/wp\/v2\/posts\/767589\/revisions"}],"predecessor-version":[{"id":767592,"href":"https:\/\/arantv.az\/index.php?rest_route=\/wp\/v2\/posts\/767589\/revisions\/767592"}],"wp:featuredmedia":[{"embeddable":true,"href":"https:\/\/arantv.az\/index.php?rest_route=\/wp\/v2\/media\/767590"}],"wp:attachment":[{"href":"https:\/\/arantv.az\/index.php?rest_route=%2Fwp%2Fv2%2Fmedia&parent=767589"}],"wp:term":[{"taxonomy":"category","embeddable":true,"href":"https:\/\/arantv.az\/index.php?rest_route=%2Fwp%2Fv2%2Fcategories&post=767589"},{"taxonomy":"post_tag","embeddable":true,"href":"https:\/\/arantv.az\/index.php?rest_route=%2Fwp%2Fv2%2Ftags&post=767589"}],"curies":[{"name":"wp","href":"https:\/\/api.w.org\/{rel}","templated":true}]}}