{"id":767685,"date":"2024-11-10T10:51:35","date_gmt":"2024-11-10T06:51:35","guid":{"rendered":"https:\/\/arantv.az\/?p=767685"},"modified":"2024-11-10T10:51:35","modified_gmt":"2024-11-10T06:51:35","slug":"naxcivan-sazisi-turk-dovl%c9%99tl%c9%99ri-t%c9%99skilatinin-%c9%99sasini-qoydu","status":"publish","type":"post","link":"https:\/\/arantv.az\/?p=767685","title":{"rendered":"Nax\u00e7\u0131van sazi\u015fi T\u00fcrk D\u00f6vl\u0259tl\u0259ri T\u0259\u015fkilat\u0131n\u0131n \u0259sas\u0131n\u0131 qoydu"},"content":{"rendered":"<p><em><strong>Nax\u00e7\u0131van Sazi\u015fi T\u00fcrk D\u00f6vl\u0259tl\u0259ri T\u0259\u015fkilat\u0131n\u0131n (TDT) \u0259sas\u0131n\u0131 qoyan v\u0259 t\u00fcrk d\u00f6vl\u0259tl\u0259ri aras\u0131nda \u0259m\u0259kda\u015fl\u0131\u011f\u0131 daha da g\u00fccl\u0259ndirm\u0259k m\u0259qs\u0259dil\u0259 imzalanan m\u00fch\u00fcm bir s\u0259n\u0259ddir. Bu sazi\u015f 3 oktyabr 2009-cu ild\u0259 Az\u0259rbaycan\u0131n Nax\u00e7\u0131van \u015f\u0259h\u0259rind\u0259 ke\u00e7iril\u0259n T\u00fcrk D\u00f6vl\u0259tl\u0259ri Zirv\u0259 g\u00f6r\u00fc\u015f\u00fcnd\u0259 imzalan\u0131b v\u0259 T\u00fcrk D\u00f6vl\u0259tl\u0259ri T\u0259\u015fkilat\u0131n\u0131n (\u0259vv\u0259lki ad\u0131yla T\u00fcrkdilli D\u00f6vl\u0259tl\u0259rin \u018fm\u0259kda\u015fl\u0131q \u015euras\u0131 &#8211; TD\u018f\u015e) yarad\u0131lmas\u0131n\u0131n h\u00fcquqi t\u0259m\u0259lini qoyub<\/strong><\/em><\/p>\n<p>Nax\u00e7\u0131van Sazi\u015finin m\u0259qs\u0259di t\u00fcrk d\u00f6vl\u0259tl\u0259ri aras\u0131nda siyasi, iqtisadi, m\u0259d\u0259ni v\u0259 dig\u0259r sah\u0259l\u0259rd\u0259 \u0259m\u0259kda\u015fl\u0131\u011f\u0131 g\u00fccl\u0259ndirm\u0259k, ortaq maraqlar \u0259sas\u0131nda birg\u0259 layih\u0259l\u0259r h\u0259yata ke\u00e7irm\u0259k v\u0259 beyn\u0259lxalq arenada daha g\u00fccl\u00fc bir birlik yaratmaqd\u0131r. Bu s\u0259n\u0259d Az\u0259rbaycan, T\u00fcrkiy\u0259, Qazax\u0131stan v\u0259 Q\u0131r\u011f\u0131z\u0131stan liderl\u0259rinin imzalar\u0131 il\u0259 t\u0259sdiql\u0259nib v\u0259 t\u0259\u015fkilat\u0131n \u0259sas prinsipl\u0259ri il\u0259 ba\u011fl\u0131 bir \u00e7\u0259r\u00e7iv\u0259 yarad\u0131b.<\/p>\n<p>Sazi\u015f\u0259 \u0259sas\u0259n, T\u00fcrk D\u00f6vl\u0259tl\u0259ri T\u0259\u015fkilat\u0131 a\u015fa\u011f\u0131dak\u0131 prinsipl\u0259r \u00fcz\u0259rind\u0259 qurulub:<\/p>\n<p>1.Ortaq m\u0259d\u0259ni irsin qorunmas\u0131 v\u0259 t\u0259bli\u011fi: T\u00fcrk d\u00fcnyas\u0131n\u0131n m\u0259d\u0259ni, dil v\u0259 tarixi irsinin qorunmas\u0131 v\u0259 d\u00fcnya miqyas\u0131nda t\u0259bli\u011fi.<br \/>\n2.Regional s\u00fclh v\u0259 t\u0259hl\u00fck\u0259sizlik: Regionda sabitlik v\u0259 t\u0259hl\u00fck\u0259sizliyin t\u0259min olunmas\u0131 \u00fc\u00e7\u00fcn \u0259m\u0259kda\u015fl\u0131q.<\/p>\n<p>3.\u0130qtisadi \u018fm\u0259kda\u015fl\u0131q: Ticar\u0259t, iqtisadiyyat, n\u0259qliyyat, enerji v\u0259 infrastruktur sah\u0259l\u0259rind\u0259 birg\u0259 layih\u0259l\u0259rin h\u0259yata ke\u00e7irilm\u0259si.<\/p>\n<p>4. M\u0259d\u0259ni v\u0259 humanitar \u0259laq\u0259l\u0259r: T\u0259hsil, elm v\u0259 m\u0259d\u0259niyy\u0259t sah\u0259l\u0259rind\u0259 birg\u0259 proqramlar\u0131n t\u0259\u015fkili.<\/p>\n<p>5.Beyn\u0259lxalq \u0259laq\u0259l\u0259rin g\u00fccl\u0259ndirilm\u0259si: T\u00fcrk d\u00f6vl\u0259tl\u0259rinin beyn\u0259lxalq t\u0259\u015fkilatlar qar\u015f\u0131s\u0131nda birg\u0259 f\u0259aliyy\u0259t g\u00f6st\u0259rm\u0259si&#8230;<\/p>\n<p>Prezident \u0130lham \u018fliyev noyabr\u0131n 6-da Bi\u015fkekd\u0259 ke\u00e7iril\u0259n T\u00fcrk D\u00f6vl\u0259tl\u0259ri T\u0259\u015fkilat\u0131 D\u00f6vl\u0259t Ba\u015f\u00e7\u0131lar\u0131n\u0131n 11-ci Zirv\u0259 g\u00f6r\u00fc\u015f\u00fcnd\u0259 \u00e7\u0131x\u0131\u015f ed\u0259r\u0259k m\u00fch\u00fcm a\u00e7\u0131qlamalar verdi. Nax\u00e7\u0131van Sazi\u015fi\u00a0haqq\u0131nda dan\u0131\u015fan d\u00f6vl\u0259t ba\u015f\u00e7\u0131s\u0131 qeyd etdi ki, bu sazi\u015f\u00a0T\u00fcrk D\u00f6vl\u0259tl\u0259ri T\u0259\u015fkilat\u0131n\u0131n \u0259sas\u0131n\u0131 qoydu:\u201dBu il T\u00fcrk D\u00f6vl\u0259tl\u0259ri T\u0259\u015fkilat\u0131n\u0131n \u0259sas\u0131n\u0131 qoymu\u015f Nax\u00e7\u0131van Sazi\u015finin 15-ci ild\u00f6n\u00fcm\u00fcd\u00fcr. TDT bu d\u00f6vr \u0259rzind\u0259 u\u011furlu inki\u015faf yolu ke\u00e7ib. \u0130yul ay\u0131nda \u015eu\u015fa \u015f\u0259h\u0259rind\u0259 ke\u00e7irilmi\u015f D\u00f6vl\u0259t ba\u015f\u00e7\u0131lar\u0131n\u0131n qeyri-r\u0259smi Zirv\u0259 g\u00f6r\u00fc\u015f\u00fcnd\u0259 imzalanm\u0131\u015f Qaraba\u011f B\u0259yannam\u0259si \u0259m\u0259kda\u015fl\u0131\u011f\u0131n daha da d\u0259rinl\u0259\u015fm\u0259sin\u0259 t\u00f6hf\u0259 verir. Az\u0259rbaycan T\u00fcrk D\u00f6vl\u0259tl\u0259ri T\u0259\u015fkilat\u0131n\u0131n m\u00f6hk\u0259ml\u0259nm\u0259si istiqam\u0259tind\u0259 s\u0259yl\u0259rini bundan sonra da davam etdir\u0259c\u0259k\u201d.<\/p>\n<p>\u00d6lk\u0259 ba\u015f\u00e7\u0131s\u0131n\u0131n \u00e7\u0131x\u0131\u015f\u0131na istinad\u0259n bildirm\u0259k etm\u0259k olar ki, Az\u0259rbaycan T\u00fcrk D\u00f6vl\u0259tl\u0259ri T\u0259\u015fkilat\u0131na maliyy\u0259 d\u0259st\u0259yi ver\u0259c\u0259k. \u00c7\u00fcnki TDT-nin m\u00f6vcud b\u00fcdc\u0259si qar\u015f\u0131ya qoyulan h\u0259d\u0259fl\u0259rin h\u0259yata ke\u00e7irilm\u0259si \u00fc\u00e7\u00fcn yet\u0259rli deyildir.<\/p>\n<p>Prezident \u00e7\u0131x\u0131\u015f\u0131nda onu da qeyd etdi ki, \u00f6t\u0259n ilin sentyabr ay\u0131nda Az\u0259rbaycan \u00f6z suverenliyini tam b\u0259rpa etdi. Erm\u0259nistan 30 il davam ed\u0259n i\u015f\u011fal d\u00f6vr\u00fcnd\u0259 bu \u0259razil\u0259rd\u0259 9 \u015f\u0259h\u0259rimizi v\u0259 y\u00fczl\u0259rl\u0259 k\u0259ndimizi tamamil\u0259 m\u0259hv edib. \u0130\u015f\u011faldan azad olunan \u0259razil\u0259rd\u0259 indi geni\u015fmiqyasl\u0131 yenid\u0259nqurma v\u0259 b\u0259rpa layih\u0259l\u0259ri h\u0259yata ke\u00e7irilir, eyni zamanda, B\u00f6y\u00fck Qay\u0131d\u0131\u015f Proqram\u0131n\u0131n icras\u0131 \u00e7\u0259r\u00e7iv\u0259sind\u0259 ke\u00e7mi\u015f m\u0259cburi k\u00f6\u00e7k\u00fcnl\u0259r \u00f6z do\u011fma yurdlar\u0131na geri d\u00f6n\u00fcrl\u0259r. TDT-y\u0259 \u00fczv olan d\u00f6vl\u0259tl\u0259r s\u00f6zd\u0259 yox, \u0259m\u0259ld\u0259 Az\u0259rbaycan\u0131n yan\u0131ndad\u0131r. D\u00f6vl\u0259timizin ba\u015f\u00e7\u0131s\u0131 \u00d6zb\u0259kistan, Qazax\u0131stan, Q\u0131r\u011f\u0131z\u0131stan v\u0259 Macar\u0131stan\u0131n d\u00f6vl\u0259t v\u0259 h\u00f6kum\u0259t ba\u015f\u00e7\u0131lar\u0131na azad olunmu\u015f \u0259razil\u0259rd\u0259 qarda\u015fl\u0131q h\u0259diyy\u0259si olan m\u0259kt\u0259b\u0259 v\u0259 yarad\u0131c\u0131l\u0131q m\u0259rk\u0259zin\u0259, el\u0259c\u0259 d\u0259, tikil\u0259c\u0259k m\u0259kt\u0259bl\u0259r\u0259 g\u00f6r\u0259 bir daha t\u0259\u015f\u0259kk\u00fcr\u00fcn\u00fc bildirdi.<\/p>\n<p>M\u0259lum oldu\u011fu kimi,\u00a0Az\u0259rbaycan\u00a0g\u0259l\u0259n h\u0259ft\u0259\u00a0BMT-nin iqlim d\u0259yi\u015fikliyi il\u0259 ba\u011fl\u0131 29-cu Konfrans\u0131 olan COP29-a ev sahibliyi ed\u0259c\u0259k. Bu q\u0259rar Az\u0259rbaycan\u0131n iqlim d\u0259yi\u015fikliyi il\u0259 m\u00fcbariz\u0259d\u0259 oynad\u0131\u011f\u0131 f\u0259al rolun v\u0259 beyn\u0259lxalq ictimaiyy\u0259t t\u0259r\u0259find\u0259n \u00f6lk\u0259nin \u0259h\u0259miyy\u0259tli bir m\u0259rk\u0259z olaraq q\u0259bul edilm\u0259sinin g\u00f6st\u0259ricisidir. Az\u0259rbaycan COP29-a ev sahibliyi etm\u0259kl\u0259 \u00f6z iqlim \u00f6hd\u0259likl\u0259rini v\u0259 \u0259traf m\u00fchitin qorunmas\u0131 istiqam\u0259tind\u0259ki s\u0259yl\u0259rini bir daha n\u00fcmayi\u015f etdirir. \u00d6lk\u0259 son ill\u0259rd\u0259 b\u0259rpa olunan enerji m\u0259nb\u0259l\u0259rin\u0259, x\u00fcsusil\u0259 k\u00fcl\u0259k v\u0259 g\u00fcn\u0259\u015f enerjisin\u0259 yat\u0131r\u0131mlar edib v\u0259 bu sah\u0259d\u0259 qlobal \u0259m\u0259kda\u015fl\u0131qlar\u0131 geni\u015fl\u0259ndirib. COP29 is\u0259 Az\u0259rbaycan\u0131n bu sah\u0259d\u0259 liderlik g\u00f6st\u0259rm\u0259si v\u0259 T\u00fcrk D\u00f6vl\u0259tl\u0259ri T\u0259\u015fkilat\u0131na \u00fczv \u00f6lk\u0259l\u0259r ba\u015fda olmaqla beyn\u0259lxalq t\u0259r\u0259fda\u015flarla ekoloji \u0259m\u0259kda\u015fl\u0131\u011f\u0131 d\u0259rinl\u0259\u015fdirm\u0259si \u00fc\u00e7\u00fcn m\u00fch\u00fcm bir f\u00fcrs\u0259t olacaq. \u00d6lk\u0259 ba\u015f\u00e7\u0131s\u0131 \u00e7\u0131x\u0131\u015f\u0131nda bu m\u0259s\u0259l\u0259 bar\u0259sind\u0259 dan\u0131\u015fark\u0259n bildirdi ki, 200-\u0259 yax\u0131n \u00f6lk\u0259 Az\u0259rbaycan\u0131n COP29 iqlim konfrans\u0131na ev sahibliyin\u0259 namiz\u0259dliyini yekdillikl\u0259 d\u0259st\u0259kl\u0259yib: \u201cAz\u0259rbaycan yax\u0131n g\u00fcnl\u0259rd\u0259 COP29 iqlim konfrans\u0131na ev sahibliyi ed\u0259c\u0259kdir. Ke\u00e7\u0259n ilin dekabr\u0131nda 200-\u0259 yax\u0131n \u00f6lk\u0259 Az\u0259rbaycan\u0131n namiz\u0259dliyini yekdillikl\u0259 d\u0259st\u0259kl\u0259mi\u015fdir. Bu, beyn\u0259lxalq al\u0259min \u00f6lk\u0259miz\u0259 b\u00f6y\u00fck h\u00f6rm\u0259tinin v\u0259 d\u0259st\u0259yinin t\u0259zah\u00fcr\u00fcd\u00fcr. \u018fmin\u0259m ki, T\u00fcrk D\u00f6vl\u0259tl\u0259ri T\u0259\u015fkilat\u0131na \u00fczv \u00f6lk\u0259l\u0259r COP29 konfrans\u0131n\u0131n i\u015find\u0259 f\u0259al i\u015ftirak ed\u0259c\u0259kl\u0259r\u201d<\/p>\n<p><strong>Fidan Ta\u011f\u0131yeva,<\/strong><br \/>\n<em>YAP X\u0259tai rayon t\u0259\u015fkilat\u0131n\u0131n &#8220;Araz Novruzov 31&#8221; \u00fcnvan\u0131 \u00fczr\u0259\u00a0\u0259razi partiya t\u0259\u015fkilat\u0131n\u0131n \u00fczv\u00fc<\/em><\/p>\n","protected":false},"excerpt":{"rendered":"<p>Nax\u00e7\u0131van Sazi\u015fi T\u00fcrk D\u00f6vl\u0259tl\u0259ri T\u0259\u015fkilat\u0131n\u0131n (TDT) \u0259sas\u0131n\u0131 qoyan v\u0259 t\u00fcrk d\u00f6vl\u0259tl\u0259ri aras\u0131nda \u0259m\u0259kda\u015fl\u0131\u011f\u0131 daha da g\u00fccl\u0259ndirm\u0259k m\u0259qs\u0259dil\u0259 imzalanan m\u00fch\u00fcm bir s\u0259n\u0259ddir. Bu sazi\u015f 3 oktyabr 2009-cu ild\u0259 Az\u0259rbaycan\u0131n Nax\u00e7\u0131van \u015f\u0259h\u0259rind\u0259 ke\u00e7iril\u0259n T\u00fcrk D\u00f6vl\u0259tl\u0259ri Zirv\u0259 g\u00f6r\u00fc\u015f\u00fcnd\u0259 imzalan\u0131b v\u0259 T\u00fcrk D\u00f6vl\u0259tl\u0259ri T\u0259\u015fkilat\u0131n\u0131n (\u0259vv\u0259lki ad\u0131yla T\u00fcrkdilli D\u00f6vl\u0259tl\u0259rin \u018fm\u0259kda\u015fl\u0131q \u015euras\u0131 &#8211; TD\u018f\u015e) yarad\u0131lmas\u0131n\u0131n h\u00fcquqi t\u0259m\u0259lini qoyub Nax\u00e7\u0131van Sazi\u015finin m\u0259qs\u0259di t\u00fcrk d\u00f6vl\u0259tl\u0259ri aras\u0131nda siyasi, iqtisadi, m\u0259d\u0259ni v\u0259 dig\u0259r sah\u0259l\u0259rd\u0259 \u0259m\u0259kda\u015fl\u0131\u011f\u0131 g\u00fccl\u0259ndirm\u0259k, ortaq maraqlar \u0259sas\u0131nda birg\u0259 layih\u0259l\u0259r h\u0259yata ke\u00e7irm\u0259k v\u0259 beyn\u0259lxalq arenada daha g\u00fccl\u00fc bir birlik yaratmaqd\u0131r. Bu s\u0259n\u0259d Az\u0259rbaycan, T\u00fcrkiy\u0259, Qazax\u0131stan v\u0259 Q\u0131r\u011f\u0131z\u0131stan liderl\u0259rinin imzalar\u0131&hellip;<\/p>\n","protected":false},"author":2,"featured_media":767686,"comment_status":"closed","ping_status":"closed","sticky":false,"template":"","format":"standard","meta":{"om_disable_all_campaigns":false,"_monsterinsights_skip_tracking":false,"_monsterinsights_sitenote_active":false,"_monsterinsights_sitenote_note":"","_monsterinsights_sitenote_category":0},"categories":[19],"tags":[],"aioseo_notices":[],"gutentor_comment":0,"rttpg_featured_image_url":{"full":["https:\/\/arantv.az\/wp-content\/uploads\/2024\/11\/f968fdc8171958138218609339610637462-2.jpg",975,540,false],"landscape":["https:\/\/arantv.az\/wp-content\/uploads\/2024\/11\/f968fdc8171958138218609339610637462-2.jpg",975,540,false],"portraits":["https:\/\/arantv.az\/wp-content\/uploads\/2024\/11\/f968fdc8171958138218609339610637462-2.jpg",975,540,false],"thumbnail":["https:\/\/arantv.az\/wp-content\/uploads\/2024\/11\/f968fdc8171958138218609339610637462-2-500x280.jpg",500,280,true],"medium":["https:\/\/arantv.az\/wp-content\/uploads\/2024\/11\/f968fdc8171958138218609339610637462-2-660x365.jpg",660,365,true],"large":["https:\/\/arantv.az\/wp-content\/uploads\/2024\/11\/f968fdc8171958138218609339610637462-2-840x465.jpg",640,354,true],"1536x1536":["https:\/\/arantv.az\/wp-content\/uploads\/2024\/11\/f968fdc8171958138218609339610637462-2.jpg",975,540,false],"2048x2048":["https:\/\/arantv.az\/wp-content\/uploads\/2024\/11\/f968fdc8171958138218609339610637462-2.jpg",975,540,false],"post-thumbnail":["https:\/\/arantv.az\/wp-content\/uploads\/2024\/11\/f968fdc8171958138218609339610637462-2-240x172.jpg",240,172,true],"advps-thumb-one":["https:\/\/arantv.az\/wp-content\/uploads\/2024\/11\/f968fdc8171958138218609339610637462-2.jpg",975,540,false]},"rttpg_author":{"display_name":"V\u00fcsal Rafiqo\u011flu","author_link":"https:\/\/arantv.az\/?author=2"},"rttpg_comment":0,"rttpg_category":"<a href=\"https:\/\/arantv.az\/?cat=19\" rel=\"category\">G\u00fcnd\u0259m<\/a>","rttpg_excerpt":"Nax\u00e7\u0131van Sazi\u015fi T\u00fcrk D\u00f6vl\u0259tl\u0259ri T\u0259\u015fkilat\u0131n\u0131n (TDT) \u0259sas\u0131n\u0131 qoyan v\u0259 t\u00fcrk d\u00f6vl\u0259tl\u0259ri aras\u0131nda \u0259m\u0259kda\u015fl\u0131\u011f\u0131 daha da g\u00fccl\u0259ndirm\u0259k m\u0259qs\u0259dil\u0259 imzalanan m\u00fch\u00fcm bir s\u0259n\u0259ddir. Bu sazi\u015f 3 oktyabr 2009-cu ild\u0259 Az\u0259rbaycan\u0131n Nax\u00e7\u0131van \u015f\u0259h\u0259rind\u0259 ke\u00e7iril\u0259n T\u00fcrk D\u00f6vl\u0259tl\u0259ri Zirv\u0259 g\u00f6r\u00fc\u015f\u00fcnd\u0259 imzalan\u0131b v\u0259 T\u00fcrk D\u00f6vl\u0259tl\u0259ri T\u0259\u015fkilat\u0131n\u0131n (\u0259vv\u0259lki ad\u0131yla T\u00fcrkdilli D\u00f6vl\u0259tl\u0259rin \u018fm\u0259kda\u015fl\u0131q \u015euras\u0131 &#8211; TD\u018f\u015e) yarad\u0131lmas\u0131n\u0131n h\u00fcquqi t\u0259m\u0259lini qoyub Nax\u00e7\u0131van Sazi\u015finin m\u0259qs\u0259di&hellip;","_links":{"self":[{"href":"https:\/\/arantv.az\/index.php?rest_route=\/wp\/v2\/posts\/767685"}],"collection":[{"href":"https:\/\/arantv.az\/index.php?rest_route=\/wp\/v2\/posts"}],"about":[{"href":"https:\/\/arantv.az\/index.php?rest_route=\/wp\/v2\/types\/post"}],"author":[{"embeddable":true,"href":"https:\/\/arantv.az\/index.php?rest_route=\/wp\/v2\/users\/2"}],"replies":[{"embeddable":true,"href":"https:\/\/arantv.az\/index.php?rest_route=%2Fwp%2Fv2%2Fcomments&post=767685"}],"version-history":[{"count":1,"href":"https:\/\/arantv.az\/index.php?rest_route=\/wp\/v2\/posts\/767685\/revisions"}],"predecessor-version":[{"id":767687,"href":"https:\/\/arantv.az\/index.php?rest_route=\/wp\/v2\/posts\/767685\/revisions\/767687"}],"wp:featuredmedia":[{"embeddable":true,"href":"https:\/\/arantv.az\/index.php?rest_route=\/wp\/v2\/media\/767686"}],"wp:attachment":[{"href":"https:\/\/arantv.az\/index.php?rest_route=%2Fwp%2Fv2%2Fmedia&parent=767685"}],"wp:term":[{"taxonomy":"category","embeddable":true,"href":"https:\/\/arantv.az\/index.php?rest_route=%2Fwp%2Fv2%2Fcategories&post=767685"},{"taxonomy":"post_tag","embeddable":true,"href":"https:\/\/arantv.az\/index.php?rest_route=%2Fwp%2Fv2%2Ftags&post=767685"}],"curies":[{"name":"wp","href":"https:\/\/api.w.org\/{rel}","templated":true}]}}