{"id":767688,"date":"2024-11-10T10:52:09","date_gmt":"2024-11-10T06:52:09","guid":{"rendered":"https:\/\/arantv.az\/?p=767688"},"modified":"2024-11-10T10:52:09","modified_gmt":"2024-11-10T06:52:09","slug":"z%c9%99f%c9%99rin-r%c9%99mzi-2","status":"publish","type":"post","link":"https:\/\/arantv.az\/?p=767688","title":{"rendered":"Z\u0259f\u0259rin r\u0259mzi"},"content":{"rendered":"<p><em><strong>\u015eu\u015fa, Az\u0259rbaycan\u0131n Qaraba\u011f b\u00f6lg\u0259sind\u0259 yerl\u0259\u015f\u0259n q\u0259dim v\u0259 tarixi bir \u015f\u0259h\u0259rdir. Qaraba\u011f\u0131n incisi say\u0131lan \u015eu\u015fa, tarixi v\u0259 m\u0259d\u0259ni \u0259h\u0259miyy\u0259t\u0259 malik olmaqla yana\u015f\u0131, h\u0259m d\u0259 Az\u0259rbaycan\u0131n memarl\u0131q abid\u0259l\u0259rind\u0259n biridir. 1752-ci ild\u0259 P\u0259nah\u0259li xan t\u0259r\u0259find\u0259n \u0259sas\u0131 qoyulan bu \u015f\u0259h\u0259r, uzun ill\u0259r boyu Qaraba\u011f xanl\u0131\u011f\u0131n\u0131n m\u0259rk\u0259zi olmu\u015fdur. \u015eu\u015fa, Az\u0259rbaycan\u0131n m\u0259d\u0259niyy\u0259t paytaxt\u0131 kimi tan\u0131n\u0131r. Burada do\u011fulmu\u015f v\u0259 yeti\u015fmi\u015f \u00e7ox sayda tan\u0131nm\u0131\u015f \u015f\u0259xsiyy\u0259t \u2013 musiqi\u00e7i, \u015fair v\u0259 yaz\u0131\u00e7\u0131 \u2013 Az\u0259rbaycan m\u0259d\u0259niyy\u0259tin\u0259 d\u0259y\u0259rli t\u00f6hf\u0259l\u0259r vermi\u015fdir. M\u0259s\u0259l\u0259n, Az\u0259rbaycan\u0131n b\u00f6y\u00fck b\u0259st\u0259kar\u0131 \u00dczeyir Hac\u0131b\u0259yli, m\u0259\u015fhur \u015fair Xur\u015fidbanu Nat\u0259van v\u0259 tan\u0131nm\u0131\u015f xan\u0259nd\u0259 B\u00fclb\u00fcl bu torpaqlarda yeti\u015fmi\u015f s\u0259n\u0259tkarlard\u0131r. \u015eu\u015fa, h\u0259m\u00e7inin Qaraba\u011f xan\u0259nd\u0259lik m\u0259kt\u0259binin be\u015fiyidir.<\/strong><\/em><\/p>\n<p>\u018fsrl\u0259r boyu \u015eu\u015fa Az\u0259rbaycan memarl\u0131\u011f\u0131 v\u0259 m\u0259d\u0259niyy\u0259ti \u00fc\u00e7\u00fcn bir simvol olmu\u015fdur. \u015e\u0259h\u0259rd\u0259 bir \u00e7ox m\u0259scidl\u0259r, karvansaralar v\u0259 qalalar in\u015fa edilmi\u015fdir ki, bunlar\u0131n aras\u0131nda Yuxar\u0131 G\u00f6vh\u0259r A\u011fa v\u0259 A\u015fa\u011f\u0131 G\u00f6vh\u0259r A\u011fa m\u0259scidl\u0259ri x\u00fcsusil\u0259 tan\u0131n\u0131r.<\/p>\n<p>1992-ci ild\u0259 erm\u0259ni q\u00fcvv\u0259l\u0259ri t\u0259r\u0259find\u0259n i\u015f\u011fal olunan \u015eu\u015fa, 2020-ci ild\u0259 V\u0259t\u0259n m\u00fcharib\u0259si zaman\u0131 Az\u0259rbaycan ordusu t\u0259r\u0259find\u0259n azad edildi. Bu q\u0259l\u0259b\u0259, Az\u0259rbaycan xalq\u0131 \u00fc\u00e7\u00fcn tarixi bir hadis\u0259dir v\u0259 \u015eu\u015fan\u0131n yenid\u0259n qurulmas\u0131 prosesi indi aktiv \u015f\u0259kild\u0259 davam edir. \u015eu\u015fan\u0131n azad olunmas\u0131 il\u0259 bu \u0259ziz torpaqlar\u0131m\u0131zda h\u0259yat yenid\u0259n canlan\u0131r v\u0259 \u015f\u0259h\u0259r m\u0259d\u0259niyy\u0259timizin m\u0259rk\u0259zin\u0259 \u00e7evrilir. Haz\u0131rda \u015eu\u015fada bir \u00e7ox tarixi v\u0259 m\u0259d\u0259ni t\u0259dbirl\u0259r, festivallar v\u0259 s\u0259rgil\u0259r t\u0259\u015fkil olunur, \u015f\u0259h\u0259rin b\u0259rpas\u0131 v\u0259 qorunmas\u0131 \u00fczr\u0259 layih\u0259l\u0259r h\u0259yata ke\u00e7irilir.<\/p>\n<p>\u015eu\u015fa, h\u0259m\u00e7inin \u201cAz\u0259rbaycan\u0131n M\u0259d\u0259niyy\u0259t Paytaxt\u0131\u201d elan olunmu\u015f v\u0259 2022-ci ild\u0259 T\u00dcRKSOY t\u0259r\u0259find\u0259n \u201cT\u00fcrk D\u00fcnyas\u0131n\u0131n M\u0259d\u0259niyy\u0259t Paytaxt\u0131\u201d se\u00e7ilmi\u015fdir. Bu, \u015eu\u015fan\u0131n beyn\u0259lxalq s\u0259viyy\u0259d\u0259 tan\u0131nmas\u0131na v\u0259 Az\u0259rbaycan m\u0259d\u0259niyy\u0259tinin d\u00fcnyada t\u0259bli\u011fin\u0259 m\u00fch\u00fcm t\u00f6hf\u0259dir.<\/p>\n<p><strong>E. A\u011fayeva,<\/strong><br \/>\n<em>YAP X\u0259tai rayon t\u0259\u015fkilat\u0131n\u0131n \u201cQ.N\u0259bi 6a\u201d \u00fcnvan\u0131 \u00fczr\u0259 \u0259razi partiya t\u0259\u015fkilat\u0131n\u0131n \u00fczv\u00fc<\/em><\/p>\n","protected":false},"excerpt":{"rendered":"<p>\u015eu\u015fa, Az\u0259rbaycan\u0131n Qaraba\u011f b\u00f6lg\u0259sind\u0259 yerl\u0259\u015f\u0259n q\u0259dim v\u0259 tarixi bir \u015f\u0259h\u0259rdir. Qaraba\u011f\u0131n incisi say\u0131lan \u015eu\u015fa, tarixi v\u0259 m\u0259d\u0259ni \u0259h\u0259miyy\u0259t\u0259 malik olmaqla yana\u015f\u0131, h\u0259m d\u0259 Az\u0259rbaycan\u0131n memarl\u0131q abid\u0259l\u0259rind\u0259n biridir. 1752-ci ild\u0259 P\u0259nah\u0259li xan t\u0259r\u0259find\u0259n \u0259sas\u0131 qoyulan bu \u015f\u0259h\u0259r, uzun ill\u0259r boyu Qaraba\u011f xanl\u0131\u011f\u0131n\u0131n m\u0259rk\u0259zi olmu\u015fdur. \u015eu\u015fa, Az\u0259rbaycan\u0131n m\u0259d\u0259niyy\u0259t paytaxt\u0131 kimi tan\u0131n\u0131r. Burada do\u011fulmu\u015f v\u0259 yeti\u015fmi\u015f \u00e7ox sayda tan\u0131nm\u0131\u015f \u015f\u0259xsiyy\u0259t \u2013 musiqi\u00e7i, \u015fair v\u0259 yaz\u0131\u00e7\u0131 \u2013 Az\u0259rbaycan m\u0259d\u0259niyy\u0259tin\u0259 d\u0259y\u0259rli t\u00f6hf\u0259l\u0259r vermi\u015fdir. M\u0259s\u0259l\u0259n, Az\u0259rbaycan\u0131n b\u00f6y\u00fck b\u0259st\u0259kar\u0131 \u00dczeyir Hac\u0131b\u0259yli, m\u0259\u015fhur \u015fair Xur\u015fidbanu Nat\u0259van v\u0259 tan\u0131nm\u0131\u015f xan\u0259nd\u0259 B\u00fclb\u00fcl bu torpaqlarda yeti\u015fmi\u015f s\u0259n\u0259tkarlard\u0131r. \u015eu\u015fa, h\u0259m\u00e7inin Qaraba\u011f xan\u0259nd\u0259lik&hellip;<\/p>\n","protected":false},"author":2,"featured_media":767689,"comment_status":"closed","ping_status":"closed","sticky":false,"template":"","format":"standard","meta":{"om_disable_all_campaigns":false,"_monsterinsights_skip_tracking":false,"_monsterinsights_sitenote_active":false,"_monsterinsights_sitenote_note":"","_monsterinsights_sitenote_category":0},"categories":[19],"tags":[],"aioseo_notices":[],"gutentor_comment":0,"rttpg_featured_image_url":{"full":["https:\/\/arantv.az\/wp-content\/uploads\/2024\/11\/ae87a54e168294218663697384310485117.jpg",975,540,false],"landscape":["https:\/\/arantv.az\/wp-content\/uploads\/2024\/11\/ae87a54e168294218663697384310485117.jpg",975,540,false],"portraits":["https:\/\/arantv.az\/wp-content\/uploads\/2024\/11\/ae87a54e168294218663697384310485117.jpg",975,540,false],"thumbnail":["https:\/\/arantv.az\/wp-content\/uploads\/2024\/11\/ae87a54e168294218663697384310485117-500x280.jpg",500,280,true],"medium":["https:\/\/arantv.az\/wp-content\/uploads\/2024\/11\/ae87a54e168294218663697384310485117-660x365.jpg",660,365,true],"large":["https:\/\/arantv.az\/wp-content\/uploads\/2024\/11\/ae87a54e168294218663697384310485117-840x465.jpg",640,354,true],"1536x1536":["https:\/\/arantv.az\/wp-content\/uploads\/2024\/11\/ae87a54e168294218663697384310485117.jpg",975,540,false],"2048x2048":["https:\/\/arantv.az\/wp-content\/uploads\/2024\/11\/ae87a54e168294218663697384310485117.jpg",975,540,false],"post-thumbnail":["https:\/\/arantv.az\/wp-content\/uploads\/2024\/11\/ae87a54e168294218663697384310485117-240x172.jpg",240,172,true],"advps-thumb-one":["https:\/\/arantv.az\/wp-content\/uploads\/2024\/11\/ae87a54e168294218663697384310485117.jpg",975,540,false]},"rttpg_author":{"display_name":"V\u00fcsal Rafiqo\u011flu","author_link":"https:\/\/arantv.az\/?author=2"},"rttpg_comment":0,"rttpg_category":"<a href=\"https:\/\/arantv.az\/?cat=19\" rel=\"category\">G\u00fcnd\u0259m<\/a>","rttpg_excerpt":"\u015eu\u015fa, Az\u0259rbaycan\u0131n Qaraba\u011f b\u00f6lg\u0259sind\u0259 yerl\u0259\u015f\u0259n q\u0259dim v\u0259 tarixi bir \u015f\u0259h\u0259rdir. Qaraba\u011f\u0131n incisi say\u0131lan \u015eu\u015fa, tarixi v\u0259 m\u0259d\u0259ni \u0259h\u0259miyy\u0259t\u0259 malik olmaqla yana\u015f\u0131, h\u0259m d\u0259 Az\u0259rbaycan\u0131n memarl\u0131q abid\u0259l\u0259rind\u0259n biridir. 1752-ci ild\u0259 P\u0259nah\u0259li xan t\u0259r\u0259find\u0259n \u0259sas\u0131 qoyulan bu \u015f\u0259h\u0259r, uzun ill\u0259r boyu Qaraba\u011f xanl\u0131\u011f\u0131n\u0131n m\u0259rk\u0259zi olmu\u015fdur. \u015eu\u015fa, Az\u0259rbaycan\u0131n m\u0259d\u0259niyy\u0259t paytaxt\u0131 kimi tan\u0131n\u0131r. Burada do\u011fulmu\u015f v\u0259 yeti\u015fmi\u015f \u00e7ox sayda&hellip;","_links":{"self":[{"href":"https:\/\/arantv.az\/index.php?rest_route=\/wp\/v2\/posts\/767688"}],"collection":[{"href":"https:\/\/arantv.az\/index.php?rest_route=\/wp\/v2\/posts"}],"about":[{"href":"https:\/\/arantv.az\/index.php?rest_route=\/wp\/v2\/types\/post"}],"author":[{"embeddable":true,"href":"https:\/\/arantv.az\/index.php?rest_route=\/wp\/v2\/users\/2"}],"replies":[{"embeddable":true,"href":"https:\/\/arantv.az\/index.php?rest_route=%2Fwp%2Fv2%2Fcomments&post=767688"}],"version-history":[{"count":1,"href":"https:\/\/arantv.az\/index.php?rest_route=\/wp\/v2\/posts\/767688\/revisions"}],"predecessor-version":[{"id":767690,"href":"https:\/\/arantv.az\/index.php?rest_route=\/wp\/v2\/posts\/767688\/revisions\/767690"}],"wp:featuredmedia":[{"embeddable":true,"href":"https:\/\/arantv.az\/index.php?rest_route=\/wp\/v2\/media\/767689"}],"wp:attachment":[{"href":"https:\/\/arantv.az\/index.php?rest_route=%2Fwp%2Fv2%2Fmedia&parent=767688"}],"wp:term":[{"taxonomy":"category","embeddable":true,"href":"https:\/\/arantv.az\/index.php?rest_route=%2Fwp%2Fv2%2Fcategories&post=767688"},{"taxonomy":"post_tag","embeddable":true,"href":"https:\/\/arantv.az\/index.php?rest_route=%2Fwp%2Fv2%2Ftags&post=767688"}],"curies":[{"name":"wp","href":"https:\/\/api.w.org\/{rel}","templated":true}]}}