{"id":767695,"date":"2024-11-10T10:53:30","date_gmt":"2024-11-10T06:53:30","guid":{"rendered":"https:\/\/arantv.az\/?p=767695"},"modified":"2024-11-10T10:53:30","modified_gmt":"2024-11-10T06:53:30","slug":"susanin-azad-edilm%c9%99si-z%c9%99f%c9%99rin-r%c9%99mzi-oldu","status":"publish","type":"post","link":"https:\/\/arantv.az\/?p=767695","title":{"rendered":"\u015eu\u015fan\u0131n azad edilm\u0259si Z\u0259f\u0259rin r\u0259mzi oldu"},"content":{"rendered":"<p><em><strong>Az\u0259rbaycan t\u0259bi\u0259tinin nadir g\u00f6z\u0259llikl\u0259rini, xalq\u0131m\u0131z\u0131n maddi v\u0259 m\u0259d\u0259ni irsini, q\u0259dim ad\u0259t-\u0259n\u0259n\u0259l\u0259rini \u00f6z\u00fcnd\u0259 \u0259ks etdir\u0259n f\u00fcsunkar diyard\u0131r , dilb\u0259r gu\u015f\u0259sidir Qaraba\u011f! Az\u0259rbaycan\u0131n ayr\u0131lmaz hiss\u0259si olan Qaraba\u011f\u0131n f\u00fcsunkar t\u0259bi\u0259ti, ya\u015f\u0131 minillikl\u0259rl\u0259 \u00f6l\u00e7\u00fcl\u0259n abid\u0259l\u0259ri, qonaqp\u0259rv\u0259r insanlar\u0131 v\u0259 z\u0259ngin m\u0259d\u0259niyy\u0259ti var. 2020-ci ild\u0259 44-g\u00fcnl\u00fck m\u00fcharib\u0259 n\u0259tic\u0259sind\u0259 30 il\u0259 yax\u0131n davam ed\u0259n i\u015f\u011fal z\u00fclm\u00fcnd\u0259n \u015fanl\u0131 Az\u0259rbaycan ordusu t\u0259r\u0259find\u0259n azad olmu\u015f Qaraba\u011f bu g\u00fcn yen\u0259 d\u0259 \u0259vv\u0259lki \u0259z\u0259m\u0259tini b\u0259rpa etdirir. \u015eu\u015fa is\u0259 Qaraba\u011f\u0131n tac\u0131d\u0131r. T\u0259miz havas\u0131, uca da\u011flar\u0131, \u015f\u0259fal\u0131 suyu, \u0259srar\u0259ngiz t\u0259bi\u0259ti dill\u0259r \u0259zb\u0259ridir.<\/strong><\/em><\/p>\n<p>Bu bizim \u015fanl\u0131 q\u0259l\u0259b\u0259miz,tarixi z\u0259f\u0259rimizdir. Bu q\u0259l\u0259b\u0259 xalq\u0131m\u0131z\u0131n can\u0131 v\u0259 qan\u0131 bahas\u0131na \u0259ld\u0259 olunmu\u015f q\u0259l\u0259b\u0259dir. Bu parlaq q\u0259l\u0259b\u0259 \u015eu\u015fan\u0131n i\u015f\u011faldan azad oldu\u011fu tarixdir. \u015eu\u015fa Qaraba\u011f\u0131n tac\u0131,m\u0259d\u0259niyy\u0259t be\u015fiyidir.\u015eu\u015fa tarixi \u015f\u0259xsiyy\u0259tl\u0259ri yetirib, boya-ba\u015fa \u00e7atd\u0131ran diyard\u0131r.<br \/>\n28 il yar\u0131m \u0259sar\u0259td\u0259 olan \u015eu\u015fa azad olundu. \u015eu\u015fa co\u011frafi- m\u00f6vqeyi, m\u0259d\u0259niyy\u0259ti, tarixi il\u0259 Az\u0259rbaycan tarixind\u0259 b\u00f6y\u00fck iz salan diyard\u0131r. \u015eu\u015fan\u0131n azad edilm\u0259si h\u0259m b\u00f6y\u00fck siyasi, h\u0259m b\u00f6y\u00fck strateji, eyni zamanda, \u00e7ox b\u00f6y\u00fck m\u0259n\u0259vi m\u0259na da\u015f\u0131y\u0131r.<br \/>\nNoyabr\u0131n 8-d\u0259 Az\u0259rbaycan tarixind\u0259 \u00e7ox b\u00f6y\u00fck d\u0259yi\u015fim oldu. Az\u0259rbaycanda \u201cQaraba\u011f\u0131n d\u00f6y\u00fcn\u0259n \u00fcr\u0259yi\u201d, \u201cMusiqi v\u0259 inc\u0259s\u0259n\u0259t be\u015fiyi\u201d v\u0259 xalq\u0131m\u0131z\u0131n b\u0259hs etdiyi kimi \u201cS\u0259n tarixin \u00f6z\u00fcs\u0259n,Az\u0259rbaycan\u0131n g\u00f6z\u00fcs\u0259n\u201d dey\u0259 b\u0259hs etdiyimiz \u015eu\u015fa \u015f\u0259h\u0259rinin i\u015f\u011faldan azad olunmas\u0131 \u00e7ox b\u00f6y\u00fck h\u0259v\u0259sl\u0259 v\u0259 s\u0259brl\u0259 g\u00f6zl\u0259nilirdi.<br \/>\n\u00c7oxlar\u0131na g\u00f6r\u0259 bu tarixi \u015f\u0259h\u0259rin azad olunmas\u0131 Az\u0259rbaycan t\u0259r\u0259fin\u0259 40 g\u00fcnd\u0259n \u00e7oxdur ki, davam ed\u0259n d\u00f6y\u00fc\u015fl\u0259rd\u0259 h\u0259lledici \u00fcst\u00fcnl\u00fck ver\u0259c\u0259k. Bu Az\u0259rbaycan\u0131n 30 il m\u00fcdd\u0259tind\u0259 i\u015f\u011faldan azad etdiyi m\u00fcharib\u0259d\u0259 q\u0259l\u0259b\u0259si dem\u0259kdir.<br \/>\n\u015eu\u015fan\u0131n azad olunmas\u0131 Az\u0259rbaycan\u0131n m\u0259n\u0259vi q\u0259l\u0259b\u0259sidir. Bu q\u0259l\u0259b\u0259 c\u0259bh\u0259d\u0259 olan v\u0259 olmayan az\u0259rbaycanl\u0131lar\u0131n q\u0259l\u0259b\u0259si dem\u0259kdir. \u015eu\u015fa 1992-ci ild\u0259 i\u015f\u011fal edilib. O vaxtdan b\u0259ri bu i\u015f\u011fal erm\u0259nil\u0259r \u00fc\u00e7\u00fcn \u201cb\u00f6y\u00fck q\u0259l\u0259b\u0259\u201d, Az\u0259rbaycanl\u0131lar \u00fc\u00e7\u00fcn \u201c\u0259n a\u011f\u0131r itki\u201d say\u0131l\u0131b. \u015eu\u015fan\u0131n i\u015f\u011faldan azda olundu\u011fu 28 il \u0259rzind\u0259, q\u0259dim \u015f\u0259h\u0259rimizin itirildiyi may ay\u0131n\u0131n 8-d\u0259 he\u00e7 kim \u015fadl\u0131q etm\u0259zdi, t\u0259nt\u0259n\u0259li t\u0259dbirl\u0259r t\u0259\u015fkil edilm\u0259zdi, toylar ke\u00e7irilm\u0259zdi. \u015eu\u015fan\u0131n i\u015f\u011fal\u0131n\u0131n Az\u0259rbaycan xalq\u0131 \u00fc\u00e7\u00fcn n\u0259 q\u0259d\u0259r b\u00f6y\u00fck itki oldu\u011funu bundan daha t\u0259sirli \u015f\u0259kild\u0259 he\u00e7 n\u0259 ifad\u0259 ed\u0259 bilm\u0259z. \u015eu\u015fan\u0131n azad edilm\u0259sinin milli bayram kimi qeyd olunma\u011fa tam haqq\u0131 \u00e7at\u0131r.<br \/>\nAz\u0259rbaycan Prezidenti, M\u00fcz\u0259ff\u0259r Ali Ba\u015f Komandan \u0130lham \u018fliyevin \u015eu\u015fa \u015f\u0259h\u0259rinin azad olundu\u011funun elan etm\u0259si 28 il yar\u0131md\u0131r h\u0259sr\u0259tl\u0259 bu g\u00fcn\u00fc g\u00f6zl\u0259y\u0259n xalq\u0131m\u0131za sonsuz sevinc v\u0259 q\u00fcrur hissi ya\u015fad\u0131r. Az\u0259rbaycan torpaqlar\u0131 30 il\u0259 yax\u0131n bir m\u00fcdd\u0259td\u0259 i\u015f\u011fal alt\u0131nda qal\u0131b, dan\u0131\u015f\u0131qlar prosesind\u0259 Erm\u0259nistan t\u0259r\u0259fi, sad\u0259c\u0259 olaraq vaxt qazanma\u011fa, status\u2013kvonu m\u00f6hk\u0259ml\u0259ndirm\u0259y\u0259 \u00e7al\u0131\u015f\u0131b. H\u0259m\u00e7inin bu ill\u0259r \u0259rzind\u0259 m\u00fcxt\u0259lif g\u00fcc m\u0259rk\u0259zl\u0259rind\u0259n g\u00f6nd\u0259ril\u0259n siqnalllar Az\u0259rbaycan\u0131 v\u0259ziyy\u0259tl\u0259 bar\u0131\u015fma\u011fa m\u0259cbur edib. Lakin xalq\u0131m\u0131z\u0131n q\u0259tiyy\u0259t, c\u0259sar\u0259t, siyasi irad\u0259 g\u00f6st\u0259r\u0259r\u0259k, \u00f6z maraqlar\u0131na cavab verm\u0259y\u0259n he\u00e7 bir raz\u0131la\u015fmaya getm\u0259diyini vur\u011fulan\u0131b. Torpaqlar\u0131m\u0131z\u0131m \u0259razi b\u00fct\u00f6vl\u00fcy\u00fcn\u00fcn qorunmas\u0131 xalq\u0131m\u0131z\u0131n \u0259sas m\u0259qs\u0259d v\u0259 amal\u0131na \u00e7evrilmi\u015fdi.<br \/>\nB\u0259li, ill\u0259r boyu davam etmi\u015f k\u0259d\u0259r, h\u0259sr\u0259t, faci\u0259li hadis\u0259l\u0259rd\u0259n sonra tarixi \u0259dal\u0259t b\u0259rpa olunur v\u0259 Az\u0259rbaycan xalq\u0131 t\u0259svir\u0259g\u0259lm\u0259z q\u00fcrur v\u0259 sevinc hissl\u0259ri ke\u00e7irir. Biz\u0259 bu hissl\u0259ri ya\u015fadan Ali Ba\u015f Komandan\u0131m\u0131z \u0130lham \u018fliyev v\u0259 Az\u0259rbaycan torpaqlar\u0131n\u0131n h\u0259r qar\u0131\u015f\u0131n\u0131n\u0131n azad vedilm\u0259si u\u011frunda can\u0131ndan\u2013qan\u0131ndan ke\u00e7\u0259n r\u0259\u015fad\u0259tli \u0259sg\u0259r v\u0259 zabitl\u0259rimizdir. Da\u011fl\u0131q Qaraba\u011f bir \u0259dal\u0259t m\u0259s\u0259l\u0259sidir. Bu bir xalq\u0131n taleyi,itirilmi\u015f ke\u00e7mi\u015finin b\u0259rpas\u0131 dem\u0259kdir. \u0130ll\u0259r \u0259rzind\u0259 c\u0259nab Prezidentimiz, D\u00f6vl\u0259t Ba\u015f\u00e7\u0131m\u0131z q\u0259tiyy\u0259tli siyas\u0259t y\u00fcr\u00fcd\u00fcb, \u00f6lk\u0259mizin m\u0259nafeyini h\u0259r zaman m\u00fcdafi\u0259 edib. H\u0259mr\u0259ylik, xalq\u0131n etimad\u0131, inam\u0131, d\u0259st\u0259yi say\u0259sind\u0259 D\u00f6vl\u0259timizin Ba\u015f\u00e7\u0131s\u0131 b\u00fct\u00fcn t\u0259zyiql\u0259r\u0259 qar\u015f\u0131 g\u0259l\u0259r\u0259k, m\u00fcr\u0259kk\u0259b m\u0259s\u0259l\u0259l\u0259rin \u00f6hd\u0259sind\u0259n u\u011furla g\u0259ldi. Prezidentin r\u0259hb\u0259rliyi il\u0259 bu g\u00fcn Az\u0259rbaycan xalq\u0131 \u00f6z\u00fcn\u00fc q\u00fcrurlu, c\u0259sar\u0259tli, yenilm\u0259z xalq kimi t\u0259sdiq etdi. V\u0259t\u0259nimizi m\u00fcdafi\u0259 ed\u0259n v\u0259 tarixi d\u0259d\u0259- baba torpaqlar\u0131m\u0131z\u0131 i\u015f\u011faladan azad ed\u0259n \u0259r\u0259nl\u0259rimizin h\u0259r biri \u00f6z adlar\u0131n\u0131 Az\u0259rbaycan tarixin\u0259 q\u0131z\u0131l h\u0259rfl\u0259rl\u0259 yazd\u0131lar.<br \/>\n\u201c\u015eu\u015fas\u0131z Qaraba\u011f, Qaraba\u011fs\u0131z \u015eu\u015fa yoxdur\u201d dey\u0259n ulu \u00f6nd\u0259r Heyd\u0259r \u018fliyevin bu arzusunu bu g\u00fcn Prezident \u0130lham \u018fliyev realla\u015fd\u0131rd\u0131. Biz qay\u0131d\u0131r\u0131q, Az\u0259rbaycan qay\u0131d\u0131r! Az\u0259rbaycan \u00f6z \u0259razi b\u00fct\u00f6vl\u00fcy\u00fcn\u00fc b\u0259rpa edir. M\u0259cburi k\u00f6\u00e7k\u00fcnl\u0259rin \u00f6z d\u0259d\u0259-baba torpaqlar\u0131na qay\u0131dacaq. \u0130\u015f\u011faldan azad edilmi\u015f bu torpaqlar\u0131 yenid\u0259n quraca\u011f\u0131q. \u201cQaraba\u011f Az\u0259rbaycand\u0131r v\u0259 nida\u201d ifad\u0259si art\u0131q bizim q\u0259l\u0259b\u0259mizin r\u0259mzi idi, r\u0259mzin\u0259 \u00e7evrildi.<\/p>\n<p>Bu tarixi g\u00fcnd\u0259 Az\u0259rbaycan xalq\u0131na bu m\u00fcjd\u0259ni verm\u0259k C\u0259nab prezident \u0130lham \u018fliyev \u00fc\u00e7\u00fcn \u00e7ox \u00f6n\u0259mli bir an idi.\u00a0 F\u00fczuli bizimdir, C\u0259bray\u0131l bizimdir, Z\u0259ngilan bizimdir, Qubadl\u0131 bizimdir, A\u011fdam bizimdir, La\u00e7\u0131n bizimdir, K\u0259lb\u0259c\u0259r bizimdir, \u015eu\u015fa bizimdir, Qaraba\u011f bizimdir, Qaraba\u011f Az\u0259rbaycand\u0131r! Bu \u00e7\u0131x\u0131\u015f tarixl\u0259r\u0259 yaz\u0131ld\u0131. Bu \u00e7\u0131x\u0131\u015f xalq\u0131m\u0131z\u0131 q\u00fcrurland\u0131rd\u0131, yenil\u0259di, b\u00fct\u00f6vl\u0259\u015fdirdi.<\/p>\n<p>\u015eu\u015fa bizimdir! Qaraba\u011f bizimdir! Qaraba\u011f Az\u0259rbaycand\u0131r!<\/p>\n<p><strong>K\u0259mal\u0259 A\u011falarova,<\/strong><br \/>\n<em>Heyd\u0259r \u018fliyev ad\u0131na liseyin Tarix m\u00fc\u0259llimi<\/em><\/p>\n","protected":false},"excerpt":{"rendered":"<p>Az\u0259rbaycan t\u0259bi\u0259tinin nadir g\u00f6z\u0259llikl\u0259rini, xalq\u0131m\u0131z\u0131n maddi v\u0259 m\u0259d\u0259ni irsini, q\u0259dim ad\u0259t-\u0259n\u0259n\u0259l\u0259rini \u00f6z\u00fcnd\u0259 \u0259ks etdir\u0259n f\u00fcsunkar diyard\u0131r , dilb\u0259r gu\u015f\u0259sidir Qaraba\u011f! Az\u0259rbaycan\u0131n ayr\u0131lmaz hiss\u0259si olan Qaraba\u011f\u0131n f\u00fcsunkar t\u0259bi\u0259ti, ya\u015f\u0131 minillikl\u0259rl\u0259 \u00f6l\u00e7\u00fcl\u0259n abid\u0259l\u0259ri, qonaqp\u0259rv\u0259r insanlar\u0131 v\u0259 z\u0259ngin m\u0259d\u0259niyy\u0259ti var. 2020-ci ild\u0259 44-g\u00fcnl\u00fck m\u00fcharib\u0259 n\u0259tic\u0259sind\u0259 30 il\u0259 yax\u0131n davam ed\u0259n i\u015f\u011fal z\u00fclm\u00fcnd\u0259n \u015fanl\u0131 Az\u0259rbaycan ordusu t\u0259r\u0259find\u0259n azad olmu\u015f Qaraba\u011f bu g\u00fcn yen\u0259 d\u0259 \u0259vv\u0259lki \u0259z\u0259m\u0259tini b\u0259rpa etdirir. \u015eu\u015fa is\u0259 Qaraba\u011f\u0131n tac\u0131d\u0131r. T\u0259miz havas\u0131, uca da\u011flar\u0131, \u015f\u0259fal\u0131 suyu, \u0259srar\u0259ngiz t\u0259bi\u0259ti dill\u0259r \u0259zb\u0259ridir. Bu bizim \u015fanl\u0131 q\u0259l\u0259b\u0259miz,tarixi z\u0259f\u0259rimizdir. Bu q\u0259l\u0259b\u0259 xalq\u0131m\u0131z\u0131n can\u0131 v\u0259 qan\u0131 bahas\u0131na&hellip;<\/p>\n","protected":false},"author":2,"featured_media":767696,"comment_status":"closed","ping_status":"closed","sticky":false,"template":"","format":"standard","meta":{"om_disable_all_campaigns":false,"_monsterinsights_skip_tracking":false,"_monsterinsights_sitenote_active":false,"_monsterinsights_sitenote_note":"","_monsterinsights_sitenote_category":0},"categories":[19],"tags":[],"aioseo_notices":[],"gutentor_comment":0,"rttpg_featured_image_url":{"full":["https:\/\/arantv.az\/wp-content\/uploads\/2024\/11\/fcd11da0169089409920046894110607856.jpg",975,540,false],"landscape":["https:\/\/arantv.az\/wp-content\/uploads\/2024\/11\/fcd11da0169089409920046894110607856.jpg",975,540,false],"portraits":["https:\/\/arantv.az\/wp-content\/uploads\/2024\/11\/fcd11da0169089409920046894110607856.jpg",975,540,false],"thumbnail":["https:\/\/arantv.az\/wp-content\/uploads\/2024\/11\/fcd11da0169089409920046894110607856-500x280.jpg",500,280,true],"medium":["https:\/\/arantv.az\/wp-content\/uploads\/2024\/11\/fcd11da0169089409920046894110607856-660x365.jpg",660,365,true],"large":["https:\/\/arantv.az\/wp-content\/uploads\/2024\/11\/fcd11da0169089409920046894110607856-840x465.jpg",640,354,true],"1536x1536":["https:\/\/arantv.az\/wp-content\/uploads\/2024\/11\/fcd11da0169089409920046894110607856.jpg",975,540,false],"2048x2048":["https:\/\/arantv.az\/wp-content\/uploads\/2024\/11\/fcd11da0169089409920046894110607856.jpg",975,540,false],"post-thumbnail":["https:\/\/arantv.az\/wp-content\/uploads\/2024\/11\/fcd11da0169089409920046894110607856-240x172.jpg",240,172,true],"advps-thumb-one":["https:\/\/arantv.az\/wp-content\/uploads\/2024\/11\/fcd11da0169089409920046894110607856.jpg",975,540,false]},"rttpg_author":{"display_name":"V\u00fcsal Rafiqo\u011flu","author_link":"https:\/\/arantv.az\/?author=2"},"rttpg_comment":0,"rttpg_category":"<a href=\"https:\/\/arantv.az\/?cat=19\" rel=\"category\">G\u00fcnd\u0259m<\/a>","rttpg_excerpt":"Az\u0259rbaycan t\u0259bi\u0259tinin nadir g\u00f6z\u0259llikl\u0259rini, xalq\u0131m\u0131z\u0131n maddi v\u0259 m\u0259d\u0259ni irsini, q\u0259dim ad\u0259t-\u0259n\u0259n\u0259l\u0259rini \u00f6z\u00fcnd\u0259 \u0259ks etdir\u0259n f\u00fcsunkar diyard\u0131r , dilb\u0259r gu\u015f\u0259sidir Qaraba\u011f! Az\u0259rbaycan\u0131n ayr\u0131lmaz hiss\u0259si olan Qaraba\u011f\u0131n f\u00fcsunkar t\u0259bi\u0259ti, ya\u015f\u0131 minillikl\u0259rl\u0259 \u00f6l\u00e7\u00fcl\u0259n abid\u0259l\u0259ri, qonaqp\u0259rv\u0259r insanlar\u0131 v\u0259 z\u0259ngin m\u0259d\u0259niyy\u0259ti var. 2020-ci ild\u0259 44-g\u00fcnl\u00fck m\u00fcharib\u0259 n\u0259tic\u0259sind\u0259 30 il\u0259 yax\u0131n davam ed\u0259n i\u015f\u011fal z\u00fclm\u00fcnd\u0259n \u015fanl\u0131 Az\u0259rbaycan ordusu t\u0259r\u0259find\u0259n azad olmu\u015f&hellip;","_links":{"self":[{"href":"https:\/\/arantv.az\/index.php?rest_route=\/wp\/v2\/posts\/767695"}],"collection":[{"href":"https:\/\/arantv.az\/index.php?rest_route=\/wp\/v2\/posts"}],"about":[{"href":"https:\/\/arantv.az\/index.php?rest_route=\/wp\/v2\/types\/post"}],"author":[{"embeddable":true,"href":"https:\/\/arantv.az\/index.php?rest_route=\/wp\/v2\/users\/2"}],"replies":[{"embeddable":true,"href":"https:\/\/arantv.az\/index.php?rest_route=%2Fwp%2Fv2%2Fcomments&post=767695"}],"version-history":[{"count":1,"href":"https:\/\/arantv.az\/index.php?rest_route=\/wp\/v2\/posts\/767695\/revisions"}],"predecessor-version":[{"id":767697,"href":"https:\/\/arantv.az\/index.php?rest_route=\/wp\/v2\/posts\/767695\/revisions\/767697"}],"wp:featuredmedia":[{"embeddable":true,"href":"https:\/\/arantv.az\/index.php?rest_route=\/wp\/v2\/media\/767696"}],"wp:attachment":[{"href":"https:\/\/arantv.az\/index.php?rest_route=%2Fwp%2Fv2%2Fmedia&parent=767695"}],"wp:term":[{"taxonomy":"category","embeddable":true,"href":"https:\/\/arantv.az\/index.php?rest_route=%2Fwp%2Fv2%2Fcategories&post=767695"},{"taxonomy":"post_tag","embeddable":true,"href":"https:\/\/arantv.az\/index.php?rest_route=%2Fwp%2Fv2%2Ftags&post=767695"}],"curies":[{"name":"wp","href":"https:\/\/api.w.org\/{rel}","templated":true}]}}