{"id":76824,"date":"2019-09-04T15:55:18","date_gmt":"2019-09-04T12:55:18","guid":{"rendered":"http:\/\/arantv.az\/?p=76824"},"modified":"2019-09-04T15:55:18","modified_gmt":"2019-09-04T12:55:18","slug":"az%c9%99rbaycan-beyn%c9%99lxalq-dasimalar-ucun-n%c9%99qliyyat-vasit%c9%99l%c9%99rinin-sayini-5-d%c9%99f%c9%99-artiracaq","status":"publish","type":"post","link":"https:\/\/arantv.az\/?p=76824","title":{"rendered":"Az\u0259rbaycan beyn\u0259lxalq da\u015f\u0131malar \u00fc\u00e7\u00fcn n\u0259qliyyat vasit\u0259l\u0259rinin say\u0131n\u0131 5 d\u0259f\u0259 art\u0131racaq"},"content":{"rendered":"<p><strong>Haz\u0131rda beyn\u0259lxalq da\u015f\u0131malarda i\u015ftirak ed\u0259n n\u0259qliyyat vasit\u0259l\u0259rinin say\u0131 2000 \u0259d\u0259d\u0259 yax\u0131nd\u0131r. H\u0259d\u0259fimiz bu say\u0131 10000 \u0259d\u0259d\u0259 \u00e7atd\u0131rmaqd\u0131r.<\/strong><\/p>\n<p><strong>ARANTV.AZ<\/strong> x\u0259b\u0259r verir ki, bu bar\u0259d\u0259\u00a0<a href=\"https:\/\/az.trend.az\/\" target=\"_blank\" rel=\"noopener\">Trend<\/a>-\u0259 N\u0259qliyyat, Rabit\u0259 v\u0259 Y\u00fcks\u0259k Texnologiyalar Nazirliyi yan\u0131nda D\u00f6vl\u0259t Avtomobil N\u0259qliyyat\u0131 Xidm\u0259tind\u0259n (DANX) veril\u0259n m\u0259lumatda qeyd edilir.<\/p>\n<p>Bildirilir ki, Az\u0259rbaycan Respublikas\u0131n\u0131n Prezidenti \u0130lham \u018fliyev 2019-cu il avqust ay\u0131n\u0131n 28-d\u0259 &#8220;Avtomobil N\u0259qliyyat\u0131 haqq\u0131nda&#8221; Az\u0259rbaycan Respublikas\u0131n\u0131n Qanununda d\u0259yi\u015fiklik edilm\u0259sin\u0259 dair tarixi f\u0259rman imzalay\u0131b:<\/p>\n<p>&#8220;1998-ci il 27 noyabr tarixind\u0259 imzalanan m\u00fcvafiq Qanun il\u0259 Az\u0259rbaycan Respublikas\u0131 &#8220;Avropa N\u0259qliyyat Nazirl\u0259ri Konfrans\u0131 haqq\u0131nda Protokol&#8221;a qo\u015fulub. Az\u0259rbaycan\u0131n da h\u0259qiqi \u00fczv odu\u011fu Beyn\u0259lxalq N\u0259qliyyat Forumunun haz\u0131rda 57 \u00fczv\u00fc var. BNF-nin \u00fczv\u00fc olmaq Az\u0259rbaycan da\u015f\u0131y\u0131c\u0131lar\u0131n\u0131n m\u00fc\u0259yy\u0259n edilmi\u015f sayda BNF-nin t\u0259sis etdiyi \u00e7oxt\u0259r\u0259fli &#8220;\u0130caz\u0259&#8221;l\u0259rl\u0259 t\u0259min olunmas\u0131 dem\u0259kdir. Bu &#8220;\u0130caz\u0259&#8221;l\u0259rl\u0259 Az\u0259rbaycan da\u015f\u0131y\u0131c\u0131lar\u0131 \u00fczv d\u00f6vl\u0259tl\u0259rin \u0259razisin\u0259\/\u0259razisind\u0259n ikit\u0259r\u0259fli da\u015f\u0131malar, tranzit ke\u00e7id v\u0259 3-c\u00fc \u00f6lk\u0259d\u0259n\/\u00f6lk\u0259y\u0259 da\u015f\u0131malar\u0131 he\u00e7 bir mane\u0259 il\u0259 rastla\u015fmadan h\u0259yata ke\u00e7ir\u0259 bilirl\u0259r.<\/p>\n<p>Beyn\u0259lxalq N\u0259qliyyat Forumu \u00fczv \u00f6lk\u0259l\u0259rinin da\u015f\u0131y\u0131c\u0131lar\u0131na onlar\u0131n \u0259razil\u0259rind\u0259 beyn\u0259lxalq avtomobil da\u015f\u0131malar\u0131n\u0131n effektiv v\u0259 s\u0259m\u0259r\u0259li h\u0259yata ke\u00e7irilm\u0259si \u00fc\u00e7\u00fcn m\u00fcxt\u0259lif t\u0259dbirl\u0259r v\u0259 layih\u0259l\u0259r haz\u0131rlayaraq t\u0259sdiq edir.<\/p>\n<p>Bu q\u0259bild\u0259n olan n\u00f6vb\u0259ti layih\u0259 2015-ci ilin may ay\u0131n\u0131n 26-da BNF-nin Almaniyada ke\u00e7iril\u0259n n\u0259qliyyat nazirl\u0259rinin Sammitind\u0259 \u00fczv \u00f6lk\u0259l\u0259rin beyn\u0259lxalq n\u0259qliyyat da\u015f\u0131malar\u0131na vahid t\u0259l\u0259bl\u0259rin t\u0259tbiq edilm\u0259sini n\u0259z\u0259rd\u0259 tutan Keyfiyy\u0259t Xartiyas\u0131d\u0131r.<\/p>\n<p>Eyni zamanda Az\u0259rbaycan Respublikas\u0131n\u0131n Nazirl\u0259r Kabinetinin 2019-cu il 11 aprel tarixli 157 n\u00f6mr\u0259li Q\u0259rar\u0131 il\u0259 &#8220;\u00dcmumi istifad\u0259d\u0259 olan avtomobil n\u0259qliyyat\u0131 il\u0259 beyn\u0259lxalq v\u0259 \u00f6lk\u0259daxili s\u0259rni\u015fin v\u0259 y\u00fck da\u015f\u0131malar\u0131n\u0131 yerin\u0259 yetir\u0259n s\u00fcr\u00fcc\u00fcl\u0259rin pe\u015f\u0259 f\u0259aliyy\u0259tin\u0259 v\u0259 davran\u0131\u015f\u0131na, i\u015f v\u0259 istirah\u0259t rejiminin x\u00fcsusiyy\u0259tl\u0259rin\u0259, habel\u0259 avtomobil n\u0259qliyyat\u0131 il\u0259 s\u0259rni\u015fin v\u0259 y\u00fck da\u015f\u0131malar\u0131n\u0131 t\u0259nziml\u0259y\u0259n normativ h\u00fcquqi aktlara dair haz\u0131rl\u0131q \u00fczr\u0259 X\u00fcsusi Proqram&#8221; t\u0259sdiq edilib.<\/p>\n<p>Keyfiyy\u0259t Xartiyas\u0131n\u0131n t\u0259l\u0259bl\u0259rin\u0259 g\u00f6r\u0259 BNF-nin \u00fczv \u00f6lk\u0259l\u0259rind\u0259 beyn\u0259lxalq avtomobil da\u015f\u0131malar\u0131n\u0131 yerin\u0259 yetir\u0259n s\u00fcr\u00fcc\u00fcl\u0259rin i\u015f v\u0259 istirah\u0259t rejimin\u0259 riay\u0259t edilm\u0259si, n\u0259qliyyat m\u00fc\u0259ssis\u0259l\u0259rinin s\u00fcr\u00fcc\u00fcl\u0259rinin v\u0259 m\u0259sul m\u00fct\u0259x\u0259ssisl\u0259rinin bilik s\u0259viyy\u0259sinin v\u0259 pe\u015f\u0259 haz\u0131rl\u0131\u011f\u0131n\u0131n y\u00fcks\u0259ldilm\u0259si, h\u00fcquqi v\u0259 fiziki \u015f\u0259xsl\u0259rin, onlar\u0131n m\u0259sul m\u00fct\u0259x\u0259ssisl\u0259rinin beyn\u0259lxalq da\u015f\u0131malara burax\u0131lmas\u0131 qaydalar\u0131n\u0131n t\u0259kmill\u0259\u015fdirilm\u0259si, s\u00fcr\u00fcc\u00fcl\u0259rin ixtisas\u0131n\u0131n art\u0131r\u0131lmas\u0131 \u00fczr\u0259 n\u00fcmun\u0259vi pe\u015f\u0259kar t\u0259dris proqram\u0131n\u0131n v\u0259 \u0259lav\u0259 t\u0259dris proqram\u0131n\u0131n t\u0259sdiq edilm\u0259si, avtomobil da\u015f\u0131ylc\u0131lar\u0131na pe\u015f\u0259karl\u0131q \u015e\u0259had\u0259tnam\u0259l\u0259rinin verilm\u0259si \u00fc\u00e7\u00fcn ixtisas imtahan\u0131n ke\u00e7irilm\u0259si Qaydalar\u0131 \u00fczr\u0259 h\u00fcquqi normativ aktlar t\u0259sdiq olunmal\u0131d\u0131r.<\/p>\n<p>N\u0259qliyyat, Rabit\u0259 v\u0259 Y\u00fcks\u0259k Texnologiyalar Nazirliyi yan\u0131nda D\u00f6vl\u0259t Avtomobil N\u0259qliyyat\u0131 Xidm\u0259ti t\u0259r\u0259find\u0259n Keyfiyy\u0259t Xartiyas\u0131nda n\u0259z\u0259rd\u0259 tutulmu\u015f t\u0259l\u0259bl\u0259r\u0259 uy\u011fun Az\u0259rbaycan Respublikas\u0131n\u0131n h\u00fcquqi normativ aktlar\u0131nda d\u0259yi\u015fiklikl\u0259rin edilm\u0259si bar\u0259d\u0259 layih\u0259l\u0259r haz\u0131rlanm\u0131\u015f v\u0259 aidiyy\u0259ti \u00fczr\u0259 t\u0259sdiq olunmas\u0131 \u00fc\u00e7\u00fcn t\u0259qdim edilib v\u0259 ad\u0131 \u00e7\u0259kil\u0259n aktlar q\u0259bul olunub.<\/p>\n<div>\n<div id=\"AdviadNativeVideo0\" class=\"AdviadNativeVideo\"><\/div>\n<\/div>\n<p>Yeni q\u0259bul olunmu\u015f s\u0259n\u0259dl\u0259r\u0259 \u0259sas\u0259n avtomobil n\u0259qliyyat\u0131 il\u0259 beyn\u0259lxalq s\u0259rni\u015fin v\u0259 y\u00fckda\u015f\u0131malar\u0131 f\u0259aliyy\u0259tini h\u0259yata ke\u00e7ir\u0259n operatorlar\u0131n i\u015fg\u00fczar n\u00fcfuz, maliyy\u0259 v\u0259ziyy\u0259ti v\u0259 pe\u015f\u0259karl\u0131q s\u0259ri\u015ft\u0259si il\u0259 ba\u011fl\u0131 meyarlar\u0131n\u0131n v\u0259 f\u0259aliyy\u0259ti faktiki icra ed\u0259n s\u00fcr\u00fcc\u00fcl\u0259rin z\u0259ruri haz\u0131rl\u0131q v\u0259 yenid\u0259n haz\u0131rl\u0131q ke\u00e7m\u0259l\u0259ri v\u0259 n\u0259tic\u0259d\u0259 \u0259ld\u0259 ed\u0259c\u0259kl\u0259ri m\u00fcvafiq t\u0259sdiqedici s\u0259n\u0259din Keyfiyy\u0259t Xartiyas\u0131n\u0131n t\u0259l\u0259bl\u0259rin\u0259 uy\u011funla\u015fd\u0131r\u0131lmas\u0131 bar\u0259d\u0259 g\u00f6st\u0259ri\u015f verilib.<\/p>\n<p>Qeyd olunanlardan \u0259lav\u0259 Az\u0259rbaycan avtoda\u015f\u0131y\u0131c\u0131lar\u0131n\u0131n m\u0259nafel\u0259rinin qorunmas\u0131, r\u0259qab\u0259tlilik qabiliyy\u0259tl\u0259rinin art\u0131r\u0131lmas\u0131, Az\u0259rbaycan avton\u0259qliyyat xidm\u0259tl\u0259ri bazar\u0131nda xarici n\u0259qliyyat vasit\u0259l\u0259rinin x\u00fcsusi \u00e7\u0259kil\u0259rinin kvotadan art\u0131q olmas\u0131na yol verilm\u0259m\u0259si \u00fc\u00e7\u00fcn kvota-icaz\u0259 sisteminin t\u0259kmill\u0259\u015fdirilm\u0259si \u00fczr\u0259 qanunvericilikd\u0259 d\u0259yi\u015fiklikl\u0259rin edilm\u0259si bar\u0259d\u0259 bir s\u0131ra layih\u0259l\u0259r t\u0259r\u0259fimizd\u0259n i\u015fl\u0259nilib v\u0259 t\u0259sdiq olunmas\u0131 \u00fc\u00e7\u00fcn aidiyy\u0259ti \u00fczr\u0259 t\u0259qdim edilib.<\/p>\n<p>Bununla \u0259laq\u0259dar t\u0259qdim edilmi\u015f layih\u0259l\u0259rin t\u0259sdiq edilm\u0259si sahibkarl\u0131\u011f\u0131n inki\u015faf\u0131na, da\u015f\u0131yc\u0131lar\u0131n maddi v\u0259ziyy\u0259tl\u0259rinin art\u0131r\u0131lmas\u0131na, yeni n\u0259qliyyat vasit\u0259l\u0259rinin al\u0131nmas\u0131na stimul yaradacaq.<\/p>\n<p>Haz\u0131rda beyn\u0259lxalq da\u015f\u0131malarda i\u015ftirak ed\u0259n n\u0259qliyyat vasit\u0259l\u0259rinin say\u0131 2000 \u0259d\u0259d\u0259 yax\u0131nd\u0131r. H\u0259d\u0259fimiz bu say\u0131 10000 \u0259d\u0259d\u0259 \u00e7atd\u0131rmaqd\u0131r. Bu is\u0259 g\u00f6r\u00fcl\u0259c\u0259k t\u0259dbirl\u0259r n\u0259tic\u0259sind\u0259 30000 yeni i\u015f yerinin yaranmas\u0131na s\u0259b\u0259b olacaq.<\/p>\n<p>Eyni zamanda bildiririk ki, 2019-cu ilin 14-15 oktyabr tarixl\u0259rind\u0259 Beyn\u0259lxalq N\u0259qliyyat Forumunun (ITF) Avtomobil N\u0259qliyyat\u0131 Qrupunun n\u00f6vb\u0259ti iclas\u0131 D\u00f6vl\u0259t Avtomobil N\u0259qliyyat\u0131 Xidm\u0259tinin t\u0259\u015f\u0259bb\u00fcs\u00fc il\u0259 Bak\u0131 \u015f\u0259h\u0259rind\u0259 ke\u00e7iril\u0259c\u0259k. \u0130clasda BNF-nin \u00fczv \u00f6lk\u0259l\u0259rind\u0259n 100-\u0259 yax\u0131n n\u00fcmay\u0259nd\u0259 i\u015ftirak ed\u0259c\u0259k. G\u00fcnd\u0259likd\u0259 qoyulan m\u0259s\u0259l\u0259l\u0259r Keyfiyy\u0259t Xartiyas\u0131nda n\u0259z\u0259rd\u0259 tutulmu\u015f t\u0259l\u0259bl\u0259rin \u00fczv \u00f6lk\u0259l\u0259rd\u0259 yerin\u0259 yetirilm\u0259sinin v\u0259ziyy\u0259ti v\u0259 beyn\u0259lxalq avtomobil da\u015f\u0131malar\u0131n\u0131 daha da inki\u015faf etdirilm\u0259si \u00fc\u00e7\u00fcn layih\u0259l\u0259rin haz\u0131rlanmas\u0131na v\u0259 m\u00fczakir\u0259 edilm\u0259sin\u0259 h\u0259sr olunacaqd\u0131r. Beyn\u0259lxalq N\u0259qliyyat Forumunun v\u0259 \u00fczv \u00f6lk\u0259l\u0259rin avtomobil sah\u0259sind\u0259ki qurumlar\u0131n\u0131n r\u0259hb\u0259rl\u0259rinin Bak\u0131 \u015f\u0259h\u0259rind\u0259 toplanmas\u0131 \u0259lam\u0259tdar hadis\u0259dir v\u0259 \u00f6lk\u0259mizin Avropa v\u0259 Asiya aras\u0131ndak\u0131 d\u0259hlizd\u0259 iri logistika m\u0259rk\u0259zin\u0259 \u00e7evrilm\u0259sinin \u0259yani s\u00fcbutudur&#8221;.<\/p>\n","protected":false},"excerpt":{"rendered":"<p>Haz\u0131rda beyn\u0259lxalq da\u015f\u0131malarda i\u015ftirak ed\u0259n n\u0259qliyyat vasit\u0259l\u0259rinin say\u0131 2000 \u0259d\u0259d\u0259 yax\u0131nd\u0131r. H\u0259d\u0259fimiz bu say\u0131 10000 \u0259d\u0259d\u0259 \u00e7atd\u0131rmaqd\u0131r. ARANTV.AZ x\u0259b\u0259r verir ki, bu bar\u0259d\u0259\u00a0Trend-\u0259 N\u0259qliyyat, Rabit\u0259 v\u0259 Y\u00fcks\u0259k Texnologiyalar Nazirliyi yan\u0131nda D\u00f6vl\u0259t Avtomobil N\u0259qliyyat\u0131 Xidm\u0259tind\u0259n (DANX) veril\u0259n m\u0259lumatda qeyd edilir. Bildirilir ki, Az\u0259rbaycan Respublikas\u0131n\u0131n Prezidenti \u0130lham \u018fliyev 2019-cu il avqust ay\u0131n\u0131n 28-d\u0259 &#8220;Avtomobil N\u0259qliyyat\u0131 haqq\u0131nda&#8221; Az\u0259rbaycan Respublikas\u0131n\u0131n Qanununda d\u0259yi\u015fiklik edilm\u0259sin\u0259 dair tarixi f\u0259rman imzalay\u0131b: &#8220;1998-ci il 27 noyabr tarixind\u0259 imzalanan m\u00fcvafiq Qanun il\u0259 Az\u0259rbaycan Respublikas\u0131 &#8220;Avropa N\u0259qliyyat Nazirl\u0259ri Konfrans\u0131 haqq\u0131nda Protokol&#8221;a qo\u015fulub. Az\u0259rbaycan\u0131n da h\u0259qiqi \u00fczv odu\u011fu Beyn\u0259lxalq N\u0259qliyyat Forumunun haz\u0131rda&hellip;<\/p>\n","protected":false},"author":2,"featured_media":76825,"comment_status":"closed","ping_status":"closed","sticky":false,"template":"","format":"standard","meta":{"om_disable_all_campaigns":false,"_monsterinsights_skip_tracking":false,"_monsterinsights_sitenote_active":false,"_monsterinsights_sitenote_note":"","_monsterinsights_sitenote_category":0},"categories":[1],"tags":[],"aioseo_notices":[],"gutentor_comment":0,"rttpg_featured_image_url":{"full":["https:\/\/arantv.az\/wp-content\/uploads\/2019\/09\/783280.jpg",800,600,false],"landscape":["https:\/\/arantv.az\/wp-content\/uploads\/2019\/09\/783280.jpg",800,600,false],"portraits":["https:\/\/arantv.az\/wp-content\/uploads\/2019\/09\/783280.jpg",800,600,false],"thumbnail":["https:\/\/arantv.az\/wp-content\/uploads\/2019\/09\/783280-150x150.jpg",150,150,true],"medium":["https:\/\/arantv.az\/wp-content\/uploads\/2019\/09\/783280-300x225.jpg",300,225,true],"large":["https:\/\/arantv.az\/wp-content\/uploads\/2019\/09\/783280.jpg",640,480,false],"1536x1536":["https:\/\/arantv.az\/wp-content\/uploads\/2019\/09\/783280.jpg",800,600,false],"2048x2048":["https:\/\/arantv.az\/wp-content\/uploads\/2019\/09\/783280.jpg",800,600,false],"post-thumbnail":["https:\/\/arantv.az\/wp-content\/uploads\/2019\/09\/783280-240x172.jpg",240,172,true],"advps-thumb-one":["https:\/\/arantv.az\/wp-content\/uploads\/2019\/09\/783280.jpg",800,600,false]},"rttpg_author":{"display_name":"V\u00fcsal Rafiqo\u011flu","author_link":"https:\/\/arantv.az\/?author=2"},"rttpg_comment":0,"rttpg_category":"<a href=\"https:\/\/arantv.az\/?cat=1\" rel=\"category\">C\u0259miyy\u0259t<\/a>","rttpg_excerpt":"Haz\u0131rda beyn\u0259lxalq da\u015f\u0131malarda i\u015ftirak ed\u0259n n\u0259qliyyat vasit\u0259l\u0259rinin say\u0131 2000 \u0259d\u0259d\u0259 yax\u0131nd\u0131r. H\u0259d\u0259fimiz bu say\u0131 10000 \u0259d\u0259d\u0259 \u00e7atd\u0131rmaqd\u0131r. ARANTV.AZ x\u0259b\u0259r verir ki, bu bar\u0259d\u0259\u00a0Trend-\u0259 N\u0259qliyyat, Rabit\u0259 v\u0259 Y\u00fcks\u0259k Texnologiyalar Nazirliyi yan\u0131nda D\u00f6vl\u0259t Avtomobil N\u0259qliyyat\u0131 Xidm\u0259tind\u0259n (DANX) veril\u0259n m\u0259lumatda qeyd edilir. Bildirilir ki, Az\u0259rbaycan Respublikas\u0131n\u0131n Prezidenti \u0130lham \u018fliyev 2019-cu il avqust ay\u0131n\u0131n 28-d\u0259 &#8220;Avtomobil N\u0259qliyyat\u0131 haqq\u0131nda&#8221; Az\u0259rbaycan&hellip;","_links":{"self":[{"href":"https:\/\/arantv.az\/index.php?rest_route=\/wp\/v2\/posts\/76824"}],"collection":[{"href":"https:\/\/arantv.az\/index.php?rest_route=\/wp\/v2\/posts"}],"about":[{"href":"https:\/\/arantv.az\/index.php?rest_route=\/wp\/v2\/types\/post"}],"author":[{"embeddable":true,"href":"https:\/\/arantv.az\/index.php?rest_route=\/wp\/v2\/users\/2"}],"replies":[{"embeddable":true,"href":"https:\/\/arantv.az\/index.php?rest_route=%2Fwp%2Fv2%2Fcomments&post=76824"}],"version-history":[{"count":0,"href":"https:\/\/arantv.az\/index.php?rest_route=\/wp\/v2\/posts\/76824\/revisions"}],"wp:featuredmedia":[{"embeddable":true,"href":"https:\/\/arantv.az\/index.php?rest_route=\/wp\/v2\/media\/76825"}],"wp:attachment":[{"href":"https:\/\/arantv.az\/index.php?rest_route=%2Fwp%2Fv2%2Fmedia&parent=76824"}],"wp:term":[{"taxonomy":"category","embeddable":true,"href":"https:\/\/arantv.az\/index.php?rest_route=%2Fwp%2Fv2%2Fcategories&post=76824"},{"taxonomy":"post_tag","embeddable":true,"href":"https:\/\/arantv.az\/index.php?rest_route=%2Fwp%2Fv2%2Ftags&post=76824"}],"curies":[{"name":"wp","href":"https:\/\/api.w.org\/{rel}","templated":true}]}}