{"id":76827,"date":"2019-09-04T15:56:41","date_gmt":"2019-09-04T12:56:41","guid":{"rendered":"http:\/\/arantv.az\/?p=76827"},"modified":"2019-09-04T15:56:41","modified_gmt":"2019-09-04T12:56:41","slug":"nargil%c9%99-kafesi-yaxinliginda-avtobus-q%c9%99zasi-2-yarali","status":"publish","type":"post","link":"https:\/\/arantv.az\/?p=76827","title":{"rendered":"&#8220;Nargil\u0259&#8221; kafesi yax\u0131nl\u0131\u011f\u0131nda avtobus q\u0259zas\u0131: 2 yaral\u0131"},"content":{"rendered":"<p><strong>Bak\u0131n\u0131n X\u0259tai rayonunda &#8211; &#8220;Nargil\u0259&#8221; kafesinin yax\u0131nl\u0131\u011f\u0131nda avtobusla minik avtomobili toqqu\u015fub.<\/strong><\/p>\n<p><strong>ARANTV.AZ<\/strong> x\u0259b\u0259r verir ki, S\u0259hiyy\u0259 Nazirliyind\u0259n\u00a0<a href=\"https:\/\/az.trend.az\/\" target=\"_blank\" rel=\"noopener\">Trend<\/a>-\u0259 veril\u0259n m\u0259lumata g\u00f6r\u0259, hadis\u0259 yerin\u0259 g\u0259l\u0259n t\u0259cili tibbi yard\u0131m avtomobili m\u00fcxt\u0259lif d\u0259r\u0259c\u0259li b\u0259d\u0259n x\u0259sar\u0259tl\u0259ri olan iki qad\u0131n g\u00f6t\u00fcr\u00fcb:<\/p>\n<p>&#8220;H\u0259kimin verdiyi m\u0259limata g\u00f6r\u0259, toqqu\u015fma n\u0259tic\u0259sind\u0259 qad\u0131nlardan birinin aya\u011f\u0131 travmatik amputasiya olunub. A\u011f\u0131r v\u0259ziyy\u0259td\u0259 olan yaral\u0131lar 3 sayl\u0131 \u015e\u0259h\u0259r Klinik X\u0259st\u0259xanas\u0131na apar\u0131l\u0131b. Yaral\u0131lar bar\u0259d\u0259 yeni m\u0259lumat daxil olduqda \u0259lav\u0259 m\u0259lumat veril\u0259c\u0259k&#8221;.<\/p>\n","protected":false},"excerpt":{"rendered":"<p>Bak\u0131n\u0131n X\u0259tai rayonunda &#8211; &#8220;Nargil\u0259&#8221; kafesinin yax\u0131nl\u0131\u011f\u0131nda avtobusla minik avtomobili toqqu\u015fub. ARANTV.AZ x\u0259b\u0259r verir ki, S\u0259hiyy\u0259 Nazirliyind\u0259n\u00a0Trend-\u0259 veril\u0259n m\u0259lumata g\u00f6r\u0259, hadis\u0259 yerin\u0259 g\u0259l\u0259n t\u0259cili tibbi yard\u0131m avtomobili m\u00fcxt\u0259lif d\u0259r\u0259c\u0259li b\u0259d\u0259n x\u0259sar\u0259tl\u0259ri olan iki qad\u0131n g\u00f6t\u00fcr\u00fcb: &#8220;H\u0259kimin verdiyi m\u0259limata g\u00f6r\u0259, toqqu\u015fma n\u0259tic\u0259sind\u0259 qad\u0131nlardan birinin aya\u011f\u0131 travmatik amputasiya olunub. A\u011f\u0131r v\u0259ziyy\u0259td\u0259 olan yaral\u0131lar 3 sayl\u0131 \u015e\u0259h\u0259r Klinik X\u0259st\u0259xanas\u0131na apar\u0131l\u0131b. Yaral\u0131lar bar\u0259d\u0259 yeni m\u0259lumat daxil olduqda \u0259lav\u0259 m\u0259lumat veril\u0259c\u0259k&#8221;.<\/p>\n","protected":false},"author":2,"featured_media":76828,"comment_status":"closed","ping_status":"closed","sticky":false,"template":"","format":"standard","meta":{"om_disable_all_campaigns":false,"_monsterinsights_skip_tracking":false,"_monsterinsights_sitenote_active":false,"_monsterinsights_sitenote_note":"","_monsterinsights_sitenote_category":0},"categories":[5],"tags":[],"aioseo_notices":[],"gutentor_comment":0,"rttpg_featured_image_url":{"full":["https:\/\/arantv.az\/wp-content\/uploads\/2019\/09\/tecili_yardim_05.jpg",482,361,false],"landscape":["https:\/\/arantv.az\/wp-content\/uploads\/2019\/09\/tecili_yardim_05.jpg",482,361,false],"portraits":["https:\/\/arantv.az\/wp-content\/uploads\/2019\/09\/tecili_yardim_05.jpg",482,361,false],"thumbnail":["https:\/\/arantv.az\/wp-content\/uploads\/2019\/09\/tecili_yardim_05-150x150.jpg",150,150,true],"medium":["https:\/\/arantv.az\/wp-content\/uploads\/2019\/09\/tecili_yardim_05-300x225.jpg",300,225,true],"large":["https:\/\/arantv.az\/wp-content\/uploads\/2019\/09\/tecili_yardim_05.jpg",482,361,false],"1536x1536":["https:\/\/arantv.az\/wp-content\/uploads\/2019\/09\/tecili_yardim_05.jpg",482,361,false],"2048x2048":["https:\/\/arantv.az\/wp-content\/uploads\/2019\/09\/tecili_yardim_05.jpg",482,361,false],"post-thumbnail":["https:\/\/arantv.az\/wp-content\/uploads\/2019\/09\/tecili_yardim_05-240x172.jpg",240,172,true],"advps-thumb-one":["https:\/\/arantv.az\/wp-content\/uploads\/2019\/09\/tecili_yardim_05.jpg",482,361,false]},"rttpg_author":{"display_name":"V\u00fcsal Rafiqo\u011flu","author_link":"https:\/\/arantv.az\/?author=2"},"rttpg_comment":0,"rttpg_category":"<a href=\"https:\/\/arantv.az\/?cat=5\" rel=\"category\">Hadis\u0259<\/a>","rttpg_excerpt":"Bak\u0131n\u0131n X\u0259tai rayonunda &#8211; &#8220;Nargil\u0259&#8221; kafesinin yax\u0131nl\u0131\u011f\u0131nda avtobusla minik avtomobili toqqu\u015fub. ARANTV.AZ x\u0259b\u0259r verir ki, S\u0259hiyy\u0259 Nazirliyind\u0259n\u00a0Trend-\u0259 veril\u0259n m\u0259lumata g\u00f6r\u0259, hadis\u0259 yerin\u0259 g\u0259l\u0259n t\u0259cili tibbi yard\u0131m avtomobili m\u00fcxt\u0259lif d\u0259r\u0259c\u0259li b\u0259d\u0259n x\u0259sar\u0259tl\u0259ri olan iki qad\u0131n g\u00f6t\u00fcr\u00fcb: &#8220;H\u0259kimin verdiyi m\u0259limata g\u00f6r\u0259, toqqu\u015fma n\u0259tic\u0259sind\u0259 qad\u0131nlardan birinin aya\u011f\u0131 travmatik amputasiya olunub. A\u011f\u0131r v\u0259ziyy\u0259td\u0259 olan yaral\u0131lar 3 sayl\u0131 \u015e\u0259h\u0259r Klinik&hellip;","_links":{"self":[{"href":"https:\/\/arantv.az\/index.php?rest_route=\/wp\/v2\/posts\/76827"}],"collection":[{"href":"https:\/\/arantv.az\/index.php?rest_route=\/wp\/v2\/posts"}],"about":[{"href":"https:\/\/arantv.az\/index.php?rest_route=\/wp\/v2\/types\/post"}],"author":[{"embeddable":true,"href":"https:\/\/arantv.az\/index.php?rest_route=\/wp\/v2\/users\/2"}],"replies":[{"embeddable":true,"href":"https:\/\/arantv.az\/index.php?rest_route=%2Fwp%2Fv2%2Fcomments&post=76827"}],"version-history":[{"count":0,"href":"https:\/\/arantv.az\/index.php?rest_route=\/wp\/v2\/posts\/76827\/revisions"}],"wp:featuredmedia":[{"embeddable":true,"href":"https:\/\/arantv.az\/index.php?rest_route=\/wp\/v2\/media\/76828"}],"wp:attachment":[{"href":"https:\/\/arantv.az\/index.php?rest_route=%2Fwp%2Fv2%2Fmedia&parent=76827"}],"wp:term":[{"taxonomy":"category","embeddable":true,"href":"https:\/\/arantv.az\/index.php?rest_route=%2Fwp%2Fv2%2Fcategories&post=76827"},{"taxonomy":"post_tag","embeddable":true,"href":"https:\/\/arantv.az\/index.php?rest_route=%2Fwp%2Fv2%2Ftags&post=76827"}],"curies":[{"name":"wp","href":"https:\/\/api.w.org\/{rel}","templated":true}]}}