{"id":76841,"date":"2019-09-05T08:07:59","date_gmt":"2019-09-05T05:07:59","guid":{"rendered":"http:\/\/arantv.az\/?p=76841"},"modified":"2019-09-05T08:07:59","modified_gmt":"2019-09-05T05:07:59","slug":"%c9%99min%c9%99-dilbazinin-100-illik-yubileyi-qeyd-edil%c9%99c%c9%99k","status":"publish","type":"post","link":"https:\/\/arantv.az\/?p=76841","title":{"rendered":"\u018fmin\u0259 Dilbazinin 100 illik yubileyi qeyd edil\u0259c\u0259k"},"content":{"rendered":"<p>Prezident \u0130lham \u018fliyev \u018fmin\u0259 Dilbazinin 100 illik yubileyinin qeyd edilm\u0259si haqq\u0131nda s\u0259r\u0259ncam imzalay\u0131b.<\/p>\n<p>2019-cu ilin dekabr ay\u0131nda Az\u0259rbaycan xoreoqrafiya m\u0259kt\u0259binin tan\u0131nm\u0131\u015f n\u00fcmay\u0259nd\u0259si, g\u00f6rk\u0259mli r\u0259qs ustas\u0131, respublikan\u0131n Xalq artisti \u018fmin\u0259 Pa\u015fa q\u0131z\u0131 Dilbazinin anadan olmas\u0131n\u0131n 100 illiyi tamam olur.<\/p>\n<p>\u018fmin\u0259 Dilbazi Az\u0259rbaycan r\u0259qs s\u0259n\u0259tinin \u00e7ox\u0259srlik \u0259n\u0259n\u0259l\u0259rinin qorunub ya\u015fad\u0131lmas\u0131nda m\u00fcst\u0259sna xidm\u0259tl\u0259r g\u00f6st\u0259rmi\u015fdir. S\u0259n\u0259tkar uzunm\u00fcdd\u0259tli f\u0259aliyy\u0259ti \u0259rzind\u0259 daim y\u00fcks\u0259k s\u0259hn\u0259 m\u0259d\u0259niyy\u0259ti n\u00fcmayi\u015f etdirmi\u015f, fitri istedad\u0131 v\u0259 b\u0259nz\u0259rsiz ifa\u00e7\u0131l\u0131q imkanlar\u0131 say\u0259sind\u0259 xalq r\u0259qsl\u0259rinin qiym\u0259tli n\u00fcmun\u0259l\u0259rin\u0259 yeni \u00e7alarlar qazand\u0131raraq onlar\u0131 orijinal ifa t\u0259rzi il\u0259 xeyli z\u0259nginl\u0259\u015fdirmi\u015fdir. R\u0259ngar\u0259ng repertuar\u0131nda, eyni zamanda, d\u00fcnya xalqlar\u0131n\u0131n r\u0259qsl\u0259rin\u0259 geni\u015f yer ay\u0131ran \u018fmin\u0259 Dilbazinin m\u00f6t\u0259b\u0259r beyn\u0259lxalq m\u00fcsabiq\u0259 v\u0259 festivallardak\u0131 u\u011furlu \u00e7\u0131x\u0131\u015flar\u0131 Az\u0259rbaycan inc\u0259s\u0259n\u0259tinin \u00e7oxsayl\u0131 nailiyy\u0259tl\u0259ri s\u0131ras\u0131ndad\u0131r. O, kinofilml\u0259rd\u0259, teatr tama\u015falar\u0131 v\u0259 opera \u0259s\u0259rl\u0259rind\u0259 r\u0259qsl\u0259r\u0259 y\u00fcks\u0259k m\u0259har\u0259tl\u0259 qurulu\u015f vermi\u015f, el\u0259c\u0259 d\u0259 professional r\u0259qs qruplar\u0131n\u0131n b\u0259dii r\u0259hb\u0259ri kimi tan\u0131nm\u0131\u015fd\u0131r. \u018fmin\u0259 Dilbazinin, h\u0259m\u00e7inin xoreoqrafiya s\u0259n\u0259tinin inc\u0259likl\u0259rinin g\u0259nc n\u0259sl\u0259 \u00f6yr\u0259dilm\u0259si istiqam\u0259tind\u0259 f\u0259aliyy\u0259ti t\u0259qdir\u0259layiqdir.<\/p>\n<p>S\u0259r\u0259ncamda qeyd edilir ki, Az\u0259rbaycan Respublikas\u0131n\u0131n M\u0259d\u0259niyy\u0259t Nazirliyi Xalq artisti \u018fmin\u0259 Dilbazinin 100 illik yubileyi il\u0259 \u0259laq\u0259dar t\u0259dbirl\u0259r plan\u0131 haz\u0131rlay\u0131b h\u0259yata ke\u00e7irsin.<\/p>\n<p>Nazirl\u0259r Kabineti bu S\u0259r\u0259ncamdan ir\u0259li g\u0259l\u0259n m\u0259s\u0259l\u0259l\u0259ri h\u0259ll ed\u0259c\u0259k<\/p>\n","protected":false},"excerpt":{"rendered":"<p>Prezident \u0130lham \u018fliyev \u018fmin\u0259 Dilbazinin 100 illik yubileyinin qeyd edilm\u0259si haqq\u0131nda s\u0259r\u0259ncam imzalay\u0131b. 2019-cu ilin dekabr ay\u0131nda Az\u0259rbaycan xoreoqrafiya m\u0259kt\u0259binin tan\u0131nm\u0131\u015f n\u00fcmay\u0259nd\u0259si, g\u00f6rk\u0259mli r\u0259qs ustas\u0131, respublikan\u0131n Xalq artisti \u018fmin\u0259 Pa\u015fa q\u0131z\u0131 Dilbazinin anadan olmas\u0131n\u0131n 100 illiyi tamam olur. \u018fmin\u0259 Dilbazi Az\u0259rbaycan r\u0259qs s\u0259n\u0259tinin \u00e7ox\u0259srlik \u0259n\u0259n\u0259l\u0259rinin qorunub ya\u015fad\u0131lmas\u0131nda m\u00fcst\u0259sna xidm\u0259tl\u0259r g\u00f6st\u0259rmi\u015fdir. S\u0259n\u0259tkar uzunm\u00fcdd\u0259tli f\u0259aliyy\u0259ti \u0259rzind\u0259 daim y\u00fcks\u0259k s\u0259hn\u0259 m\u0259d\u0259niyy\u0259ti n\u00fcmayi\u015f etdirmi\u015f, fitri istedad\u0131 v\u0259 b\u0259nz\u0259rsiz ifa\u00e7\u0131l\u0131q imkanlar\u0131 say\u0259sind\u0259 xalq r\u0259qsl\u0259rinin qiym\u0259tli n\u00fcmun\u0259l\u0259rin\u0259 yeni \u00e7alarlar qazand\u0131raraq onlar\u0131 orijinal ifa t\u0259rzi il\u0259 xeyli z\u0259nginl\u0259\u015fdirmi\u015fdir. R\u0259ngar\u0259ng repertuar\u0131nda, eyni zamanda, d\u00fcnya xalqlar\u0131n\u0131n r\u0259qsl\u0259rin\u0259 geni\u015f yer&hellip;<\/p>\n","protected":false},"author":2,"featured_media":76842,"comment_status":"closed","ping_status":"closed","sticky":false,"template":"","format":"standard","meta":{"om_disable_all_campaigns":false,"_monsterinsights_skip_tracking":false,"_monsterinsights_sitenote_active":false,"_monsterinsights_sitenote_note":"","_monsterinsights_sitenote_category":0},"categories":[4],"tags":[],"aioseo_notices":[],"gutentor_comment":0,"rttpg_featured_image_url":{"full":["https:\/\/arantv.az\/wp-content\/uploads\/2019\/09\/1546438746_4342716.jpg",975,540,false],"landscape":["https:\/\/arantv.az\/wp-content\/uploads\/2019\/09\/1546438746_4342716.jpg",975,540,false],"portraits":["https:\/\/arantv.az\/wp-content\/uploads\/2019\/09\/1546438746_4342716.jpg",975,540,false],"thumbnail":["https:\/\/arantv.az\/wp-content\/uploads\/2019\/09\/1546438746_4342716-150x150.jpg",150,150,true],"medium":["https:\/\/arantv.az\/wp-content\/uploads\/2019\/09\/1546438746_4342716-300x166.jpg",300,166,true],"large":["https:\/\/arantv.az\/wp-content\/uploads\/2019\/09\/1546438746_4342716.jpg",640,354,false],"1536x1536":["https:\/\/arantv.az\/wp-content\/uploads\/2019\/09\/1546438746_4342716.jpg",975,540,false],"2048x2048":["https:\/\/arantv.az\/wp-content\/uploads\/2019\/09\/1546438746_4342716.jpg",975,540,false],"post-thumbnail":["https:\/\/arantv.az\/wp-content\/uploads\/2019\/09\/1546438746_4342716-240x172.jpg",240,172,true],"advps-thumb-one":["https:\/\/arantv.az\/wp-content\/uploads\/2019\/09\/1546438746_4342716.jpg",975,540,false]},"rttpg_author":{"display_name":"V\u00fcsal Rafiqo\u011flu","author_link":"https:\/\/arantv.az\/?author=2"},"rttpg_comment":0,"rttpg_category":"<a href=\"https:\/\/arantv.az\/?cat=4\" rel=\"category\">Siyas\u0259t<\/a>","rttpg_excerpt":"Prezident \u0130lham \u018fliyev \u018fmin\u0259 Dilbazinin 100 illik yubileyinin qeyd edilm\u0259si haqq\u0131nda s\u0259r\u0259ncam imzalay\u0131b. 2019-cu ilin dekabr ay\u0131nda Az\u0259rbaycan xoreoqrafiya m\u0259kt\u0259binin tan\u0131nm\u0131\u015f n\u00fcmay\u0259nd\u0259si, g\u00f6rk\u0259mli r\u0259qs ustas\u0131, respublikan\u0131n Xalq artisti \u018fmin\u0259 Pa\u015fa q\u0131z\u0131 Dilbazinin anadan olmas\u0131n\u0131n 100 illiyi tamam olur. \u018fmin\u0259 Dilbazi Az\u0259rbaycan r\u0259qs s\u0259n\u0259tinin \u00e7ox\u0259srlik \u0259n\u0259n\u0259l\u0259rinin qorunub ya\u015fad\u0131lmas\u0131nda m\u00fcst\u0259sna xidm\u0259tl\u0259r g\u00f6st\u0259rmi\u015fdir. S\u0259n\u0259tkar uzunm\u00fcdd\u0259tli f\u0259aliyy\u0259ti \u0259rzind\u0259 daim&hellip;","_links":{"self":[{"href":"https:\/\/arantv.az\/index.php?rest_route=\/wp\/v2\/posts\/76841"}],"collection":[{"href":"https:\/\/arantv.az\/index.php?rest_route=\/wp\/v2\/posts"}],"about":[{"href":"https:\/\/arantv.az\/index.php?rest_route=\/wp\/v2\/types\/post"}],"author":[{"embeddable":true,"href":"https:\/\/arantv.az\/index.php?rest_route=\/wp\/v2\/users\/2"}],"replies":[{"embeddable":true,"href":"https:\/\/arantv.az\/index.php?rest_route=%2Fwp%2Fv2%2Fcomments&post=76841"}],"version-history":[{"count":0,"href":"https:\/\/arantv.az\/index.php?rest_route=\/wp\/v2\/posts\/76841\/revisions"}],"wp:featuredmedia":[{"embeddable":true,"href":"https:\/\/arantv.az\/index.php?rest_route=\/wp\/v2\/media\/76842"}],"wp:attachment":[{"href":"https:\/\/arantv.az\/index.php?rest_route=%2Fwp%2Fv2%2Fmedia&parent=76841"}],"wp:term":[{"taxonomy":"category","embeddable":true,"href":"https:\/\/arantv.az\/index.php?rest_route=%2Fwp%2Fv2%2Fcategories&post=76841"},{"taxonomy":"post_tag","embeddable":true,"href":"https:\/\/arantv.az\/index.php?rest_route=%2Fwp%2Fv2%2Ftags&post=76841"}],"curies":[{"name":"wp","href":"https:\/\/api.w.org\/{rel}","templated":true}]}}