{"id":76844,"date":"2019-09-05T08:19:16","date_gmt":"2019-09-05T05:19:16","guid":{"rendered":"http:\/\/arantv.az\/?p=76844"},"modified":"2019-09-05T08:19:16","modified_gmt":"2019-09-05T05:19:16","slug":"usaq-pulu-il%c9%99-bagli-yeni-x%c9%99b%c9%99r","status":"publish","type":"post","link":"https:\/\/arantv.az\/?p=76844","title":{"rendered":"&#8220;U\u015faq pulu&#8221; il\u0259 ba\u011fl\u0131 YEN\u0130 X\u018fB\u018fR"},"content":{"rendered":"<p><b>2006-c\u0131 il 1 iyun tarixind\u0259n etibar\u0259n Az\u0259rbaycanda u\u015faqlar \u00fc\u00e7\u00fcn m\u00fcavin\u0259t verilmir.<\/p>\n<p><\/b><strong>ARANTV.AZ\u00a0<\/strong> X\u0259z\u0259r TV-y\u0259 istinad\u0259n x\u0259b\u0259r verir ki, h\u0259min d\u00f6vrd\u0259 m\u00fcavin\u0259tin l\u0259\u011fvi \u00fcnvanl\u0131 sosial yard\u0131m\u0131n t\u0259tbiqi, u\u015faqlar \u00fc\u00e7\u00fcn veril\u0259n pulun m\u0259bl\u0259\u011finin \u00e7ox a\u015fa\u011f\u0131 olmas\u0131 il\u0259 \u0259sasland\u0131r\u0131lm\u0131\u015fd\u0131.<\/p>\n<p>Lakin son vaxtlar u\u015faqlar \u00fc\u00e7\u00fcn veril\u0259n m\u00fcavin\u0259tin b\u0259rpas\u0131 m\u0259s\u0259l\u0259si m\u00fct\u0259madi olaraq g\u00fcnd\u0259m\u0259 g\u0259tirilir. M\u00f6vzunu siyasil\u0259\u015fdirib iqtidara qar\u015f\u0131 istifad\u0259 etm\u0259 c\u0259hdl\u0259ri intensivl\u0259\u015fib.<\/p>\n<p>U\u015faq pulunun b\u0259rpa edilm\u0259si il\u0259 ba\u011fl\u0131 son d\u00f6vrl\u0259r m\u00fczakir\u0259l\u0259r apar\u0131l\u0131r. Bu v\u0259saitin yenid\u0259n v\u0259t\u0259nda\u015flara verilm\u0259si \u00fc\u00e7\u00fcn f\u0259rqli t\u0259klifl\u0259r ir\u0259li s\u00fcr\u00fcl\u00fcr.<\/p>\n<p>\u0130lk n\u00f6vb\u0259d\u0259 onu qeyd etm\u0259k laz\u0131md\u0131r ki, u\u015faq pullar\u0131 inki\u015faf etmi\u015f \u00f6lk\u0259l\u0259rd\u0259 verilir v\u0259 \u0259halinin azalmas\u0131n\u0131n qar\u015f\u0131n\u0131 almaq \u00fc\u00e7\u00fcn g\u00f6r\u00fcl\u0259n stimulla\u015fd\u0131r\u0131c\u0131 t\u0259dbir xarakteri da\u015f\u0131y\u0131r. Az\u0259rbaycanda is\u0259 \u0259halinin azalmas\u0131 kimi hal yoxdur.<\/p>\n<p>Mill\u0259t v\u0259kili Ayd\u0131n H\u00fcseynov deyir ki, u\u015faq pulunun b\u0259rpa edilm\u0259si \u00fc\u00e7\u00fcn laz\u0131m olan dig\u0259r t\u0259l\u0259bl\u0259r d\u0259 Az\u0259rbaycanda aktual deyil. Mill\u0259t v\u0259kili qeyd edir ki, u\u015faq pulu adlanan v\u0259sait Sosialist d\u00fc\u015f\u0259rg\u0259sin\u0259 daxil olan ke\u00e7mi\u015f \u00f6lk\u0259l\u0259rin b\u0259zisind\u0259 is\u0259 h\u0259l\u0259 d\u0259 azt\u0259minatl\u0131, \u00e7oxu\u015faql\u0131 ail\u0259l\u0259r\u0259 sosial yard\u0131m m\u0259qs\u0259dil\u0259 verilir.<\/p>\n<p>Az\u0259rbaycanda azt\u0259minatl\u0131 ail\u0259l\u0259rin rifah hal\u0131n\u0131n yax\u015f\u0131la\u015fd\u0131r\u0131lmas\u0131 m\u0259qs\u0259dil\u0259 ciddi t\u0259dbirl\u0259r h\u0259yata ke\u00e7irilir.<\/p>\n<p>\u00d6lk\u0259d\u0259 n\u0259inki azt\u0259minatl\u0131 ail\u0259l\u0259r, dig\u0259r t\u0259b\u0259q\u0259d\u0259n olan insanlar\u0131n da inki\u015faf\u0131 namin\u0259 ciddi layih\u0259 v\u0259 proqramlar var.<\/p>\n<p>Ayd\u0131n H\u00fcseynovun s\u00f6zl\u0259rin\u0259 g\u00f6r\u0259, bu tipli t\u0259klifl\u0259rin ir\u0259li s\u00fcr\u00fclm\u0259si \u00f6lk\u0259nin u\u011furlar\u0131n\u0131 h\u0259zm ed\u0259 bilm\u0259y\u0259n q\u00fcvv\u0259l\u0259rin n\u00f6vb\u0259ti u\u011fursuz add\u0131m\u0131d\u0131r.<\/p>\n<p>Ayd\u0131n H\u00fcseynov vur\u011fulay\u0131b ki,u\u015faq pulu m\u00f6vzusu \u0259traf\u0131nda m\u00fczakir\u0259l\u0259r manipulyativdir. Az\u0259rbaycan h\u00f6kum\u0259ti h\u0259yata ke\u00e7irdiyi siyas\u0259tl\u0259 ali m\u0259qs\u0259dinin n\u0259 oldu\u011funu h\u0259r d\u0259f\u0259 s\u00fcbut edir.<\/p>\n","protected":false},"excerpt":{"rendered":"<p>2006-c\u0131 il 1 iyun tarixind\u0259n etibar\u0259n Az\u0259rbaycanda u\u015faqlar \u00fc\u00e7\u00fcn m\u00fcavin\u0259t verilmir. ARANTV.AZ\u00a0 X\u0259z\u0259r TV-y\u0259 istinad\u0259n x\u0259b\u0259r verir ki, h\u0259min d\u00f6vrd\u0259 m\u00fcavin\u0259tin l\u0259\u011fvi \u00fcnvanl\u0131 sosial yard\u0131m\u0131n t\u0259tbiqi, u\u015faqlar \u00fc\u00e7\u00fcn veril\u0259n pulun m\u0259bl\u0259\u011finin \u00e7ox a\u015fa\u011f\u0131 olmas\u0131 il\u0259 \u0259sasland\u0131r\u0131lm\u0131\u015fd\u0131. Lakin son vaxtlar u\u015faqlar \u00fc\u00e7\u00fcn veril\u0259n m\u00fcavin\u0259tin b\u0259rpas\u0131 m\u0259s\u0259l\u0259si m\u00fct\u0259madi olaraq g\u00fcnd\u0259m\u0259 g\u0259tirilir. M\u00f6vzunu siyasil\u0259\u015fdirib iqtidara qar\u015f\u0131 istifad\u0259 etm\u0259 c\u0259hdl\u0259ri intensivl\u0259\u015fib. U\u015faq pulunun b\u0259rpa edilm\u0259si il\u0259 ba\u011fl\u0131 son d\u00f6vrl\u0259r m\u00fczakir\u0259l\u0259r apar\u0131l\u0131r. Bu v\u0259saitin yenid\u0259n v\u0259t\u0259nda\u015flara verilm\u0259si \u00fc\u00e7\u00fcn f\u0259rqli t\u0259klifl\u0259r ir\u0259li s\u00fcr\u00fcl\u00fcr. \u0130lk n\u00f6vb\u0259d\u0259 onu qeyd etm\u0259k laz\u0131md\u0131r ki, u\u015faq pullar\u0131 inki\u015faf etmi\u015f \u00f6lk\u0259l\u0259rd\u0259 verilir&hellip;<\/p>\n","protected":false},"author":2,"featured_media":76845,"comment_status":"closed","ping_status":"closed","sticky":false,"template":"","format":"standard","meta":{"om_disable_all_campaigns":false,"_monsterinsights_skip_tracking":false,"_monsterinsights_sitenote_active":false,"_monsterinsights_sitenote_note":"","_monsterinsights_sitenote_category":0},"categories":[1],"tags":[],"aioseo_notices":[],"gutentor_comment":0,"rttpg_featured_image_url":{"full":["https:\/\/arantv.az\/wp-content\/uploads\/2019\/09\/1567660256_10888564_826469497412115_4917885373180377635_n.jpg",554,362,false],"landscape":["https:\/\/arantv.az\/wp-content\/uploads\/2019\/09\/1567660256_10888564_826469497412115_4917885373180377635_n.jpg",554,362,false],"portraits":["https:\/\/arantv.az\/wp-content\/uploads\/2019\/09\/1567660256_10888564_826469497412115_4917885373180377635_n.jpg",554,362,false],"thumbnail":["https:\/\/arantv.az\/wp-content\/uploads\/2019\/09\/1567660256_10888564_826469497412115_4917885373180377635_n-150x150.jpg",150,150,true],"medium":["https:\/\/arantv.az\/wp-content\/uploads\/2019\/09\/1567660256_10888564_826469497412115_4917885373180377635_n-300x196.jpg",300,196,true],"large":["https:\/\/arantv.az\/wp-content\/uploads\/2019\/09\/1567660256_10888564_826469497412115_4917885373180377635_n.jpg",554,362,false],"1536x1536":["https:\/\/arantv.az\/wp-content\/uploads\/2019\/09\/1567660256_10888564_826469497412115_4917885373180377635_n.jpg",554,362,false],"2048x2048":["https:\/\/arantv.az\/wp-content\/uploads\/2019\/09\/1567660256_10888564_826469497412115_4917885373180377635_n.jpg",554,362,false],"post-thumbnail":["https:\/\/arantv.az\/wp-content\/uploads\/2019\/09\/1567660256_10888564_826469497412115_4917885373180377635_n-240x172.jpg",240,172,true],"advps-thumb-one":["https:\/\/arantv.az\/wp-content\/uploads\/2019\/09\/1567660256_10888564_826469497412115_4917885373180377635_n.jpg",554,362,false]},"rttpg_author":{"display_name":"V\u00fcsal Rafiqo\u011flu","author_link":"https:\/\/arantv.az\/?author=2"},"rttpg_comment":0,"rttpg_category":"<a href=\"https:\/\/arantv.az\/?cat=1\" rel=\"category\">C\u0259miyy\u0259t<\/a>","rttpg_excerpt":"2006-c\u0131 il 1 iyun tarixind\u0259n etibar\u0259n Az\u0259rbaycanda u\u015faqlar \u00fc\u00e7\u00fcn m\u00fcavin\u0259t verilmir. ARANTV.AZ\u00a0 X\u0259z\u0259r TV-y\u0259 istinad\u0259n x\u0259b\u0259r verir ki, h\u0259min d\u00f6vrd\u0259 m\u00fcavin\u0259tin l\u0259\u011fvi \u00fcnvanl\u0131 sosial yard\u0131m\u0131n t\u0259tbiqi, u\u015faqlar \u00fc\u00e7\u00fcn veril\u0259n pulun m\u0259bl\u0259\u011finin \u00e7ox a\u015fa\u011f\u0131 olmas\u0131 il\u0259 \u0259sasland\u0131r\u0131lm\u0131\u015fd\u0131. Lakin son vaxtlar u\u015faqlar \u00fc\u00e7\u00fcn veril\u0259n m\u00fcavin\u0259tin b\u0259rpas\u0131 m\u0259s\u0259l\u0259si m\u00fct\u0259madi olaraq g\u00fcnd\u0259m\u0259 g\u0259tirilir. M\u00f6vzunu siyasil\u0259\u015fdirib iqtidara qar\u015f\u0131 istifad\u0259 etm\u0259&hellip;","_links":{"self":[{"href":"https:\/\/arantv.az\/index.php?rest_route=\/wp\/v2\/posts\/76844"}],"collection":[{"href":"https:\/\/arantv.az\/index.php?rest_route=\/wp\/v2\/posts"}],"about":[{"href":"https:\/\/arantv.az\/index.php?rest_route=\/wp\/v2\/types\/post"}],"author":[{"embeddable":true,"href":"https:\/\/arantv.az\/index.php?rest_route=\/wp\/v2\/users\/2"}],"replies":[{"embeddable":true,"href":"https:\/\/arantv.az\/index.php?rest_route=%2Fwp%2Fv2%2Fcomments&post=76844"}],"version-history":[{"count":0,"href":"https:\/\/arantv.az\/index.php?rest_route=\/wp\/v2\/posts\/76844\/revisions"}],"wp:featuredmedia":[{"embeddable":true,"href":"https:\/\/arantv.az\/index.php?rest_route=\/wp\/v2\/media\/76845"}],"wp:attachment":[{"href":"https:\/\/arantv.az\/index.php?rest_route=%2Fwp%2Fv2%2Fmedia&parent=76844"}],"wp:term":[{"taxonomy":"category","embeddable":true,"href":"https:\/\/arantv.az\/index.php?rest_route=%2Fwp%2Fv2%2Fcategories&post=76844"},{"taxonomy":"post_tag","embeddable":true,"href":"https:\/\/arantv.az\/index.php?rest_route=%2Fwp%2Fv2%2Ftags&post=76844"}],"curies":[{"name":"wp","href":"https:\/\/api.w.org\/{rel}","templated":true}]}}