{"id":768627,"date":"2024-11-14T07:59:58","date_gmt":"2024-11-14T03:59:58","guid":{"rendered":"https:\/\/arantv.az\/?p=768627"},"modified":"2024-11-14T07:59:58","modified_gmt":"2024-11-14T03:59:58","slug":"az%c9%99rbaycan-v%c9%99-beyn%c9%99lxalq-miqrasiya-t%c9%99skilati-arasinda-cop29-c%c9%99rciv%c9%99sind%c9%99-t%c9%99r%c9%99fdasliq-muzakir%c9%99-olunub","status":"publish","type":"post","link":"https:\/\/arantv.az\/?p=768627","title":{"rendered":"Az\u0259rbaycan v\u0259 Beyn\u0259lxalq Miqrasiya T\u0259\u015fkilat\u0131 aras\u0131nda COP29 \u00e7\u0259r\u00e7iv\u0259sind\u0259 t\u0259r\u0259fda\u015fl\u0131q m\u00fczakir\u0259 olunub"},"content":{"rendered":"<p>Az\u0259rbaycan Respublikas\u0131n\u0131n xarici i\u015fl\u0259r naziri Ceyhun Bayramov BMT-nin \u0130qlim D\u0259yi\u015fm\u0259l\u0259ri \u00fczr\u0259 \u00c7\u0259r\u00e7iv\u0259 Konvensiyas\u0131n\u0131n 29-cu sessiyas\u0131n\u0131n (COP29) D\u00fcnya Liderl\u0259rinin \u0130qlim F\u0259aliyy\u0259ti Sammiti \u00e7\u0259r\u00e7iv\u0259sind\u0259 Beyn\u0259lxalq Miqrasiya T\u0259\u015fkilat\u0131n\u0131n ba\u015f direktoru Emi Poup il\u0259 g\u00f6r\u00fc\u015f\u00fcb.<\/p>\n<p>Bu bar\u0259d\u0259 Az\u0259rbaycan Xarici \u0130\u015fl\u0259r Nazirliyind\u0259n bildirilib.<\/p>\n<p>G\u00f6r\u00fc\u015fd\u0259 Az\u0259rbaycan v\u0259 Beyn\u0259lxalq Miqrasiya T\u0259\u015fkilat\u0131 aras\u0131nda m\u00fcxt\u0259lif istiqam\u0259tl\u0259r \u00fczr\u0259 \u0259m\u0259kda\u015fl\u0131q perspektivl\u0259ri, habel\u0259 COP29 s\u0259drliyimiz \u00e7\u0259r\u00e7iv\u0259sind\u0259 t\u0259r\u0259fda\u015fl\u0131q imkanlar\u0131 \u0259traf\u0131nda fikir m\u00fcbadil\u0259si apar\u0131l\u0131b.<\/p>\n<p>Nazir \u00f6lk\u0259mizin COP29 s\u0259drliyi, apar\u0131lan dan\u0131\u015f\u0131qlar prosesi bar\u0259d\u0259 \u0259trafl\u0131 m\u0259lumat verib, s\u0259drliyin t\u0259hvil al\u0131nmas\u0131, habel\u0259 sessiyaya haz\u0131rl\u0131q i\u015fl\u0259ri \u00e7\u0259r\u00e7iv\u0259sind\u0259 BMT, onun ixtisasla\u015fm\u0131\u015f qurumlar\u0131 il\u0259 yax\u0131ndan \u0259m\u0259kda\u015fl\u0131q etdiyimizi diqq\u0259t\u0259 \u00e7atd\u0131r\u0131b. \u00d6lk\u0259miz t\u0259r\u0259find\u0259n edil\u0259n bu se\u00e7imin iqlim d\u0259yi\u015fikliyi il\u0259 m\u00fcbariz\u0259 s\u0259yl\u0259rinin \u0259laq\u0259l\u0259ndirilm\u0259si v\u0259 davaml\u0131l\u0131\u011f\u0131n\u0131n t\u0259mini bax\u0131m\u0131ndan \u0259h\u0259miyy\u0259ti vur\u011fulan\u0131b.<\/p>\n<p>\u0130qlim d\u0259yi\u015fikliyinin t\u0259sirl\u0259rin\u0259 m\u0259ruz qalan bir \u00f6lk\u0259 kimi Az\u0259rbaycan\u0131n h\u0259l\u0259 COP29 s\u0259drliyimizd\u0259n \u00e7ox \u00f6nc\u0259 \u0259traf m\u00fchitin qorunmas\u0131 m\u0259s\u0259l\u0259l\u0259rini milli inki\u015faf strategiyam\u0131z\u0131n m\u0259rk\u0259zin\u0259 g\u0259tirdiyi, s\u0259drliyimiz \u00e7\u0259r\u00e7iv\u0259sind\u0259 is\u0259 bu istiqam\u0259td\u0259 qlobal s\u0259yl\u0259r\u0259 t\u00f6hf\u0259 verm\u0259k niyy\u0259tind\u0259 oldu\u011fumuz bildirilib.<\/p>\n<p>Ba\u015f direktor Emi Poup COP29 s\u0259drliyini t\u0259hvil almas\u0131 m\u00fcnasib\u0259til\u0259 \u00f6lk\u0259miz\u0259 t\u0259brikl\u0259rini \u00e7atd\u0131r\u0131b, s\u0259drlik d\u00f6vr\u00fcnd\u0259 f\u0259aliyy\u0259tl\u0259rind\u0259 u\u011furlar arzu edib.<\/p>\n<p>\u0130qlim d\u0259yi\u015fikliyi n\u0259tic\u0259sind\u0259 bir \u00e7ox insan\u0131n miqrasiya etdiyini n\u0259z\u0259r\u0259 alaraq, bu bax\u0131mdan T\u0259\u015fkilat\u0131n \u0259sas fokusunun h\u0259min insanlar\u0131n uy\u011funla\u015fmas\u0131, onlara d\u0259y\u0259n z\u0259r\u0259rl\u0259rin aradan qald\u0131r\u0131lmas\u0131na d\u0259st\u0259k oldu\u011fu qeyd edilib. Bu bax\u0131mdan, s\u0259drliyimizin iqlim maliyy\u0259si prioritetini ir\u0259li s\u00fcrm\u0259sinin bu kimi m\u0259s\u0259l\u0259l\u0259rin h\u0259llini tapmas\u0131na t\u00f6hf\u0259 bax\u0131m\u0131ndan \u0259h\u0259miyy\u0259ti qeyd olunub.<\/p>\n<p>G\u00f6r\u00fc\u015f zaman\u0131, h\u0259m\u00e7inin qar\u015f\u0131l\u0131ql\u0131 maraq do\u011furan dig\u0259r m\u0259s\u0259l\u0259l\u0259r \u0259traf\u0131nda fikir m\u00fcbadil\u0259si apar\u0131l\u0131b.<\/p>\n","protected":false},"excerpt":{"rendered":"<p>Az\u0259rbaycan Respublikas\u0131n\u0131n xarici i\u015fl\u0259r naziri Ceyhun Bayramov BMT-nin \u0130qlim D\u0259yi\u015fm\u0259l\u0259ri \u00fczr\u0259 \u00c7\u0259r\u00e7iv\u0259 Konvensiyas\u0131n\u0131n 29-cu sessiyas\u0131n\u0131n (COP29) D\u00fcnya Liderl\u0259rinin \u0130qlim F\u0259aliyy\u0259ti Sammiti \u00e7\u0259r\u00e7iv\u0259sind\u0259 Beyn\u0259lxalq Miqrasiya T\u0259\u015fkilat\u0131n\u0131n ba\u015f direktoru Emi Poup il\u0259 g\u00f6r\u00fc\u015f\u00fcb. Bu bar\u0259d\u0259 Az\u0259rbaycan Xarici \u0130\u015fl\u0259r Nazirliyind\u0259n bildirilib. G\u00f6r\u00fc\u015fd\u0259 Az\u0259rbaycan v\u0259 Beyn\u0259lxalq Miqrasiya T\u0259\u015fkilat\u0131 aras\u0131nda m\u00fcxt\u0259lif istiqam\u0259tl\u0259r \u00fczr\u0259 \u0259m\u0259kda\u015fl\u0131q perspektivl\u0259ri, habel\u0259 COP29 s\u0259drliyimiz \u00e7\u0259r\u00e7iv\u0259sind\u0259 t\u0259r\u0259fda\u015fl\u0131q imkanlar\u0131 \u0259traf\u0131nda fikir m\u00fcbadil\u0259si apar\u0131l\u0131b. Nazir \u00f6lk\u0259mizin COP29 s\u0259drliyi, apar\u0131lan dan\u0131\u015f\u0131qlar prosesi bar\u0259d\u0259 \u0259trafl\u0131 m\u0259lumat verib, s\u0259drliyin t\u0259hvil al\u0131nmas\u0131, habel\u0259 sessiyaya haz\u0131rl\u0131q i\u015fl\u0259ri \u00e7\u0259r\u00e7iv\u0259sind\u0259 BMT, onun ixtisasla\u015fm\u0131\u015f qurumlar\u0131 il\u0259 yax\u0131ndan \u0259m\u0259kda\u015fl\u0131q etdiyimizi diqq\u0259t\u0259 \u00e7atd\u0131r\u0131b. \u00d6lk\u0259miz&hellip;<\/p>\n","protected":false},"author":2,"featured_media":768628,"comment_status":"closed","ping_status":"closed","sticky":false,"template":"","format":"standard","meta":{"om_disable_all_campaigns":false,"_monsterinsights_skip_tracking":false,"_monsterinsights_sitenote_active":false,"_monsterinsights_sitenote_note":"","_monsterinsights_sitenote_category":0},"categories":[4],"tags":[],"aioseo_notices":[],"gutentor_comment":0,"rttpg_featured_image_url":{"full":["https:\/\/arantv.az\/wp-content\/uploads\/2024\/11\/dbc4195da85a75746212682573842bd0.jpg",850,500,false],"landscape":["https:\/\/arantv.az\/wp-content\/uploads\/2024\/11\/dbc4195da85a75746212682573842bd0.jpg",850,500,false],"portraits":["https:\/\/arantv.az\/wp-content\/uploads\/2024\/11\/dbc4195da85a75746212682573842bd0.jpg",850,500,false],"thumbnail":["https:\/\/arantv.az\/wp-content\/uploads\/2024\/11\/dbc4195da85a75746212682573842bd0-500x280.jpg",500,280,true],"medium":["https:\/\/arantv.az\/wp-content\/uploads\/2024\/11\/dbc4195da85a75746212682573842bd0-621x365.jpg",621,365,true],"large":["https:\/\/arantv.az\/wp-content\/uploads\/2024\/11\/dbc4195da85a75746212682573842bd0-840x494.jpg",640,376,true],"1536x1536":["https:\/\/arantv.az\/wp-content\/uploads\/2024\/11\/dbc4195da85a75746212682573842bd0.jpg",850,500,false],"2048x2048":["https:\/\/arantv.az\/wp-content\/uploads\/2024\/11\/dbc4195da85a75746212682573842bd0.jpg",850,500,false],"post-thumbnail":["https:\/\/arantv.az\/wp-content\/uploads\/2024\/11\/dbc4195da85a75746212682573842bd0-240x172.jpg",240,172,true],"advps-thumb-one":["https:\/\/arantv.az\/wp-content\/uploads\/2024\/11\/dbc4195da85a75746212682573842bd0.jpg",850,500,false]},"rttpg_author":{"display_name":"V\u00fcsal Rafiqo\u011flu","author_link":"https:\/\/arantv.az\/?author=2"},"rttpg_comment":0,"rttpg_category":"<a href=\"https:\/\/arantv.az\/?cat=4\" rel=\"category\">Siyas\u0259t<\/a>","rttpg_excerpt":"Az\u0259rbaycan Respublikas\u0131n\u0131n xarici i\u015fl\u0259r naziri Ceyhun Bayramov BMT-nin \u0130qlim D\u0259yi\u015fm\u0259l\u0259ri \u00fczr\u0259 \u00c7\u0259r\u00e7iv\u0259 Konvensiyas\u0131n\u0131n 29-cu sessiyas\u0131n\u0131n (COP29) D\u00fcnya Liderl\u0259rinin \u0130qlim F\u0259aliyy\u0259ti Sammiti \u00e7\u0259r\u00e7iv\u0259sind\u0259 Beyn\u0259lxalq Miqrasiya T\u0259\u015fkilat\u0131n\u0131n ba\u015f direktoru Emi Poup il\u0259 g\u00f6r\u00fc\u015f\u00fcb. Bu bar\u0259d\u0259 Az\u0259rbaycan Xarici \u0130\u015fl\u0259r Nazirliyind\u0259n bildirilib. G\u00f6r\u00fc\u015fd\u0259 Az\u0259rbaycan v\u0259 Beyn\u0259lxalq Miqrasiya T\u0259\u015fkilat\u0131 aras\u0131nda m\u00fcxt\u0259lif istiqam\u0259tl\u0259r \u00fczr\u0259 \u0259m\u0259kda\u015fl\u0131q perspektivl\u0259ri, habel\u0259 COP29 s\u0259drliyimiz \u00e7\u0259r\u00e7iv\u0259sind\u0259 t\u0259r\u0259fda\u015fl\u0131q&hellip;","_links":{"self":[{"href":"https:\/\/arantv.az\/index.php?rest_route=\/wp\/v2\/posts\/768627"}],"collection":[{"href":"https:\/\/arantv.az\/index.php?rest_route=\/wp\/v2\/posts"}],"about":[{"href":"https:\/\/arantv.az\/index.php?rest_route=\/wp\/v2\/types\/post"}],"author":[{"embeddable":true,"href":"https:\/\/arantv.az\/index.php?rest_route=\/wp\/v2\/users\/2"}],"replies":[{"embeddable":true,"href":"https:\/\/arantv.az\/index.php?rest_route=%2Fwp%2Fv2%2Fcomments&post=768627"}],"version-history":[{"count":2,"href":"https:\/\/arantv.az\/index.php?rest_route=\/wp\/v2\/posts\/768627\/revisions"}],"predecessor-version":[{"id":768630,"href":"https:\/\/arantv.az\/index.php?rest_route=\/wp\/v2\/posts\/768627\/revisions\/768630"}],"wp:featuredmedia":[{"embeddable":true,"href":"https:\/\/arantv.az\/index.php?rest_route=\/wp\/v2\/media\/768628"}],"wp:attachment":[{"href":"https:\/\/arantv.az\/index.php?rest_route=%2Fwp%2Fv2%2Fmedia&parent=768627"}],"wp:term":[{"taxonomy":"category","embeddable":true,"href":"https:\/\/arantv.az\/index.php?rest_route=%2Fwp%2Fv2%2Fcategories&post=768627"},{"taxonomy":"post_tag","embeddable":true,"href":"https:\/\/arantv.az\/index.php?rest_route=%2Fwp%2Fv2%2Ftags&post=768627"}],"curies":[{"name":"wp","href":"https:\/\/api.w.org\/{rel}","templated":true}]}}