{"id":768634,"date":"2024-11-14T08:01:34","date_gmt":"2024-11-14T04:01:34","guid":{"rendered":"https:\/\/arantv.az\/?p=768634"},"modified":"2024-11-14T08:01:34","modified_gmt":"2024-11-14T04:01:34","slug":"fatih-terim-d%c9%99-bakiya-g%c9%99lir","status":"publish","type":"post","link":"https:\/\/arantv.az\/?p=768634","title":{"rendered":"Fatih Terim d\u0259 Bak\u0131ya g\u0259lir"},"content":{"rendered":"<p>Bak\u0131da ke\u00e7iril\u0259n BMT-nin \u0130qlim D\u0259yi\u015fm\u0259l\u0259ri \u00fczr\u0259 \u00c7\u0259r\u00e7iv\u0259 Konvensiyas\u0131n\u0131n T\u0259r\u0259fl\u0259r Konfrans\u0131n\u0131n 29-cu sessiyas\u0131 (COP29) \u00e7\u0259r\u00e7iv\u0259sind\u0259 futbol d\u00fcnyas\u0131ndan daha bir tan\u0131nm\u0131\u015f sima \u00f6lk\u0259miz\u0259 g\u0259l\u0259c\u0259k.<\/p>\n<p>&#8220;Qafqazinfo&#8221;nun m\u0259lumat\u0131na g\u00f6r\u0259, s\u00f6hb\u0259t T\u00fcrkiy\u0259 millisinin v\u0259 &#8220;Qalatasaray&#8221;\u0131n sabiq ba\u015f m\u0259\u015fq\u00e7isi Fatih Terimd\u0259n gedir.<\/p>\n<div class=\"AdviadNativeVideo\"><\/div>\n<p>M\u0259s\u0259l\u0259 buras\u0131ndad\u0131r ki, COP29 \u00e7\u0259r\u00e7iv\u0259sind\u0259 futbol klublar\u0131n\u0131n iqlim d\u0259yi\u015fikliyi il\u0259 m\u00fcbariz\u0259d\u0259 birg\u0259 alyans\u0131 yarad\u0131lacaq. Bu t\u0259\u015f\u0259bb\u00fcsl\u0259 son Az\u0259rbaycan \u00e7empionu &#8220;Qaraba\u011f&#8221; \u00e7\u0131x\u0131\u015f edib. T\u0259cr\u00fcb\u0259li m\u00fct\u0259x\u0259ssis t\u0259dbird\u0259 i\u015ftirak etm\u0259k \u00fc\u00e7\u00fcn Bak\u0131ya t\u0259\u015frif buyuracaq.<\/p>\n<p>Qeyd ed\u0259k ki, alyans\u0131n yarad\u0131lmas\u0131 il\u0259 ba\u011fl\u0131 t\u0259dbir noyabr\u0131n 16-da saat 14:00-da Mavi zonan\u0131n &#8220;N\u0259simi&#8221; zal\u0131nda ba\u015f tutacaq v\u0259 Mavi zona \u00fc\u00e7\u00fcn akkreditasiyadan ke\u00e7\u0259n h\u0259r k\u0259s \u00fc\u00e7\u00fcn a\u00e7\u0131q olacaq.<\/p>\n","protected":false},"excerpt":{"rendered":"<p>Bak\u0131da ke\u00e7iril\u0259n BMT-nin \u0130qlim D\u0259yi\u015fm\u0259l\u0259ri \u00fczr\u0259 \u00c7\u0259r\u00e7iv\u0259 Konvensiyas\u0131n\u0131n T\u0259r\u0259fl\u0259r Konfrans\u0131n\u0131n 29-cu sessiyas\u0131 (COP29) \u00e7\u0259r\u00e7iv\u0259sind\u0259 futbol d\u00fcnyas\u0131ndan daha bir tan\u0131nm\u0131\u015f sima \u00f6lk\u0259miz\u0259 g\u0259l\u0259c\u0259k. &#8220;Qafqazinfo&#8221;nun m\u0259lumat\u0131na g\u00f6r\u0259, s\u00f6hb\u0259t T\u00fcrkiy\u0259 millisinin v\u0259 &#8220;Qalatasaray&#8221;\u0131n sabiq ba\u015f m\u0259\u015fq\u00e7isi Fatih Terimd\u0259n gedir. M\u0259s\u0259l\u0259 buras\u0131ndad\u0131r ki, COP29 \u00e7\u0259r\u00e7iv\u0259sind\u0259 futbol klublar\u0131n\u0131n iqlim d\u0259yi\u015fikliyi il\u0259 m\u00fcbariz\u0259d\u0259 birg\u0259 alyans\u0131 yarad\u0131lacaq. Bu t\u0259\u015f\u0259bb\u00fcsl\u0259 son Az\u0259rbaycan \u00e7empionu &#8220;Qaraba\u011f&#8221; \u00e7\u0131x\u0131\u015f edib. T\u0259cr\u00fcb\u0259li m\u00fct\u0259x\u0259ssis t\u0259dbird\u0259 i\u015ftirak etm\u0259k \u00fc\u00e7\u00fcn Bak\u0131ya t\u0259\u015frif buyuracaq. Qeyd ed\u0259k ki, alyans\u0131n yarad\u0131lmas\u0131 il\u0259 ba\u011fl\u0131 t\u0259dbir noyabr\u0131n 16-da saat 14:00-da Mavi zonan\u0131n &#8220;N\u0259simi&#8221; zal\u0131nda ba\u015f tutacaq v\u0259 Mavi zona \u00fc\u00e7\u00fcn akkreditasiyadan&hellip;<\/p>\n","protected":false},"author":2,"featured_media":768635,"comment_status":"closed","ping_status":"closed","sticky":false,"template":"","format":"standard","meta":{"om_disable_all_campaigns":false,"_monsterinsights_skip_tracking":false,"_monsterinsights_sitenote_active":false,"_monsterinsights_sitenote_note":"","_monsterinsights_sitenote_category":0},"categories":[19],"tags":[],"aioseo_notices":[],"gutentor_comment":0,"rttpg_featured_image_url":{"full":["https:\/\/arantv.az\/wp-content\/uploads\/2024\/11\/fatih_21731526030.jpg",637,400,false],"landscape":["https:\/\/arantv.az\/wp-content\/uploads\/2024\/11\/fatih_21731526030.jpg",637,400,false],"portraits":["https:\/\/arantv.az\/wp-content\/uploads\/2024\/11\/fatih_21731526030.jpg",637,400,false],"thumbnail":["https:\/\/arantv.az\/wp-content\/uploads\/2024\/11\/fatih_21731526030-500x280.jpg",500,280,true],"medium":["https:\/\/arantv.az\/wp-content\/uploads\/2024\/11\/fatih_21731526030-581x365.jpg",581,365,true],"large":["https:\/\/arantv.az\/wp-content\/uploads\/2024\/11\/fatih_21731526030.jpg",637,400,false],"1536x1536":["https:\/\/arantv.az\/wp-content\/uploads\/2024\/11\/fatih_21731526030.jpg",637,400,false],"2048x2048":["https:\/\/arantv.az\/wp-content\/uploads\/2024\/11\/fatih_21731526030.jpg",637,400,false],"post-thumbnail":["https:\/\/arantv.az\/wp-content\/uploads\/2024\/11\/fatih_21731526030-240x172.jpg",240,172,true],"advps-thumb-one":["https:\/\/arantv.az\/wp-content\/uploads\/2024\/11\/fatih_21731526030.jpg",637,400,false]},"rttpg_author":{"display_name":"V\u00fcsal Rafiqo\u011flu","author_link":"https:\/\/arantv.az\/?author=2"},"rttpg_comment":0,"rttpg_category":"<a href=\"https:\/\/arantv.az\/?cat=19\" rel=\"category\">G\u00fcnd\u0259m<\/a>","rttpg_excerpt":"Bak\u0131da ke\u00e7iril\u0259n BMT-nin \u0130qlim D\u0259yi\u015fm\u0259l\u0259ri \u00fczr\u0259 \u00c7\u0259r\u00e7iv\u0259 Konvensiyas\u0131n\u0131n T\u0259r\u0259fl\u0259r Konfrans\u0131n\u0131n 29-cu sessiyas\u0131 (COP29) \u00e7\u0259r\u00e7iv\u0259sind\u0259 futbol d\u00fcnyas\u0131ndan daha bir tan\u0131nm\u0131\u015f sima \u00f6lk\u0259miz\u0259 g\u0259l\u0259c\u0259k. &#8220;Qafqazinfo&#8221;nun m\u0259lumat\u0131na g\u00f6r\u0259, s\u00f6hb\u0259t T\u00fcrkiy\u0259 millisinin v\u0259 &#8220;Qalatasaray&#8221;\u0131n sabiq ba\u015f m\u0259\u015fq\u00e7isi Fatih Terimd\u0259n gedir. M\u0259s\u0259l\u0259 buras\u0131ndad\u0131r ki, COP29 \u00e7\u0259r\u00e7iv\u0259sind\u0259 futbol klublar\u0131n\u0131n iqlim d\u0259yi\u015fikliyi il\u0259 m\u00fcbariz\u0259d\u0259 birg\u0259 alyans\u0131 yarad\u0131lacaq. Bu t\u0259\u015f\u0259bb\u00fcsl\u0259 son Az\u0259rbaycan \u00e7empionu&hellip;","_links":{"self":[{"href":"https:\/\/arantv.az\/index.php?rest_route=\/wp\/v2\/posts\/768634"}],"collection":[{"href":"https:\/\/arantv.az\/index.php?rest_route=\/wp\/v2\/posts"}],"about":[{"href":"https:\/\/arantv.az\/index.php?rest_route=\/wp\/v2\/types\/post"}],"author":[{"embeddable":true,"href":"https:\/\/arantv.az\/index.php?rest_route=\/wp\/v2\/users\/2"}],"replies":[{"embeddable":true,"href":"https:\/\/arantv.az\/index.php?rest_route=%2Fwp%2Fv2%2Fcomments&post=768634"}],"version-history":[{"count":1,"href":"https:\/\/arantv.az\/index.php?rest_route=\/wp\/v2\/posts\/768634\/revisions"}],"predecessor-version":[{"id":768636,"href":"https:\/\/arantv.az\/index.php?rest_route=\/wp\/v2\/posts\/768634\/revisions\/768636"}],"wp:featuredmedia":[{"embeddable":true,"href":"https:\/\/arantv.az\/index.php?rest_route=\/wp\/v2\/media\/768635"}],"wp:attachment":[{"href":"https:\/\/arantv.az\/index.php?rest_route=%2Fwp%2Fv2%2Fmedia&parent=768634"}],"wp:term":[{"taxonomy":"category","embeddable":true,"href":"https:\/\/arantv.az\/index.php?rest_route=%2Fwp%2Fv2%2Fcategories&post=768634"},{"taxonomy":"post_tag","embeddable":true,"href":"https:\/\/arantv.az\/index.php?rest_route=%2Fwp%2Fv2%2Ftags&post=768634"}],"curies":[{"name":"wp","href":"https:\/\/api.w.org\/{rel}","templated":true}]}}