{"id":76869,"date":"2019-09-05T08:43:38","date_gmt":"2019-09-05T05:43:38","guid":{"rendered":"http:\/\/arantv.az\/?p=76869"},"modified":"2019-09-05T08:43:38","modified_gmt":"2019-09-05T05:43:38","slug":"bir-qrup-abonentin-qazi-k%c9%99sil%c9%99c%c9%99k","status":"publish","type":"post","link":"https:\/\/arantv.az\/?p=76869","title":{"rendered":"Bir qrup abonentin qaz\u0131 k\u0259sil\u0259c\u0259k"},"content":{"rendered":"<p>Sentyabr\u0131n 5-d\u0259 s\u0259h\u0259r saat 10:00-dan etibar\u0259n orta t\u0259zyiqli qaz k\u0259m\u0259rinin hava kompressoru vasit\u0259sil\u0259 kipliy\u0259 s\u0131naq olunmas\u0131 m\u0259qs\u0259dil\u0259 Sabun\u00e7u rayonu, Sabun\u00e7u q\u0259s\u0259b\u0259sind\u0259 bir qrup abonentin qaz t\u0259chizat\u0131 dayand\u0131r\u0131lacaq.<\/p>\n<p>Bu bar\u0259d\u0259 &#8220;Az\u0259riqaz&#8221; \u0130stehsalat Birliyi m\u0259lumat yay\u0131b.<\/p>\n<p>Bildirilib ki, \u00f6l\u00e7\u00fc cihazlar\u0131n\u0131n metroloji g\u00f6st\u0259ricil\u0259rinin t\u0259fti\u015f olunmas\u0131 il\u0259 ba\u011fl\u0131 X\u0259z\u0259r rayonunun \u015ea\u011fan, \u015e\u00fcv\u0259lan v\u0259 Qala q\u0259s\u0259b\u0259l\u0259rind\u0259 qaz\u0131n verili\u015find\u0259 q\u0131sam\u00fcdd\u0259tli fasil\u0259l\u0259r yaranacaq.<\/p>\n","protected":false},"excerpt":{"rendered":"<p>Sentyabr\u0131n 5-d\u0259 s\u0259h\u0259r saat 10:00-dan etibar\u0259n orta t\u0259zyiqli qaz k\u0259m\u0259rinin hava kompressoru vasit\u0259sil\u0259 kipliy\u0259 s\u0131naq olunmas\u0131 m\u0259qs\u0259dil\u0259 Sabun\u00e7u rayonu, Sabun\u00e7u q\u0259s\u0259b\u0259sind\u0259 bir qrup abonentin qaz t\u0259chizat\u0131 dayand\u0131r\u0131lacaq. Bu bar\u0259d\u0259 &#8220;Az\u0259riqaz&#8221; \u0130stehsalat Birliyi m\u0259lumat yay\u0131b. Bildirilib ki, \u00f6l\u00e7\u00fc cihazlar\u0131n\u0131n metroloji g\u00f6st\u0259ricil\u0259rinin t\u0259fti\u015f olunmas\u0131 il\u0259 ba\u011fl\u0131 X\u0259z\u0259r rayonunun \u015ea\u011fan, \u015e\u00fcv\u0259lan v\u0259 Qala q\u0259s\u0259b\u0259l\u0259rind\u0259 qaz\u0131n verili\u015find\u0259 q\u0131sam\u00fcdd\u0259tli fasil\u0259l\u0259r yaranacaq.<\/p>\n","protected":false},"author":2,"featured_media":76870,"comment_status":"closed","ping_status":"closed","sticky":false,"template":"","format":"standard","meta":{"om_disable_all_campaigns":false,"_monsterinsights_skip_tracking":false,"_monsterinsights_sitenote_active":false,"_monsterinsights_sitenote_note":"","_monsterinsights_sitenote_category":0},"categories":[1],"tags":[],"aioseo_notices":[],"gutentor_comment":0,"rttpg_featured_image_url":{"full":["https:\/\/arantv.az\/wp-content\/uploads\/2019\/09\/gas-stove-gas-line-installation-calgary.jpg",620,414,false],"landscape":["https:\/\/arantv.az\/wp-content\/uploads\/2019\/09\/gas-stove-gas-line-installation-calgary.jpg",620,414,false],"portraits":["https:\/\/arantv.az\/wp-content\/uploads\/2019\/09\/gas-stove-gas-line-installation-calgary.jpg",620,414,false],"thumbnail":["https:\/\/arantv.az\/wp-content\/uploads\/2019\/09\/gas-stove-gas-line-installation-calgary-150x150.jpg",150,150,true],"medium":["https:\/\/arantv.az\/wp-content\/uploads\/2019\/09\/gas-stove-gas-line-installation-calgary-300x200.jpg",300,200,true],"large":["https:\/\/arantv.az\/wp-content\/uploads\/2019\/09\/gas-stove-gas-line-installation-calgary.jpg",620,414,false],"1536x1536":["https:\/\/arantv.az\/wp-content\/uploads\/2019\/09\/gas-stove-gas-line-installation-calgary.jpg",620,414,false],"2048x2048":["https:\/\/arantv.az\/wp-content\/uploads\/2019\/09\/gas-stove-gas-line-installation-calgary.jpg",620,414,false],"post-thumbnail":["https:\/\/arantv.az\/wp-content\/uploads\/2019\/09\/gas-stove-gas-line-installation-calgary-240x172.jpg",240,172,true],"advps-thumb-one":["https:\/\/arantv.az\/wp-content\/uploads\/2019\/09\/gas-stove-gas-line-installation-calgary.jpg",620,414,false]},"rttpg_author":{"display_name":"V\u00fcsal Rafiqo\u011flu","author_link":"https:\/\/arantv.az\/?author=2"},"rttpg_comment":0,"rttpg_category":"<a href=\"https:\/\/arantv.az\/?cat=1\" rel=\"category\">C\u0259miyy\u0259t<\/a>","rttpg_excerpt":"Sentyabr\u0131n 5-d\u0259 s\u0259h\u0259r saat 10:00-dan etibar\u0259n orta t\u0259zyiqli qaz k\u0259m\u0259rinin hava kompressoru vasit\u0259sil\u0259 kipliy\u0259 s\u0131naq olunmas\u0131 m\u0259qs\u0259dil\u0259 Sabun\u00e7u rayonu, Sabun\u00e7u q\u0259s\u0259b\u0259sind\u0259 bir qrup abonentin qaz t\u0259chizat\u0131 dayand\u0131r\u0131lacaq. Bu bar\u0259d\u0259 &#8220;Az\u0259riqaz&#8221; \u0130stehsalat Birliyi m\u0259lumat yay\u0131b. Bildirilib ki, \u00f6l\u00e7\u00fc cihazlar\u0131n\u0131n metroloji g\u00f6st\u0259ricil\u0259rinin t\u0259fti\u015f olunmas\u0131 il\u0259 ba\u011fl\u0131 X\u0259z\u0259r rayonunun \u015ea\u011fan, \u015e\u00fcv\u0259lan v\u0259 Qala q\u0259s\u0259b\u0259l\u0259rind\u0259 qaz\u0131n verili\u015find\u0259 q\u0131sam\u00fcdd\u0259tli fasil\u0259l\u0259r&hellip;","_links":{"self":[{"href":"https:\/\/arantv.az\/index.php?rest_route=\/wp\/v2\/posts\/76869"}],"collection":[{"href":"https:\/\/arantv.az\/index.php?rest_route=\/wp\/v2\/posts"}],"about":[{"href":"https:\/\/arantv.az\/index.php?rest_route=\/wp\/v2\/types\/post"}],"author":[{"embeddable":true,"href":"https:\/\/arantv.az\/index.php?rest_route=\/wp\/v2\/users\/2"}],"replies":[{"embeddable":true,"href":"https:\/\/arantv.az\/index.php?rest_route=%2Fwp%2Fv2%2Fcomments&post=76869"}],"version-history":[{"count":0,"href":"https:\/\/arantv.az\/index.php?rest_route=\/wp\/v2\/posts\/76869\/revisions"}],"wp:featuredmedia":[{"embeddable":true,"href":"https:\/\/arantv.az\/index.php?rest_route=\/wp\/v2\/media\/76870"}],"wp:attachment":[{"href":"https:\/\/arantv.az\/index.php?rest_route=%2Fwp%2Fv2%2Fmedia&parent=76869"}],"wp:term":[{"taxonomy":"category","embeddable":true,"href":"https:\/\/arantv.az\/index.php?rest_route=%2Fwp%2Fv2%2Fcategories&post=76869"},{"taxonomy":"post_tag","embeddable":true,"href":"https:\/\/arantv.az\/index.php?rest_route=%2Fwp%2Fv2%2Ftags&post=76869"}],"curies":[{"name":"wp","href":"https:\/\/api.w.org\/{rel}","templated":true}]}}