{"id":76883,"date":"2019-09-05T10:08:56","date_gmt":"2019-09-05T07:08:56","guid":{"rendered":"http:\/\/arantv.az\/?p=76883"},"modified":"2019-09-05T10:08:56","modified_gmt":"2019-09-05T07:08:56","slug":"bakida-oz%c9%99l-sirk%c9%99t-tarixi-abid%c9%99ni-yerl%c9%99-yeksan-etdi-r%c9%99smil%c9%99r-is%c9%99-qarisdi-foto","status":"publish","type":"post","link":"https:\/\/arantv.az\/?p=76883","title":{"rendered":"Bak\u0131da \u00f6z\u0259l \u015firk\u0259t tarixi abid\u0259ni yerl\u0259-yeksan etdi, r\u0259smil\u0259r i\u015f\u0259 qar\u0131\u015fd\u0131 &#8211; FOTO"},"content":{"rendered":"<p>Bak\u0131n\u0131n X\u0259z\u0259r rayonunda yerl\u0259\u015f\u0259n tarixi abid\u0259 \u00f6z\u0259l \u015firk\u0259t t\u0259r\u0259find\u0259n da\u011f\u0131d\u0131l\u0131b.<\/p>\n<p><b>ARANTV.AZ<\/b>-\u0131n m\u0259lumat\u0131na g\u00f6r\u0259, bu bar\u0259d\u0259 \u015f\u0259kill\u0259r sosial \u015f\u0259b\u0259k\u0259l\u0259rd\u0259 yay\u0131l\u0131b.<\/p>\n<p>M\u0259lumata g\u00f6r\u0259, Bak\u0131n\u0131n X\u0259z\u0259r rayonunda yerl\u0259\u015f\u0259n K\u0259l\u0259za\u011f q\u0259dim ya\u015fay\u0131\u015f m\u0259nt\u0259q\u0259sind\u0259 XVI\u00a0\u0259sr\u0259, son \u015eirvan\u015faha aid oldu\u011fu g\u00fcman edil\u0259n m\u0259scid-m\u0259qb\u0259r\u0259 \u00f6z\u0259l \u015firk\u0259t t\u0259r\u0259find\u0259n yerl\u0259-yeksan edilib. Avqustun 30-da s\u00f6k\u00fcl\u0259n abid\u0259nin da\u015flar\u0131n\u0131n hara at\u0131ld\u0131\u011f\u0131 da m\u0259lum deyil.<\/p>\n<div id=\"AdviadNativeVideo0\" class=\"AdviadNativeVideo\"><\/div>\n<p>M\u0259s\u0259l\u0259 bar\u0259d\u0259\u00a0<strong>Oxu.Az<\/strong>-\u0131n \u0259m\u0259kda\u015f\u0131 M\u0259d\u0259niyy\u0259t Nazirliyi yan\u0131nda M\u0259d\u0259ni \u0130rsin Qorunmas\u0131, \u0130nki\u015faf\u0131 v\u0259 B\u0259rpas\u0131 \u00fczr\u0259 D\u00f6vl\u0259t Xidm\u0259ti il\u0259 \u0259laq\u0259 saxlay\u0131b.<\/p>\n<p>D\u00f6vl\u0259t Xidm\u0259tinin m\u0259tbuat katibi Fariz H\u00fcseynov sayt\u0131m\u0131z\u0131n sor\u011fusuna cavab olaraq bildirib ki, da\u011f\u0131d\u0131lan abid\u0259 bar\u0259d\u0259 ara\u015fd\u0131rma apar\u0131lacaq:<\/p>\n<p>&#8220;X\u0259z\u0259r rayonu, Zir\u0259 q\u0259s\u0259b\u0259 inzibati \u0259razi dair\u0259si \u00fczr\u0259 n\u00fcmay\u0259nd\u0259liyin \u0259razisind\u0259 yerl\u0259\u015f\u0259n, tarixi m\u0259nb\u0259l\u0259rd\u0259 K\u0259l\u0259za\u011f adland\u0131r\u0131lan &#8220;Q\u0131\u015flaq ya\u015fay\u0131\u015f yeri&#8221;nin da\u011f\u0131d\u0131lmas\u0131 bar\u0259d\u0259 daxil olmu\u015f m\u0259lumata \u0259sas\u0259n, \u0259m\u0259kda\u015flar\u0131m\u0131z abid\u0259y\u0259 bax\u0131\u015f ke\u00e7iribl\u0259r.<\/p>\n<p>Bax\u0131\u015f zaman\u0131 ya\u015fay\u0131\u015f yerinin \u0259razisind\u0259 yerl\u0259\u015f\u0259n q\u0259biristanl\u0131q v\u0259 \u015eirvan\u015fahlar d\u00f6vr\u00fcn\u0259 aid m\u0259qb\u0259r\u0259nin a\u011f\u0131r texnika vasit\u0259sil\u0259 da\u011f\u0131d\u0131laraq m\u0259hv edilm\u0259si fakt\u0131 m\u00fc\u0259yy\u0259n olunub.<\/p>\n<p>Hadis\u0259 il\u0259 ba\u011fl\u0131 X\u0259z\u0259r Rayon \u0130cra Hakimiyy\u0259tin\u0259 m\u0259lumat verilib. Z\u0259ruri m\u0259lumatlar haz\u0131rlanaraq h\u00fcquq-m\u00fchafiz\u0259 orqanlar\u0131na da t\u0259qdim edil\u0259c\u0259k&#8221;.<\/p>\n<p>Qeyd ed\u0259k ki, K\u0259l\u0259za\u011f q\u0259dim ya\u015fay\u0131\u015f m\u0259nt\u0259q\u0259si Nazirl\u0259r Kabinetinin 2001-ci il 2 avqust tarixli q\u0259rar\u0131 il\u0259 yerli \u0259h\u0259miyy\u0259tli abid\u0259 kimi d\u00f6vl\u0259t t\u0259r\u0259find\u0259n m\u00fchafiz\u0259 olunun da\u015f\u0131nmaz tarix v\u0259 m\u0259d\u0259niyy\u0259t abid\u0259l\u0259ri siyah\u0131s\u0131na daxil edilib.<\/p>\n<div class=\"gallery\">\n<div class=\"gallery-i\"><img src=\"https:\/\/assets.oxu.az\/uploads\/W1siZiIsIjIwMTkvMDkvMDUvMTAvNDgvMTIvMmRmYzEwMjktNzk5YS00MzFhLWE4ZjctZmFhNzI5ODYxMzljL2FiaWRlIDQuanBnIl0sWyJwIiwiZW5jb2RlIiwianBnIiwiLXF1YWxpdHkgODAiXSxbInAiLCJ0aHVtYiIsIjU5MHg1OTBcdTAwM2UiXV0?sha=6b7a4e716df05593\" alt=\"\" \/><\/p>\n<div class=\"gallery-i-caption\"><\/div>\n<\/div>\n<div class=\"gallery-i\"><img src=\"https:\/\/assets.oxu.az\/uploads\/W1siZiIsIjIwMTkvMDkvMDUvMTAvNDgvMTIvZDBlZmM5ZGItYjIyNy00YjUwLWJjYjMtODNmZDY2NDM4YmExL2FiaWRlIDUuanBnIl0sWyJwIiwiZW5jb2RlIiwianBnIiwiLXF1YWxpdHkgODAiXSxbInAiLCJ0aHVtYiIsIjU5MHg1OTBcdTAwM2UiXV0?sha=48ee03e003faa8d0\" alt=\"\" \/><\/p>\n<div class=\"gallery-i-caption\"><\/div>\n<\/div>\n<div class=\"gallery-i\"><img src=\"https:\/\/assets.oxu.az\/uploads\/W1siZiIsIjIwMTkvMDkvMDUvMTAvNDgvMTMvNjZlNTQyNTAtMDdiYi00MzllLWE0MjYtODJjNjBiMmNmZmE1L2FiaWRlLmpwZyJdLFsicCIsImVuY29kZSIsImpwZyIsIi1xdWFsaXR5IDgwIl0sWyJwIiwidGh1bWIiLCI1OTB4NTkwXHUwMDNlIl1d?sha=c1a85bcf5040320b\" alt=\"\" \/><\/p>\n<div class=\"gallery-i-caption\"><\/div>\n<\/div>\n<div class=\"gallery-i\"><img src=\"https:\/\/assets.oxu.az\/uploads\/W1siZiIsIjIwMTkvMDkvMDUvMTAvNDgvMTMvM2VjYzc0ZTItZjNmOS00YjAxLWE1OGItYzE5YjMxMjA1NzYwL2FiaWRlMS5qcGciXSxbInAiLCJlbmNvZGUiLCJqcGciLCItcXVhbGl0eSA4MCJdLFsicCIsInRodW1iIiwiNTkweDU5MFx1MDAzZSJdXQ?sha=e698db8908e64626\" alt=\"\" \/><\/div>\n<div>oxu.az<\/div>\n<\/div>\n","protected":false},"excerpt":{"rendered":"<p>Bak\u0131n\u0131n X\u0259z\u0259r rayonunda yerl\u0259\u015f\u0259n tarixi abid\u0259 \u00f6z\u0259l \u015firk\u0259t t\u0259r\u0259find\u0259n da\u011f\u0131d\u0131l\u0131b. ARANTV.AZ-\u0131n m\u0259lumat\u0131na g\u00f6r\u0259, bu bar\u0259d\u0259 \u015f\u0259kill\u0259r sosial \u015f\u0259b\u0259k\u0259l\u0259rd\u0259 yay\u0131l\u0131b. M\u0259lumata g\u00f6r\u0259, Bak\u0131n\u0131n X\u0259z\u0259r rayonunda yerl\u0259\u015f\u0259n K\u0259l\u0259za\u011f q\u0259dim ya\u015fay\u0131\u015f m\u0259nt\u0259q\u0259sind\u0259 XVI\u00a0\u0259sr\u0259, son \u015eirvan\u015faha aid oldu\u011fu g\u00fcman edil\u0259n m\u0259scid-m\u0259qb\u0259r\u0259 \u00f6z\u0259l \u015firk\u0259t t\u0259r\u0259find\u0259n yerl\u0259-yeksan edilib. Avqustun 30-da s\u00f6k\u00fcl\u0259n abid\u0259nin da\u015flar\u0131n\u0131n hara at\u0131ld\u0131\u011f\u0131 da m\u0259lum deyil. M\u0259s\u0259l\u0259 bar\u0259d\u0259\u00a0Oxu.Az-\u0131n \u0259m\u0259kda\u015f\u0131 M\u0259d\u0259niyy\u0259t Nazirliyi yan\u0131nda M\u0259d\u0259ni \u0130rsin Qorunmas\u0131, \u0130nki\u015faf\u0131 v\u0259 B\u0259rpas\u0131 \u00fczr\u0259 D\u00f6vl\u0259t Xidm\u0259ti il\u0259 \u0259laq\u0259 saxlay\u0131b. D\u00f6vl\u0259t Xidm\u0259tinin m\u0259tbuat katibi Fariz H\u00fcseynov sayt\u0131m\u0131z\u0131n sor\u011fusuna cavab olaraq bildirib ki, da\u011f\u0131d\u0131lan abid\u0259 bar\u0259d\u0259 ara\u015fd\u0131rma apar\u0131lacaq: &#8220;X\u0259z\u0259r rayonu, Zir\u0259&hellip;<\/p>\n","protected":false},"author":2,"featured_media":76884,"comment_status":"closed","ping_status":"closed","sticky":false,"template":"","format":"standard","meta":{"om_disable_all_campaigns":false,"_monsterinsights_skip_tracking":false,"_monsterinsights_sitenote_active":false,"_monsterinsights_sitenote_note":"","_monsterinsights_sitenote_category":0},"categories":[1],"tags":[],"aioseo_notices":[],"gutentor_comment":0,"rttpg_featured_image_url":{"full":["https:\/\/arantv.az\/wp-content\/uploads\/2019\/09\/abide3.jpg",618,410,false],"landscape":["https:\/\/arantv.az\/wp-content\/uploads\/2019\/09\/abide3.jpg",618,410,false],"portraits":["https:\/\/arantv.az\/wp-content\/uploads\/2019\/09\/abide3.jpg",618,410,false],"thumbnail":["https:\/\/arantv.az\/wp-content\/uploads\/2019\/09\/abide3-150x150.jpg",150,150,true],"medium":["https:\/\/arantv.az\/wp-content\/uploads\/2019\/09\/abide3-300x199.jpg",300,199,true],"large":["https:\/\/arantv.az\/wp-content\/uploads\/2019\/09\/abide3.jpg",618,410,false],"1536x1536":["https:\/\/arantv.az\/wp-content\/uploads\/2019\/09\/abide3.jpg",618,410,false],"2048x2048":["https:\/\/arantv.az\/wp-content\/uploads\/2019\/09\/abide3.jpg",618,410,false],"post-thumbnail":["https:\/\/arantv.az\/wp-content\/uploads\/2019\/09\/abide3-240x172.jpg",240,172,true],"advps-thumb-one":["https:\/\/arantv.az\/wp-content\/uploads\/2019\/09\/abide3.jpg",618,410,false]},"rttpg_author":{"display_name":"V\u00fcsal Rafiqo\u011flu","author_link":"https:\/\/arantv.az\/?author=2"},"rttpg_comment":0,"rttpg_category":"<a href=\"https:\/\/arantv.az\/?cat=1\" rel=\"category\">C\u0259miyy\u0259t<\/a>","rttpg_excerpt":"Bak\u0131n\u0131n X\u0259z\u0259r rayonunda yerl\u0259\u015f\u0259n tarixi abid\u0259 \u00f6z\u0259l \u015firk\u0259t t\u0259r\u0259find\u0259n da\u011f\u0131d\u0131l\u0131b. ARANTV.AZ-\u0131n m\u0259lumat\u0131na g\u00f6r\u0259, bu bar\u0259d\u0259 \u015f\u0259kill\u0259r sosial \u015f\u0259b\u0259k\u0259l\u0259rd\u0259 yay\u0131l\u0131b. M\u0259lumata g\u00f6r\u0259, Bak\u0131n\u0131n X\u0259z\u0259r rayonunda yerl\u0259\u015f\u0259n K\u0259l\u0259za\u011f q\u0259dim ya\u015fay\u0131\u015f m\u0259nt\u0259q\u0259sind\u0259 XVI\u00a0\u0259sr\u0259, son \u015eirvan\u015faha aid oldu\u011fu g\u00fcman edil\u0259n m\u0259scid-m\u0259qb\u0259r\u0259 \u00f6z\u0259l \u015firk\u0259t t\u0259r\u0259find\u0259n yerl\u0259-yeksan edilib. Avqustun 30-da s\u00f6k\u00fcl\u0259n abid\u0259nin da\u015flar\u0131n\u0131n hara at\u0131ld\u0131\u011f\u0131 da m\u0259lum deyil. M\u0259s\u0259l\u0259 bar\u0259d\u0259\u00a0Oxu.Az-\u0131n \u0259m\u0259kda\u015f\u0131&hellip;","_links":{"self":[{"href":"https:\/\/arantv.az\/index.php?rest_route=\/wp\/v2\/posts\/76883"}],"collection":[{"href":"https:\/\/arantv.az\/index.php?rest_route=\/wp\/v2\/posts"}],"about":[{"href":"https:\/\/arantv.az\/index.php?rest_route=\/wp\/v2\/types\/post"}],"author":[{"embeddable":true,"href":"https:\/\/arantv.az\/index.php?rest_route=\/wp\/v2\/users\/2"}],"replies":[{"embeddable":true,"href":"https:\/\/arantv.az\/index.php?rest_route=%2Fwp%2Fv2%2Fcomments&post=76883"}],"version-history":[{"count":0,"href":"https:\/\/arantv.az\/index.php?rest_route=\/wp\/v2\/posts\/76883\/revisions"}],"wp:featuredmedia":[{"embeddable":true,"href":"https:\/\/arantv.az\/index.php?rest_route=\/wp\/v2\/media\/76884"}],"wp:attachment":[{"href":"https:\/\/arantv.az\/index.php?rest_route=%2Fwp%2Fv2%2Fmedia&parent=76883"}],"wp:term":[{"taxonomy":"category","embeddable":true,"href":"https:\/\/arantv.az\/index.php?rest_route=%2Fwp%2Fv2%2Fcategories&post=76883"},{"taxonomy":"post_tag","embeddable":true,"href":"https:\/\/arantv.az\/index.php?rest_route=%2Fwp%2Fv2%2Ftags&post=76883"}],"curies":[{"name":"wp","href":"https:\/\/api.w.org\/{rel}","templated":true}]}}