{"id":76895,"date":"2019-09-05T10:16:42","date_gmt":"2019-09-05T07:16:42","guid":{"rendered":"http:\/\/arantv.az\/?p=76895"},"modified":"2019-09-05T10:16:42","modified_gmt":"2019-09-05T07:16:42","slug":"41-yasli-kisi-bakida-itkin-dusdu","status":"publish","type":"post","link":"https:\/\/arantv.az\/?p=76895","title":{"rendered":"41 ya\u015fl\u0131 ki\u015fi Bak\u0131da itkin d\u00fc\u015fd\u00fc"},"content":{"rendered":"<p>41 ya\u015fl\u0131 ki\u015fi itkin d\u00fc\u015f\u00fcb.<\/p>\n<p><b>ARANTV.AZ<\/b>-\u0131n m\u0259lumat\u0131na g\u00f6r\u0259, 1978-ci il t\u0259v\u0259ll\u00fcdl\u00fc\u00a0Ab\u015feron sakini C\u0259f\u0259rov Zaur M\u0259h\u0259mm\u0259d o\u011flu itkin d\u00fc\u015f\u00fcb.<\/p>\n<p>Onun sonuncu d\u0259f\u0259 N\u0259simi rayonu, S.Zeynalov k\u00fc\u00e7\u0259si 44 \u00fcnvan\u0131nda yerl\u0259\u015f\u0259n &#8220;T\u0259ndir v\u0259 quru meyv\u0259l\u0259r&#8221;\u00a0sat\u0131\u015f\u0131 ma\u011fazas\u0131ndan \u00e7\u0131xaraq, nam\u0259lum istiqam\u0259t\u0259 getdiyi v\u0259 geri qay\u0131tmad\u0131\u011f\u0131 bildirilib.<\/p>\n<div id=\"AdviadNativeVideo0\" class=\"AdviadNativeVideo\"><\/div>\n<p>Bu bar\u0259d\u0259 h\u00fcquq-m\u00fchafiz\u0259 orqanlar\u0131na onun qarda\u015f\u0131 C\u0259f\u0259rov S\u0259fi M\u0259h\u0259mm\u0259d o\u011flu m\u0259lumat verib.<\/p>\n<p>Faktla ba\u011fl\u0131 ara\u015fd\u0131rma apar\u0131l\u0131r.oxu.az<\/p>\n","protected":false},"excerpt":{"rendered":"<p>41 ya\u015fl\u0131 ki\u015fi itkin d\u00fc\u015f\u00fcb. ARANTV.AZ-\u0131n m\u0259lumat\u0131na g\u00f6r\u0259, 1978-ci il t\u0259v\u0259ll\u00fcdl\u00fc\u00a0Ab\u015feron sakini C\u0259f\u0259rov Zaur M\u0259h\u0259mm\u0259d o\u011flu itkin d\u00fc\u015f\u00fcb. Onun sonuncu d\u0259f\u0259 N\u0259simi rayonu, S.Zeynalov k\u00fc\u00e7\u0259si 44 \u00fcnvan\u0131nda yerl\u0259\u015f\u0259n &#8220;T\u0259ndir v\u0259 quru meyv\u0259l\u0259r&#8221;\u00a0sat\u0131\u015f\u0131 ma\u011fazas\u0131ndan \u00e7\u0131xaraq, nam\u0259lum istiqam\u0259t\u0259 getdiyi v\u0259 geri qay\u0131tmad\u0131\u011f\u0131 bildirilib. Bu bar\u0259d\u0259 h\u00fcquq-m\u00fchafiz\u0259 orqanlar\u0131na onun qarda\u015f\u0131 C\u0259f\u0259rov S\u0259fi M\u0259h\u0259mm\u0259d o\u011flu m\u0259lumat verib. Faktla ba\u011fl\u0131 ara\u015fd\u0131rma apar\u0131l\u0131r.oxu.az<\/p>\n","protected":false},"author":2,"featured_media":76896,"comment_status":"closed","ping_status":"closed","sticky":false,"template":"","format":"standard","meta":{"om_disable_all_campaigns":false,"_monsterinsights_skip_tracking":false,"_monsterinsights_sitenote_active":false,"_monsterinsights_sitenote_note":"","_monsterinsights_sitenote_category":0},"categories":[5],"tags":[],"aioseo_notices":[],"gutentor_comment":0,"rttpg_featured_image_url":{"full":["https:\/\/arantv.az\/wp-content\/uploads\/2019\/09\/4696e03b260df556988977370e087e97.jpg",620,405,false],"landscape":["https:\/\/arantv.az\/wp-content\/uploads\/2019\/09\/4696e03b260df556988977370e087e97.jpg",620,405,false],"portraits":["https:\/\/arantv.az\/wp-content\/uploads\/2019\/09\/4696e03b260df556988977370e087e97.jpg",620,405,false],"thumbnail":["https:\/\/arantv.az\/wp-content\/uploads\/2019\/09\/4696e03b260df556988977370e087e97-150x150.jpg",150,150,true],"medium":["https:\/\/arantv.az\/wp-content\/uploads\/2019\/09\/4696e03b260df556988977370e087e97-300x196.jpg",300,196,true],"large":["https:\/\/arantv.az\/wp-content\/uploads\/2019\/09\/4696e03b260df556988977370e087e97.jpg",620,405,false],"1536x1536":["https:\/\/arantv.az\/wp-content\/uploads\/2019\/09\/4696e03b260df556988977370e087e97.jpg",620,405,false],"2048x2048":["https:\/\/arantv.az\/wp-content\/uploads\/2019\/09\/4696e03b260df556988977370e087e97.jpg",620,405,false],"post-thumbnail":["https:\/\/arantv.az\/wp-content\/uploads\/2019\/09\/4696e03b260df556988977370e087e97-240x172.jpg",240,172,true],"advps-thumb-one":["https:\/\/arantv.az\/wp-content\/uploads\/2019\/09\/4696e03b260df556988977370e087e97.jpg",620,405,false]},"rttpg_author":{"display_name":"V\u00fcsal Rafiqo\u011flu","author_link":"https:\/\/arantv.az\/?author=2"},"rttpg_comment":0,"rttpg_category":"<a href=\"https:\/\/arantv.az\/?cat=5\" rel=\"category\">Hadis\u0259<\/a>","rttpg_excerpt":"41 ya\u015fl\u0131 ki\u015fi itkin d\u00fc\u015f\u00fcb. ARANTV.AZ-\u0131n m\u0259lumat\u0131na g\u00f6r\u0259, 1978-ci il t\u0259v\u0259ll\u00fcdl\u00fc\u00a0Ab\u015feron sakini C\u0259f\u0259rov Zaur M\u0259h\u0259mm\u0259d o\u011flu itkin d\u00fc\u015f\u00fcb. Onun sonuncu d\u0259f\u0259 N\u0259simi rayonu, S.Zeynalov k\u00fc\u00e7\u0259si 44 \u00fcnvan\u0131nda yerl\u0259\u015f\u0259n &#8220;T\u0259ndir v\u0259 quru meyv\u0259l\u0259r&#8221;\u00a0sat\u0131\u015f\u0131 ma\u011fazas\u0131ndan \u00e7\u0131xaraq, nam\u0259lum istiqam\u0259t\u0259 getdiyi v\u0259 geri qay\u0131tmad\u0131\u011f\u0131 bildirilib. Bu bar\u0259d\u0259 h\u00fcquq-m\u00fchafiz\u0259 orqanlar\u0131na onun qarda\u015f\u0131 C\u0259f\u0259rov S\u0259fi M\u0259h\u0259mm\u0259d o\u011flu m\u0259lumat verib. Faktla ba\u011fl\u0131&hellip;","_links":{"self":[{"href":"https:\/\/arantv.az\/index.php?rest_route=\/wp\/v2\/posts\/76895"}],"collection":[{"href":"https:\/\/arantv.az\/index.php?rest_route=\/wp\/v2\/posts"}],"about":[{"href":"https:\/\/arantv.az\/index.php?rest_route=\/wp\/v2\/types\/post"}],"author":[{"embeddable":true,"href":"https:\/\/arantv.az\/index.php?rest_route=\/wp\/v2\/users\/2"}],"replies":[{"embeddable":true,"href":"https:\/\/arantv.az\/index.php?rest_route=%2Fwp%2Fv2%2Fcomments&post=76895"}],"version-history":[{"count":0,"href":"https:\/\/arantv.az\/index.php?rest_route=\/wp\/v2\/posts\/76895\/revisions"}],"wp:featuredmedia":[{"embeddable":true,"href":"https:\/\/arantv.az\/index.php?rest_route=\/wp\/v2\/media\/76896"}],"wp:attachment":[{"href":"https:\/\/arantv.az\/index.php?rest_route=%2Fwp%2Fv2%2Fmedia&parent=76895"}],"wp:term":[{"taxonomy":"category","embeddable":true,"href":"https:\/\/arantv.az\/index.php?rest_route=%2Fwp%2Fv2%2Fcategories&post=76895"},{"taxonomy":"post_tag","embeddable":true,"href":"https:\/\/arantv.az\/index.php?rest_route=%2Fwp%2Fv2%2Ftags&post=76895"}],"curies":[{"name":"wp","href":"https:\/\/api.w.org\/{rel}","templated":true}]}}