{"id":76901,"date":"2019-09-05T11:08:58","date_gmt":"2019-09-05T08:08:58","guid":{"rendered":"http:\/\/arantv.az\/?p=76901"},"modified":"2019-09-05T11:08:58","modified_gmt":"2019-09-05T08:08:58","slug":"ilham-%c9%99liyev-simal-2-elektrik-stansiyasinin-istismara-verilm%c9%99si-m%c9%99rasimind%c9%99-istirak-edib","status":"publish","type":"post","link":"https:\/\/arantv.az\/?p=76901","title":{"rendered":"\u0130lham \u018fliyev &#8220;\u015eimal-2&#8221; elektrik stansiyas\u0131n\u0131n istismara verilm\u0259si m\u0259rasimind\u0259 i\u015ftirak edib"},"content":{"rendered":"<p>Az\u0259rbaycan Respublikas\u0131n\u0131n Prezidenti \u0130lham \u018fliyev sentyabr\u0131n 5-d\u0259 Bak\u0131da &#8220;\u015eimal-2&#8221;\u00a0elektrik stansiyas\u0131n\u0131n istismara verilm\u0259si m\u0259rasimind\u0259 i\u015ftirak edib.<\/p>\n<div id=\"AdviadNativeVideo0\" class=\"AdviadNativeVideo\"><\/div>\n<p>Bununla ba\u011fl\u0131 AZ\u018fRTAC\u00a0<a href=\"https:\/\/azertag.az\/xeber\/Prezident_Ilham_Aliyev_Bakida_Simal_2_elektrik_stansiyasinin_istismara_verilmesi_merasiminde_istirak_edib_YENILANACAK-1325755\" target=\"_blank\" rel=\"noopener\">m\u0259lumat<\/a>\u00a0yay\u0131b.<\/p>\n","protected":false},"excerpt":{"rendered":"<p>Az\u0259rbaycan Respublikas\u0131n\u0131n Prezidenti \u0130lham \u018fliyev sentyabr\u0131n 5-d\u0259 Bak\u0131da &#8220;\u015eimal-2&#8221;\u00a0elektrik stansiyas\u0131n\u0131n istismara verilm\u0259si m\u0259rasimind\u0259 i\u015ftirak edib. Bununla ba\u011fl\u0131 AZ\u018fRTAC\u00a0m\u0259lumat\u00a0yay\u0131b.<\/p>\n","protected":false},"author":2,"featured_media":76902,"comment_status":"closed","ping_status":"closed","sticky":false,"template":"","format":"standard","meta":{"om_disable_all_campaigns":false,"_monsterinsights_skip_tracking":false,"_monsterinsights_sitenote_active":false,"_monsterinsights_sitenote_note":"","_monsterinsights_sitenote_category":0},"categories":[4],"tags":[],"aioseo_notices":[],"gutentor_comment":0,"rttpg_featured_image_url":{"full":["https:\/\/arantv.az\/wp-content\/uploads\/2019\/09\/a\u00c3\u00a7\u00c4\u00b1l\u00c4\u00b1\u00c5_.jpg",620,442,false],"landscape":["https:\/\/arantv.az\/wp-content\/uploads\/2019\/09\/a\u00c3\u00a7\u00c4\u00b1l\u00c4\u00b1\u00c5_.jpg",620,442,false],"portraits":["https:\/\/arantv.az\/wp-content\/uploads\/2019\/09\/a\u00c3\u00a7\u00c4\u00b1l\u00c4\u00b1\u00c5_.jpg",620,442,false],"thumbnail":["https:\/\/arantv.az\/wp-content\/uploads\/2019\/09\/a\u00c3\u00a7\u00c4\u00b1l\u00c4\u00b1\u00c5_-150x150.jpg",150,150,true],"medium":["https:\/\/arantv.az\/wp-content\/uploads\/2019\/09\/a\u00c3\u00a7\u00c4\u00b1l\u00c4\u00b1\u00c5_-300x214.jpg",300,214,true],"large":["https:\/\/arantv.az\/wp-content\/uploads\/2019\/09\/a\u00c3\u00a7\u00c4\u00b1l\u00c4\u00b1\u00c5_.jpg",620,442,false],"1536x1536":["https:\/\/arantv.az\/wp-content\/uploads\/2019\/09\/a\u00c3\u00a7\u00c4\u00b1l\u00c4\u00b1\u00c5_.jpg",620,442,false],"2048x2048":["https:\/\/arantv.az\/wp-content\/uploads\/2019\/09\/a\u00c3\u00a7\u00c4\u00b1l\u00c4\u00b1\u00c5_.jpg",620,442,false],"post-thumbnail":["https:\/\/arantv.az\/wp-content\/uploads\/2019\/09\/a\u00c3\u00a7\u00c4\u00b1l\u00c4\u00b1\u00c5_-240x172.jpg",240,172,true],"advps-thumb-one":["https:\/\/arantv.az\/wp-content\/uploads\/2019\/09\/a\u00c3\u00a7\u00c4\u00b1l\u00c4\u00b1\u00c5_.jpg",620,442,false]},"rttpg_author":{"display_name":"V\u00fcsal Rafiqo\u011flu","author_link":"https:\/\/arantv.az\/?author=2"},"rttpg_comment":0,"rttpg_category":"<a href=\"https:\/\/arantv.az\/?cat=4\" rel=\"category\">Siyas\u0259t<\/a>","rttpg_excerpt":"Az\u0259rbaycan Respublikas\u0131n\u0131n Prezidenti \u0130lham \u018fliyev sentyabr\u0131n 5-d\u0259 Bak\u0131da &#8220;\u015eimal-2&#8221;\u00a0elektrik stansiyas\u0131n\u0131n istismara verilm\u0259si m\u0259rasimind\u0259 i\u015ftirak edib. Bununla ba\u011fl\u0131 AZ\u018fRTAC\u00a0m\u0259lumat\u00a0yay\u0131b.","_links":{"self":[{"href":"https:\/\/arantv.az\/index.php?rest_route=\/wp\/v2\/posts\/76901"}],"collection":[{"href":"https:\/\/arantv.az\/index.php?rest_route=\/wp\/v2\/posts"}],"about":[{"href":"https:\/\/arantv.az\/index.php?rest_route=\/wp\/v2\/types\/post"}],"author":[{"embeddable":true,"href":"https:\/\/arantv.az\/index.php?rest_route=\/wp\/v2\/users\/2"}],"replies":[{"embeddable":true,"href":"https:\/\/arantv.az\/index.php?rest_route=%2Fwp%2Fv2%2Fcomments&post=76901"}],"version-history":[{"count":0,"href":"https:\/\/arantv.az\/index.php?rest_route=\/wp\/v2\/posts\/76901\/revisions"}],"wp:featuredmedia":[{"embeddable":true,"href":"https:\/\/arantv.az\/index.php?rest_route=\/wp\/v2\/media\/76902"}],"wp:attachment":[{"href":"https:\/\/arantv.az\/index.php?rest_route=%2Fwp%2Fv2%2Fmedia&parent=76901"}],"wp:term":[{"taxonomy":"category","embeddable":true,"href":"https:\/\/arantv.az\/index.php?rest_route=%2Fwp%2Fv2%2Fcategories&post=76901"},{"taxonomy":"post_tag","embeddable":true,"href":"https:\/\/arantv.az\/index.php?rest_route=%2Fwp%2Fv2%2Ftags&post=76901"}],"curies":[{"name":"wp","href":"https:\/\/api.w.org\/{rel}","templated":true}]}}