{"id":769017,"date":"2024-11-15T17:46:04","date_gmt":"2024-11-15T13:46:04","guid":{"rendered":"https:\/\/arantv.az\/?p=769017"},"modified":"2024-11-15T17:46:04","modified_gmt":"2024-11-15T13:46:04","slug":"cop29-un-t%c9%99skili-qlobal-probleml%c9%99rin-h%c9%99llin%c9%99-muhum-tohf%c9%99dir","status":"publish","type":"post","link":"https:\/\/arantv.az\/?p=769017","title":{"rendered":"COP29-un t\u0259\u015fkili qlobal probleml\u0259rin h\u0259llin\u0259 m\u00fch\u00fcm t\u00f6hf\u0259dir"},"content":{"rendered":"<h5>Az\u0259rbaycan xalq\u0131 tarix boyu \u00f6z qon\u015fular\u0131 il\u0259 daim s\u00fclh v\u0259 \u0259min amanl\u0131q \u015f\u0259raitind\u0259 ya\u015fama\u011fa \u00e7al\u0131\u015fm\u0131\u015fd\u0131r. M\u00fcasir Az\u0259rbaycan Respublikas\u0131 bu g\u00f6z\u0259l \u0259n\u0259n\u0259ni u\u011furla davam etdirir. \u00d6lk\u0259miz \u00fcmumb\u0259\u015f\u0259ri d\u0259y\u0259rl\u0259ri, \u0259d\u0259l\u0259t prinsipl\u0259rini uca tutur, beyn\u0259lxalq h\u00fcququn norma v\u0259 prinsipl\u0259rin\u0259 b\u00f6y\u00fck h\u00f6rm\u0259tl\u0259 yana\u015f\u0131r. Hal-haz\u0131rda \u0259traf m\u00fchitin qorunmas\u0131, ya\u015f\u0131l enerjiy\u0259 ke\u00e7id m\u00fcasir d\u00f6vr\u00fcn \u0259n qlobal probleml\u0259ri s\u0131ras\u0131ndad\u0131r. Qlobal probleml\u0259rin u\u011furlu h\u0259lli is\u0259 \u015f\u00fcbh\u0259siz ki, b\u00f6y\u00fck \u00f6l\u00e7\u00fcd\u0259 d\u00fcnya \u00f6lk\u0259l\u0259ri aras\u0131nda s\u0259mimi v\u0259 s\u0259m\u0259r\u0259li \u0259m\u0259kda\u015fl\u0131\u011f\u0131n, birg\u0259 qar\u015f\u0131l\u0131ql\u0131 f\u0259aliyy\u0259tin t\u0259\u015fkilind\u0259n as\u0131l\u0131d\u0131r. Az\u0259rbaycan Respublikas\u0131 qlobal probleml\u0259rin h\u0259lli il\u0259 ba\u011fl\u0131 s\u0259yl\u0259ri daim d\u0259st\u0259kl\u0259yir v\u0259 bu proses\u0259 \u00f6z t\u00f6hf\u0259sini verm\u0259k \u00fc\u00e7\u00fcn m\u0259qs\u0259dy\u00f6nl\u00fc, ard\u0131c\u0131l f\u0259aliyy\u0259t g\u00f6st\u0259rir.<\/h5>\n<p>T\u0259qrib\u0259n 200-\u0259 yax\u0131n d\u00f6vl\u0259t b\u00f6y\u00fck beyn\u0259lxalq t\u0259dbirin &#8211; COP29-un m\u0259hz Az\u0259rbaycanda ke\u00e7irilm\u0259sini d\u0259st\u0259kl\u0259di. Bu h\u0259min d\u00f6vl\u0259tl\u0259rin \u00f6lk\u0259miz\u0259 verdiyi d\u0259y\u0259rin, g\u00f6st\u0259rdikl\u0259ri ehtiram\u0131n t\u0259nt\u0259n\u0259si idi. Xalq\u0131m\u0131za COP29 kimi b\u00f6y\u00fck v\u0259 n\u00fcfuzlu bir t\u0259dbir\u0259 ev sahibliyi etm\u0259k f\u00fcrs\u0259ti n\u0259sib oldu. Bu, bizim \u00f6lk\u0259y\u0259 y\u00fcks\u0259k h\u00f6rm\u0259t \u0259lam\u0259tidir v\u0259 bizim f\u0259al rolumuzun beyn\u0259lxalq arenada qiym\u0259tl\u0259ndirilm\u0259si dem\u0259kdir. COP29-un s\u0259dri kimi Az\u0259rbaycan \u00e7al\u0131\u015facaq ki, inki\u015faf etmi\u015f v\u0259 inki\u015faf ed\u0259n \u00f6lk\u0259l\u0259r aras\u0131nda konsensusun tap\u0131lmas\u0131na t\u00f6hf\u0259 versin v\u0259 Qlobal C\u0259nubla Qlobal \u015eimal aras\u0131nda daha s\u0131x \u0259laq\u0259l\u0259r qurulsun. Az\u0259rbaycan \u015eimal\u0131n, C\u0259nubun, Q\u0259rbin v\u0259 \u015e\u0259rqin qovu\u015fdu\u011fu bir m\u0259kand\u0131r. \u00d6lk\u0259miz h\u0259m\u00e7inin ixrac bazarlar\u0131na x\u00fcsusi diqq\u0259t yetirir v\u0259 \u00f6z t\u0259r\u0259fda\u015flar\u0131 il\u0259 birg\u0259 \u00e7al\u0131\u015f\u0131r ki, dig\u0259r m\u00fch\u00fcm enerji t\u0259hl\u00fck\u0259sizliyi layih\u0259l\u0259rini d\u0259 h\u0259yata ke\u00e7irsin. Burada enerji, m\u0259d\u0259niyy\u0259t, o c\u00fcml\u0259d\u0259n da\u015f\u0131malar m\u00fcxt\u0259lif beyn\u0259lxalq i\u015ftirak\u00e7\u0131lar aras\u0131nda ba\u015f tutur. Az\u0259rbaycan\u0131n ba\u015flad\u0131\u011f\u0131 meqalayih\u0259l\u0259r art\u0131q Avrasiyada enerji v\u0259 da\u015f\u0131malar yollar\u0131n\u0131 d\u0259yi\u015fib. \u00d6lk\u0259mizin t\u0259\u015f\u0259bb\u00fcs\u00fc il\u0259 m\u0259hsuldar \u00e7oxt\u0259r\u0259fli \u0259m\u0259kda\u015fl\u0131q format\u0131 qurulub.<\/p>\n<p>M\u00fcz\u0259ff\u0259r Ali Ba\u015f Komandan C\u0259nab \u0130lham \u018fliyev 12 noyabr 2024-c\u00fc il tarixind\u0259 Bak\u0131da COP29-un liderl\u0259r Sammitinin a\u00e7\u0131l\u0131\u015f m\u0259rasimind\u0259ki \u00e7\u0131x\u0131\u015f\u0131nda \u00f6lk\u0259mizin enerji siyas\u0259ti, h\u0259m\u00e7inin beyn\u0259lxalq h\u00fcquq normalar\u0131n\u0131n, \u0259dal\u0259t prinsipl\u0259rinin qorunmas\u0131 il\u0259 ba\u011fl\u0131 fikirl\u0259rin t\u0259dbir i\u015ftirak\u00e7\u0131lar\u0131n\u0131n diqq\u0259tin\u0259 \u00e7atd\u0131rd\u0131. M\u00f6ht\u0259r\u0259m C\u0259nab \u0130lham \u018fliyev bildirdi ki, Az\u0259rbaycan m\u0259d\u0259niyy\u0259tl\u0259raras\u0131 dialoqun qurulmas\u0131nda f\u0259al rol oynay\u0131r. Multikulturalizm d\u00f6vl\u0259t siyas\u0259timiz v\u0259 h\u0259yat t\u0259rzimizdir. Az\u0259rbaycan xalq\u0131 etnik, dini m\u0259nsubiyy\u0259tind\u0259n as\u0131l\u0131 olmayaraq, dig\u0259r mill\u0259tl\u0259rl\u0259 h\u0259r zaman ah\u0259ngdar \u015f\u0259kild\u0259, bir ail\u0259d\u0259ki kimi ya\u015fay\u0131r. D\u00f6vl\u0259t ba\u015f\u00e7\u0131m\u0131z \u0259lav\u0259 etdi ki, 196 \u00f6lk\u0259d\u0259n 72 min qeydiyyata al\u0131nm\u0131\u015f i\u015ftirak\u00e7\u0131m\u0131z var. Onlar\u0131n aras\u0131nda 80 Prezident, Vitse-prezident v\u0259 Ba\u015f nazir var. Bel\u0259likl\u0259, d\u00fcnya Bak\u0131da topla\u015f\u0131b v\u0259 biz d\u00fcnyaya deyirik ki, \u201cAz\u0259rbaycana xo\u015f g\u0259lmisiniz!\u201d.<\/p>\n<p>H\u0259m COP29-un, h\u0259m d\u0259 dig\u0259r b\u00f6y\u00fck t\u0259dbirl\u0259rin \u00f6lk\u0259mizd\u0259 u\u011furla t\u0259\u015fkili, bu t\u0259dbirl\u0259rd\u0259 d\u00fcnya d\u00f6vl\u0259tl\u0259rinin yax\u0131ndan i\u015ftirak\u0131 g\u0259l\u0259c\u0259y\u0259 nikbin baxma\u011fa imkan verir. \u00c7\u00fcnki Az\u0259rbaycan Respublikas\u0131 qlobal probleml\u0259rin u\u011furlu h\u0259lli \u00fc\u00e7\u00fcn, ikili standartlar, dig\u0259r \u00f6lk\u0259l\u0259r\u0259 d\u0259rs verm\u0259k ad\u0259ti v\u0259 siyasi riyakarl\u0131q \u00fcsullar\u0131ndan bird\u0259f\u0259lik imtina edilm\u0259si \u00fc\u00e7\u00fcn ard\u0131c\u0131l s\u0259yl\u0259r g\u00f6st\u0259rir. Xalq\u0131m\u0131z \u0259mindir ki, \u00f6lk\u0259mizin g\u00f6st\u0259rdiyi c\u0259hdl\u0259r h\u0259d\u0259r getm\u0259y\u0259c\u0259k, haqq-\u0259dal\u0259t b\u0259rq\u0259rar olacaq, \u00f6lk\u0259mizd\u0259 t\u0259\u015fkil olunan COP29-un say\u0259sind\u0259 d\u00fcnya \u00f6lk\u0259l\u0259ri birl\u0259\u015f\u0259r\u0259k qlobal probleml\u0259rin h\u0259llin\u0259 m\u00fch\u00fcm t\u00f6hf\u0259l\u0259r ver\u0259c\u0259kl\u0259r.<\/p>\n<p><img src=\"https:\/\/ikisahil.az\/upload\/\/2024\/11\/15\/\/-f94778df173166383987462486310956611.jpeg\" alt=\"\" \/><\/p>\n<p><strong>Arif\u0259 Abdullayeva,<\/strong><\/p>\n<p><em>YAP Sumqay\u0131t \u015f\u0259h\u0259r t\u0259\u015fkilat\u0131n\u0131n m\u0259sl\u0259h\u0259t\u00e7isi<\/em><\/p>\n","protected":false},"excerpt":{"rendered":"<p>Az\u0259rbaycan xalq\u0131 tarix boyu \u00f6z qon\u015fular\u0131 il\u0259 daim s\u00fclh v\u0259 \u0259min amanl\u0131q \u015f\u0259raitind\u0259 ya\u015fama\u011fa \u00e7al\u0131\u015fm\u0131\u015fd\u0131r. M\u00fcasir Az\u0259rbaycan Respublikas\u0131 bu g\u00f6z\u0259l \u0259n\u0259n\u0259ni u\u011furla davam etdirir. \u00d6lk\u0259miz \u00fcmumb\u0259\u015f\u0259ri d\u0259y\u0259rl\u0259ri, \u0259d\u0259l\u0259t prinsipl\u0259rini uca tutur, beyn\u0259lxalq h\u00fcququn norma v\u0259 prinsipl\u0259rin\u0259 b\u00f6y\u00fck h\u00f6rm\u0259tl\u0259 yana\u015f\u0131r. Hal-haz\u0131rda \u0259traf m\u00fchitin qorunmas\u0131, ya\u015f\u0131l enerjiy\u0259 ke\u00e7id m\u00fcasir d\u00f6vr\u00fcn \u0259n qlobal probleml\u0259ri s\u0131ras\u0131ndad\u0131r. Qlobal probleml\u0259rin u\u011furlu h\u0259lli is\u0259 \u015f\u00fcbh\u0259siz ki, b\u00f6y\u00fck \u00f6l\u00e7\u00fcd\u0259 d\u00fcnya \u00f6lk\u0259l\u0259ri aras\u0131nda s\u0259mimi v\u0259 s\u0259m\u0259r\u0259li \u0259m\u0259kda\u015fl\u0131\u011f\u0131n, birg\u0259 qar\u015f\u0131l\u0131ql\u0131 f\u0259aliyy\u0259tin t\u0259\u015fkilind\u0259n as\u0131l\u0131d\u0131r. Az\u0259rbaycan Respublikas\u0131 qlobal probleml\u0259rin h\u0259lli il\u0259 ba\u011fl\u0131 s\u0259yl\u0259ri daim d\u0259st\u0259kl\u0259yir v\u0259 bu proses\u0259 \u00f6z t\u00f6hf\u0259sini verm\u0259k \u00fc\u00e7\u00fcn&hellip;<\/p>\n","protected":false},"author":2,"featured_media":769018,"comment_status":"closed","ping_status":"closed","sticky":false,"template":"","format":"standard","meta":{"om_disable_all_campaigns":false,"_monsterinsights_skip_tracking":false,"_monsterinsights_sitenote_active":false,"_monsterinsights_sitenote_note":"","_monsterinsights_sitenote_category":0},"categories":[19],"tags":[],"aioseo_notices":[],"gutentor_comment":0,"rttpg_featured_image_url":{"full":["https:\/\/arantv.az\/wp-content\/uploads\/2024\/11\/665d5cbb173125338625617429610216153.jpg",975,540,false],"landscape":["https:\/\/arantv.az\/wp-content\/uploads\/2024\/11\/665d5cbb173125338625617429610216153.jpg",975,540,false],"portraits":["https:\/\/arantv.az\/wp-content\/uploads\/2024\/11\/665d5cbb173125338625617429610216153.jpg",975,540,false],"thumbnail":["https:\/\/arantv.az\/wp-content\/uploads\/2024\/11\/665d5cbb173125338625617429610216153-500x280.jpg",500,280,true],"medium":["https:\/\/arantv.az\/wp-content\/uploads\/2024\/11\/665d5cbb173125338625617429610216153-660x365.jpg",660,365,true],"large":["https:\/\/arantv.az\/wp-content\/uploads\/2024\/11\/665d5cbb173125338625617429610216153-840x465.jpg",640,354,true],"1536x1536":["https:\/\/arantv.az\/wp-content\/uploads\/2024\/11\/665d5cbb173125338625617429610216153.jpg",975,540,false],"2048x2048":["https:\/\/arantv.az\/wp-content\/uploads\/2024\/11\/665d5cbb173125338625617429610216153.jpg",975,540,false],"post-thumbnail":["https:\/\/arantv.az\/wp-content\/uploads\/2024\/11\/665d5cbb173125338625617429610216153-240x172.jpg",240,172,true],"advps-thumb-one":["https:\/\/arantv.az\/wp-content\/uploads\/2024\/11\/665d5cbb173125338625617429610216153.jpg",975,540,false]},"rttpg_author":{"display_name":"V\u00fcsal Rafiqo\u011flu","author_link":"https:\/\/arantv.az\/?author=2"},"rttpg_comment":0,"rttpg_category":"<a href=\"https:\/\/arantv.az\/?cat=19\" rel=\"category\">G\u00fcnd\u0259m<\/a>","rttpg_excerpt":"Az\u0259rbaycan xalq\u0131 tarix boyu \u00f6z qon\u015fular\u0131 il\u0259 daim s\u00fclh v\u0259 \u0259min amanl\u0131q \u015f\u0259raitind\u0259 ya\u015fama\u011fa \u00e7al\u0131\u015fm\u0131\u015fd\u0131r. M\u00fcasir Az\u0259rbaycan Respublikas\u0131 bu g\u00f6z\u0259l \u0259n\u0259n\u0259ni u\u011furla davam etdirir. \u00d6lk\u0259miz \u00fcmumb\u0259\u015f\u0259ri d\u0259y\u0259rl\u0259ri, \u0259d\u0259l\u0259t prinsipl\u0259rini uca tutur, beyn\u0259lxalq h\u00fcququn norma v\u0259 prinsipl\u0259rin\u0259 b\u00f6y\u00fck h\u00f6rm\u0259tl\u0259 yana\u015f\u0131r. Hal-haz\u0131rda \u0259traf m\u00fchitin qorunmas\u0131, ya\u015f\u0131l enerjiy\u0259 ke\u00e7id m\u00fcasir d\u00f6vr\u00fcn \u0259n qlobal probleml\u0259ri s\u0131ras\u0131ndad\u0131r. Qlobal probleml\u0259rin u\u011furlu&hellip;","_links":{"self":[{"href":"https:\/\/arantv.az\/index.php?rest_route=\/wp\/v2\/posts\/769017"}],"collection":[{"href":"https:\/\/arantv.az\/index.php?rest_route=\/wp\/v2\/posts"}],"about":[{"href":"https:\/\/arantv.az\/index.php?rest_route=\/wp\/v2\/types\/post"}],"author":[{"embeddable":true,"href":"https:\/\/arantv.az\/index.php?rest_route=\/wp\/v2\/users\/2"}],"replies":[{"embeddable":true,"href":"https:\/\/arantv.az\/index.php?rest_route=%2Fwp%2Fv2%2Fcomments&post=769017"}],"version-history":[{"count":1,"href":"https:\/\/arantv.az\/index.php?rest_route=\/wp\/v2\/posts\/769017\/revisions"}],"predecessor-version":[{"id":769019,"href":"https:\/\/arantv.az\/index.php?rest_route=\/wp\/v2\/posts\/769017\/revisions\/769019"}],"wp:featuredmedia":[{"embeddable":true,"href":"https:\/\/arantv.az\/index.php?rest_route=\/wp\/v2\/media\/769018"}],"wp:attachment":[{"href":"https:\/\/arantv.az\/index.php?rest_route=%2Fwp%2Fv2%2Fmedia&parent=769017"}],"wp:term":[{"taxonomy":"category","embeddable":true,"href":"https:\/\/arantv.az\/index.php?rest_route=%2Fwp%2Fv2%2Fcategories&post=769017"},{"taxonomy":"post_tag","embeddable":true,"href":"https:\/\/arantv.az\/index.php?rest_route=%2Fwp%2Fv2%2Ftags&post=769017"}],"curies":[{"name":"wp","href":"https:\/\/api.w.org\/{rel}","templated":true}]}}