{"id":76907,"date":"2019-09-05T11:13:28","date_gmt":"2019-09-05T08:13:28","guid":{"rendered":"http:\/\/arantv.az\/?p=76907"},"modified":"2019-09-05T11:13:28","modified_gmt":"2019-09-05T08:13:28","slug":"bakida-icra-hakimiyy%c9%99tinin-%c9%99m%c9%99kdasi-is-vaxti-oldu","status":"publish","type":"post","link":"https:\/\/arantv.az\/?p=76907","title":{"rendered":"Bak\u0131da icra hakimiyy\u0259tinin \u0259m\u0259kda\u015f\u0131 i\u015f vaxt\u0131 \u00f6ld\u00fc"},"content":{"rendered":"<p>Hadis\u0259L\u00f6kbatan q\u0259s\u0259b\u0259sind\u0259 ba\u015f verib<\/p>\n<p>Bak\u0131da icra hakimiyy\u0259tinin m\u0259sul i\u015f\u00e7isi i\u015f zaman\u0131 \u00f6l\u00fcb.<\/p>\n<p>Hadis\u0259 paytaxt\u0131n Qarada\u011f rayonu, L\u00f6kbatan q\u0259s\u0259b\u0259sind\u0259 ba\u015f verib.<\/p>\n<p>Qarada\u011f Rayon \u0130cra hakimiyy\u0259tinin L\u00f6kbatan q\u0259s\u0259b\u0259 \u0130cra N\u00fcmay\u0259nd\u0259liyinin m\u00fch\u0259ndisi, 1962-ci il t\u0259v\u0259ll\u00fcdl\u00fc S\u0259rdar H\u00fcseynovun s\u0259hh\u0259ti i\u015f vaxt\u0131 pisl\u0259\u015fib.<\/p>\n<p>S.H\u00fcseynov x\u0259st\u0259xanaya \u00e7atd\u0131r\u0131lsa da, orada \u00fcr\u0259ktutmas\u0131ndan \u00f6l\u00fcb.<\/p>\n<p>Faktla ba\u011fl\u0131 ara\u015fd\u0131rma apar\u0131l\u0131r. (Trend)<\/p>\n","protected":false},"excerpt":{"rendered":"<p>Hadis\u0259L\u00f6kbatan q\u0259s\u0259b\u0259sind\u0259 ba\u015f verib Bak\u0131da icra hakimiyy\u0259tinin m\u0259sul i\u015f\u00e7isi i\u015f zaman\u0131 \u00f6l\u00fcb. Hadis\u0259 paytaxt\u0131n Qarada\u011f rayonu, L\u00f6kbatan q\u0259s\u0259b\u0259sind\u0259 ba\u015f verib. Qarada\u011f Rayon \u0130cra hakimiyy\u0259tinin L\u00f6kbatan q\u0259s\u0259b\u0259 \u0130cra N\u00fcmay\u0259nd\u0259liyinin m\u00fch\u0259ndisi, 1962-ci il t\u0259v\u0259ll\u00fcdl\u00fc S\u0259rdar H\u00fcseynovun s\u0259hh\u0259ti i\u015f vaxt\u0131 pisl\u0259\u015fib. S.H\u00fcseynov x\u0259st\u0259xanaya \u00e7atd\u0131r\u0131lsa da, orada \u00fcr\u0259ktutmas\u0131ndan \u00f6l\u00fcb. Faktla ba\u011fl\u0131 ara\u015fd\u0131rma apar\u0131l\u0131r. (Trend)<\/p>\n","protected":false},"author":2,"featured_media":76908,"comment_status":"closed","ping_status":"closed","sticky":false,"template":"","format":"standard","meta":{"om_disable_all_campaigns":false,"_monsterinsights_skip_tracking":false,"_monsterinsights_sitenote_active":false,"_monsterinsights_sitenote_note":"","_monsterinsights_sitenote_category":0},"categories":[5],"tags":[],"aioseo_notices":[],"gutentor_comment":0,"rttpg_featured_image_url":{"full":["https:\/\/arantv.az\/wp-content\/uploads\/2019\/09\/kreslo_050219.jpg",549,297,false],"landscape":["https:\/\/arantv.az\/wp-content\/uploads\/2019\/09\/kreslo_050219.jpg",549,297,false],"portraits":["https:\/\/arantv.az\/wp-content\/uploads\/2019\/09\/kreslo_050219.jpg",549,297,false],"thumbnail":["https:\/\/arantv.az\/wp-content\/uploads\/2019\/09\/kreslo_050219-150x150.jpg",150,150,true],"medium":["https:\/\/arantv.az\/wp-content\/uploads\/2019\/09\/kreslo_050219-300x162.jpg",300,162,true],"large":["https:\/\/arantv.az\/wp-content\/uploads\/2019\/09\/kreslo_050219.jpg",549,297,false],"1536x1536":["https:\/\/arantv.az\/wp-content\/uploads\/2019\/09\/kreslo_050219.jpg",549,297,false],"2048x2048":["https:\/\/arantv.az\/wp-content\/uploads\/2019\/09\/kreslo_050219.jpg",549,297,false],"post-thumbnail":["https:\/\/arantv.az\/wp-content\/uploads\/2019\/09\/kreslo_050219-240x172.jpg",240,172,true],"advps-thumb-one":["https:\/\/arantv.az\/wp-content\/uploads\/2019\/09\/kreslo_050219.jpg",549,297,false]},"rttpg_author":{"display_name":"V\u00fcsal Rafiqo\u011flu","author_link":"https:\/\/arantv.az\/?author=2"},"rttpg_comment":0,"rttpg_category":"<a href=\"https:\/\/arantv.az\/?cat=5\" rel=\"category\">Hadis\u0259<\/a>","rttpg_excerpt":"Hadis\u0259L\u00f6kbatan q\u0259s\u0259b\u0259sind\u0259 ba\u015f verib Bak\u0131da icra hakimiyy\u0259tinin m\u0259sul i\u015f\u00e7isi i\u015f zaman\u0131 \u00f6l\u00fcb. Hadis\u0259 paytaxt\u0131n Qarada\u011f rayonu, L\u00f6kbatan q\u0259s\u0259b\u0259sind\u0259 ba\u015f verib. Qarada\u011f Rayon \u0130cra hakimiyy\u0259tinin L\u00f6kbatan q\u0259s\u0259b\u0259 \u0130cra N\u00fcmay\u0259nd\u0259liyinin m\u00fch\u0259ndisi, 1962-ci il t\u0259v\u0259ll\u00fcdl\u00fc S\u0259rdar H\u00fcseynovun s\u0259hh\u0259ti i\u015f vaxt\u0131 pisl\u0259\u015fib. S.H\u00fcseynov x\u0259st\u0259xanaya \u00e7atd\u0131r\u0131lsa da, orada \u00fcr\u0259ktutmas\u0131ndan \u00f6l\u00fcb. Faktla ba\u011fl\u0131 ara\u015fd\u0131rma apar\u0131l\u0131r. (Trend)","_links":{"self":[{"href":"https:\/\/arantv.az\/index.php?rest_route=\/wp\/v2\/posts\/76907"}],"collection":[{"href":"https:\/\/arantv.az\/index.php?rest_route=\/wp\/v2\/posts"}],"about":[{"href":"https:\/\/arantv.az\/index.php?rest_route=\/wp\/v2\/types\/post"}],"author":[{"embeddable":true,"href":"https:\/\/arantv.az\/index.php?rest_route=\/wp\/v2\/users\/2"}],"replies":[{"embeddable":true,"href":"https:\/\/arantv.az\/index.php?rest_route=%2Fwp%2Fv2%2Fcomments&post=76907"}],"version-history":[{"count":0,"href":"https:\/\/arantv.az\/index.php?rest_route=\/wp\/v2\/posts\/76907\/revisions"}],"wp:featuredmedia":[{"embeddable":true,"href":"https:\/\/arantv.az\/index.php?rest_route=\/wp\/v2\/media\/76908"}],"wp:attachment":[{"href":"https:\/\/arantv.az\/index.php?rest_route=%2Fwp%2Fv2%2Fmedia&parent=76907"}],"wp:term":[{"taxonomy":"category","embeddable":true,"href":"https:\/\/arantv.az\/index.php?rest_route=%2Fwp%2Fv2%2Fcategories&post=76907"},{"taxonomy":"post_tag","embeddable":true,"href":"https:\/\/arantv.az\/index.php?rest_route=%2Fwp%2Fv2%2Ftags&post=76907"}],"curies":[{"name":"wp","href":"https:\/\/api.w.org\/{rel}","templated":true}]}}