{"id":76910,"date":"2019-09-05T11:23:50","date_gmt":"2019-09-05T08:23:50","guid":{"rendered":"http:\/\/arantv.az\/?p=76910"},"modified":"2019-09-05T11:23:50","modified_gmt":"2019-09-05T08:23:50","slug":"ovladliga-usaq-goturm%c9%99nin-yeni-qaydalarinin-detallari-ozunuz-sec%c9%99-bilm%c9%99y%c9%99c%c9%99ksiniz-ekskluziv","status":"publish","type":"post","link":"https:\/\/arantv.az\/?p=76910","title":{"rendered":"\u00d6vladl\u0131\u011fa u\u015faq g\u00f6t\u00fcrm\u0259nin yeni qaydalar\u0131n\u0131n detallar\u0131: \u00f6z\u00fcn\u00fcz se\u00e7\u0259 bilm\u0259y\u0259c\u0259ksiniz &#8211; EKSKL\u00dcZ\u0130V"},"content":{"rendered":"<p>Bu ilin noyabr\u0131n 1-d\u0259n \u00f6vladl\u0131\u011fa u\u015faq g\u00f6t\u00fcrm\u0259k ist\u0259y\u0259n Az\u0259rbaycan v\u0259t\u0259nda\u015flar\u0131, eyni zamanda \u0259cn\u0259bil\u0259r v\u0259 v\u0259t\u0259nda\u015fl\u0131\u011f\u0131 olmayan \u015f\u0259xsl\u0259r yeni &#8211; elektron qaydada qeydiyyatdan ke\u00e7m\u0259kl\u0259 bu xidm\u0259td\u0259n yararlana bil\u0259c\u0259kl\u0259r.<\/p>\n<p><b>ARANTV.AZ\u00a0<\/b>\u00a0x\u0259b\u0259r verir ki, bu bar\u0259d\u0259 Oxu.Az-a a\u00e7\u0131qlamas\u0131nda \u018fm\u0259k v\u0259 \u018fhalinin Sosial M\u00fcdafi\u0259si Nazirliyinin \u018flillik siyas\u0259ti \u015f\u00f6b\u0259sinin \u0259m\u0259kda\u015f\u0131 G\u00fclnar B\u0259hramova m\u0259lumat verib.<\/p>\n<p>O bildirib ki, yeni \u00f6vladl\u0131\u011fag\u00f6t\u00fcrm\u0259 modeli s\u0131rf beyn\u0259lxalq t\u0259cr\u00fcb\u0259y\u0259 \u0259saslanaraq haz\u0131rlan\u0131b:<\/p>\n<p>&#8220;Biz beyn\u0259lxalq t\u0259cr\u00fcb\u0259ni ara\u015fd\u0131rm\u0131\u015f\u0131q, n\u0259tic\u0259d\u0259 t\u0259kmill\u0259\u015fdirilmi\u015f \u00f6vladl\u0131\u011fag\u00f6t\u00fcrm\u0259 modeli haz\u0131rlam\u0131\u015f\u0131q. \u00c7oxlu yenilikl\u0259r olacaq.<br \/>\n<img class=\"imgbcode\" src=\"https:\/\/sonxeber.az\/uploads\/surrogate.jpg\" alt=\"\u00d6vladl\u0131\u011fa u\u015faq g\u00f6t\u00fcrm\u0259nin yeni qaydalar\u0131n\u0131n detallar\u0131: \u00f6z\u00fcn\u00fcz se\u00e7\u0259 bilm\u0259y\u0259c\u0259ksiniz - EKSKL\u00dcZ\u0130V\" \/>\u00d6vladl\u0131\u011fag\u00f6t\u00fcrm\u0259 modelind\u0259 \u0259cn\u0259bi v\u0259t\u0259nda\u015flara x\u00fcsusi yana\u015fma sistemi n\u0259z\u0259rd\u0259 tutulub. Az\u0259rbaycan v\u0259t\u0259nda\u015flar\u0131n\u0131n, h\u0259m\u00e7inin \u0259cn\u0259bil\u0259rin v\u0259 v\u0259t\u0259nda\u015fl\u0131\u011f\u0131 olmayan \u015f\u0259xsl\u0259rin vahid elektron u\u00e7otu eyni qayda il\u0259 apar\u0131l\u0131r, \u00f6vladl\u0131\u011fa u\u015faq g\u00f6t\u00fcrm\u0259k ist\u0259y\u0259n \u015f\u0259xsin \u00f6vladl\u0131\u011fag\u00f6t\u00fcrm\u0259 prosesin\u0259 vahid n\u0259zar\u0259t, \u0259sasland\u0131rma \u018fm\u0259k v\u0259 \u018fhalinin Sosial M\u00fcdafi\u0259si Nazirliyi t\u0259r\u0259find\u0259n apar\u0131l\u0131r.<\/p>\n<p>\u018fcn\u0259bil\u0259r d\u0259 Az\u0259rbaycan v\u0259t\u0259nda\u015flar\u0131 kimi elektron qaydada qeydiyyatdan ke\u00e7m\u0259kl\u0259 \u00f6vladl\u0131\u011fag\u00f6t\u00fcrm\u0259 il\u0259 ba\u011fl\u0131 m\u00fcraci\u0259t edirl\u0259r. Amma onlar\u0131n g\u0259lirl\u0259ri il\u0259 ba\u011fl\u0131 qaydalarda f\u0259rql\u0259r var. \u00c7\u00fcnki Az\u0259rbaycan v\u0259t\u0259nda\u015flar\u0131ndan f\u0259rqli olaraq onlarda g\u0259lirin miqdar\u0131 bir q\u0259d\u0259r art\u0131qd\u0131r.<\/p>\n<p>Yeni model\u0259 \u0259sas\u0259n, \u0259cn\u0259bil\u0259rl\u0259 ba\u011fl\u0131 vahid n\u0259zar\u0259t sxemi olacaq. Bu t\u0259dbirl\u0259r onlar\u0131n ya\u015fad\u0131qlar\u0131 \u00f6lk\u0259l\u0259rd\u0259 olan n\u00fcmay\u0259nd\u0259likl\u0259rimiz, s\u0259firlikl\u0259r vasit\u0259sil\u0259 h\u0259yata ke\u00e7iril\u0259c\u0259k&#8221;.<\/p>\n<p>Nazirliyin \u0259m\u0259kda\u015f\u0131 \u0259lav\u0259 edib ki, xaricil\u0259r\u0259 u\u015faqlar\u0131n verilm\u0259si prosesi avtomatla\u015fd\u0131r\u0131lacaq:<\/p>\n<p>&#8220;V\u0259t\u0259nda\u015f art\u0131q birba\u015fa m\u0259murla t\u0259masda olmayacaq, \u0259vv\u0259lki kimi vaxt itkisi qeyd\u0259 al\u0131nmayacaq. H\u0259m\u00e7inin \u00f6vladl\u0131\u011fag\u00f6t\u00fcrm\u0259 \u00fc\u00e7\u00fcn laz\u0131m olan s\u0259n\u0259dl\u0259rin \u0259ld\u0259 olunmas\u0131 \u00fc\u00e7\u00fcn v\u0259tanda\u015flar d\u00f6vl\u0259t orqanlar\u0131na getm\u0259k m\u0259cburiyy\u0259tind\u0259 qalmayacaq. Onlar\u0131n ham\u0131s\u0131 altsistem vasit\u0259si il\u0259 inteqrasiya olunan informasiya ehtiyatlar\u0131ndan avtomatik \u015f\u0259kild\u0259 \u0259ld\u0259 edil\u0259c\u0259k.<\/p>\n<p>Eyni zamanda m\u00f6vcud olan indiki qanunverciliy\u0259 g\u00f6r\u0259, \u015f\u0259xs \u00f6vladl\u0131\u011fa g\u00f6t\u00fcrm\u0259k ist\u0259diyi u\u015fa\u011f\u0131 m\u00fc\u0259ssis\u0259d\u0259n se\u00e7irdis\u0259, art\u0131q u\u015fa\u011fa uy\u011fun valideyn, h\u0259m\u00e7inin valideyn\u0259 uy\u011fun u\u015fa\u011f\u0131n se\u00e7ilm\u0259si avtomatla\u015fd\u0131r\u0131lm\u0131\u015f \u015f\u0259kild\u0259 olacaq. U\u015faq \u00fc\u00e7\u00fcn layiqli valideynin kim olmas\u0131 sistem t\u0259r\u0259find\u0259n m\u00fc\u0259yy\u0259n olunacaq.<\/p>\n<p>Yeni modelin m\u0259n\u0259vi c\u0259h\u0259td\u0259n \u0259sas \u00fcst\u00fcnl\u00fckl\u0259rind\u0259n biri d\u0259 ancaq u\u015fa\u011f\u0131n maraqlar\u0131n\u0131n \u0259sas g\u00f6t\u00fcr\u00fclm\u0259sdir. Bel\u0259 ki, u\u015fa\u011fa uy\u011fun valideynin se\u00e7ilm\u0259si indiki modelin \u0259sas prioritet istiqam\u0259tl\u0259rind\u0259ndir&#8221;.<\/p>\n<p>G\u00fclnar B\u0259hramova \u0259lav\u0259 edib ki, bundan sonra \u00f6vladl\u0131\u011fa u\u015faq g\u00f6t\u00fcrm\u0259k ist\u0259y\u0259n \u015f\u0259xsl\u0259r t\u0259k qeydiyyat s\u0259n\u0259dl\u0259ri il\u0259 bu prosesi h\u0259yata ke\u00e7ir\u0259 bilm\u0259y\u0259c\u0259kl\u0259r.<\/p>\n<p>&#8220;Art\u0131q o \u015f\u0259xsl\u0259r m\u00fcxt\u0259lif m\u0259rh\u0259l\u0259l\u0259rd\u0259n ke\u00e7m\u0259li olacaqlar. Bizim nazirlik t\u0259r\u0259find\u0259n h\u0259m \u0259cn\u0259bil\u0259r\u0259, h\u0259m d\u0259 Az\u0259rbaycan v\u0259t\u0259nda\u015flar\u0131na onun \u00f6vladl\u0131\u011fa g\u00f6t\u00fcr\u00fcl\u0259n u\u015fa\u011f\u0131n m\u0259nafeyin\u0259 uy\u011funlu\u011fu haqda r\u0259y veril\u0259c\u0259k. Qeyd edil\u0259n m\u0259rh\u0259l\u0259l\u0259rd\u0259n ke\u00e7\u0259n \u015f\u0259xsl\u0259r haqda r\u0259y formala\u015facaq. M\u0259rh\u0259l\u0259l\u0259r is\u0259 u\u015faqla g\u00f6r\u00fc\u015fl\u0259rin ke\u00e7irilm\u0259si, t\u0259liml\u0259rin n\u0259tic\u0259l\u0259rinin qiym\u0259tl\u0259ndirilm\u0259si, imtahanlar v\u0259 s\u0131naq m\u00fcdd\u0259tind\u0259n ibar\u0259t olacaq. Bu s\u0131naq m\u00fcdd\u0259ti olan 3 ay \u0259razind\u0259 u\u015faq valideyn namiz\u0259dinin evind\u0259 yerl\u0259\u015fdirilir. Ondan sonra h\u0259r ikisinin bir-birin\u0259 olan uy\u011funlu\u011fu m\u00fc\u0259yy\u0259nl\u0259\u015fdirilir&#8221;.<\/p>\n<p>Nazirliyin \u0259m\u0259kda\u015f\u0131 qeyd edib ki, haz\u0131rda u\u015faqlar\u0131n hans\u0131 \u00f6lk\u0259l\u0259r\u0259 \u00f6vladl\u0131\u011fa verilm\u0259si il\u0259 ba\u011fl\u0131 statistika m\u00f6vcud deyil:<\/p>\n<p>&#8220;H\u0259l\u0259 ki, bununla ba\u011fl\u0131 statistika haz\u0131rlan\u0131r. \u00c7\u00fcnki yeni \u00f6vladl\u0131\u011fag\u00f6t\u00fcrm\u0259 modelinin qurulmas\u0131 istiqam\u0259tind\u0259 i\u015fl\u0259r apar\u0131l\u0131r. K\u00f6hn\u0259 statitika ara\u015fd\u0131r\u0131l\u0131r&#8221;.<br \/>\n<img class=\"imgbcode\" src=\"https:\/\/sonxeber.az\/uploads\/1567665960usaq.jpg\" alt=\"\u00d6vladl\u0131\u011fa u\u015faq g\u00f6t\u00fcrm\u0259nin yeni qaydalar\u0131n\u0131n detallar\u0131: \u00f6z\u00fcn\u00fcz se\u00e7\u0259 bilm\u0259y\u0259c\u0259ksiniz - EKSKL\u00dcZ\u0130V\" \/><\/p>\n","protected":false},"excerpt":{"rendered":"<p>Bu ilin noyabr\u0131n 1-d\u0259n \u00f6vladl\u0131\u011fa u\u015faq g\u00f6t\u00fcrm\u0259k ist\u0259y\u0259n Az\u0259rbaycan v\u0259t\u0259nda\u015flar\u0131, eyni zamanda \u0259cn\u0259bil\u0259r v\u0259 v\u0259t\u0259nda\u015fl\u0131\u011f\u0131 olmayan \u015f\u0259xsl\u0259r yeni &#8211; elektron qaydada qeydiyyatdan ke\u00e7m\u0259kl\u0259 bu xidm\u0259td\u0259n yararlana bil\u0259c\u0259kl\u0259r. ARANTV.AZ\u00a0\u00a0x\u0259b\u0259r verir ki, bu bar\u0259d\u0259 Oxu.Az-a a\u00e7\u0131qlamas\u0131nda \u018fm\u0259k v\u0259 \u018fhalinin Sosial M\u00fcdafi\u0259si Nazirliyinin \u018flillik siyas\u0259ti \u015f\u00f6b\u0259sinin \u0259m\u0259kda\u015f\u0131 G\u00fclnar B\u0259hramova m\u0259lumat verib. O bildirib ki, yeni \u00f6vladl\u0131\u011fag\u00f6t\u00fcrm\u0259 modeli s\u0131rf beyn\u0259lxalq t\u0259cr\u00fcb\u0259y\u0259 \u0259saslanaraq haz\u0131rlan\u0131b: &#8220;Biz beyn\u0259lxalq t\u0259cr\u00fcb\u0259ni ara\u015fd\u0131rm\u0131\u015f\u0131q, n\u0259tic\u0259d\u0259 t\u0259kmill\u0259\u015fdirilmi\u015f \u00f6vladl\u0131\u011fag\u00f6t\u00fcrm\u0259 modeli haz\u0131rlam\u0131\u015f\u0131q. \u00c7oxlu yenilikl\u0259r olacaq. \u00d6vladl\u0131\u011fag\u00f6t\u00fcrm\u0259 modelind\u0259 \u0259cn\u0259bi v\u0259t\u0259nda\u015flara x\u00fcsusi yana\u015fma sistemi n\u0259z\u0259rd\u0259 tutulub. Az\u0259rbaycan v\u0259t\u0259nda\u015flar\u0131n\u0131n, h\u0259m\u00e7inin \u0259cn\u0259bil\u0259rin v\u0259 v\u0259t\u0259nda\u015fl\u0131\u011f\u0131 olmayan \u015f\u0259xsl\u0259rin vahid elektron&hellip;<\/p>\n","protected":false},"author":2,"featured_media":76911,"comment_status":"closed","ping_status":"closed","sticky":false,"template":"","format":"standard","meta":{"om_disable_all_campaigns":false,"_monsterinsights_skip_tracking":false,"_monsterinsights_sitenote_active":false,"_monsterinsights_sitenote_note":"","_monsterinsights_sitenote_category":0},"categories":[1],"tags":[],"aioseo_notices":[],"gutentor_comment":0,"rttpg_featured_image_url":{"full":["https:\/\/arantv.az\/wp-content\/uploads\/2019\/09\/1567665940k.jpg",549,366,false],"landscape":["https:\/\/arantv.az\/wp-content\/uploads\/2019\/09\/1567665940k.jpg",549,366,false],"portraits":["https:\/\/arantv.az\/wp-content\/uploads\/2019\/09\/1567665940k.jpg",549,366,false],"thumbnail":["https:\/\/arantv.az\/wp-content\/uploads\/2019\/09\/1567665940k-150x150.jpg",150,150,true],"medium":["https:\/\/arantv.az\/wp-content\/uploads\/2019\/09\/1567665940k-300x200.jpg",300,200,true],"large":["https:\/\/arantv.az\/wp-content\/uploads\/2019\/09\/1567665940k.jpg",549,366,false],"1536x1536":["https:\/\/arantv.az\/wp-content\/uploads\/2019\/09\/1567665940k.jpg",549,366,false],"2048x2048":["https:\/\/arantv.az\/wp-content\/uploads\/2019\/09\/1567665940k.jpg",549,366,false],"post-thumbnail":["https:\/\/arantv.az\/wp-content\/uploads\/2019\/09\/1567665940k-240x172.jpg",240,172,true],"advps-thumb-one":["https:\/\/arantv.az\/wp-content\/uploads\/2019\/09\/1567665940k.jpg",549,366,false]},"rttpg_author":{"display_name":"V\u00fcsal Rafiqo\u011flu","author_link":"https:\/\/arantv.az\/?author=2"},"rttpg_comment":0,"rttpg_category":"<a href=\"https:\/\/arantv.az\/?cat=1\" rel=\"category\">C\u0259miyy\u0259t<\/a>","rttpg_excerpt":"Bu ilin noyabr\u0131n 1-d\u0259n \u00f6vladl\u0131\u011fa u\u015faq g\u00f6t\u00fcrm\u0259k ist\u0259y\u0259n Az\u0259rbaycan v\u0259t\u0259nda\u015flar\u0131, eyni zamanda \u0259cn\u0259bil\u0259r v\u0259 v\u0259t\u0259nda\u015fl\u0131\u011f\u0131 olmayan \u015f\u0259xsl\u0259r yeni &#8211; elektron qaydada qeydiyyatdan ke\u00e7m\u0259kl\u0259 bu xidm\u0259td\u0259n yararlana bil\u0259c\u0259kl\u0259r. ARANTV.AZ\u00a0\u00a0x\u0259b\u0259r verir ki, bu bar\u0259d\u0259 Oxu.Az-a a\u00e7\u0131qlamas\u0131nda \u018fm\u0259k v\u0259 \u018fhalinin Sosial M\u00fcdafi\u0259si Nazirliyinin \u018flillik siyas\u0259ti \u015f\u00f6b\u0259sinin \u0259m\u0259kda\u015f\u0131 G\u00fclnar B\u0259hramova m\u0259lumat verib. O bildirib ki, yeni \u00f6vladl\u0131\u011fag\u00f6t\u00fcrm\u0259 modeli s\u0131rf&hellip;","_links":{"self":[{"href":"https:\/\/arantv.az\/index.php?rest_route=\/wp\/v2\/posts\/76910"}],"collection":[{"href":"https:\/\/arantv.az\/index.php?rest_route=\/wp\/v2\/posts"}],"about":[{"href":"https:\/\/arantv.az\/index.php?rest_route=\/wp\/v2\/types\/post"}],"author":[{"embeddable":true,"href":"https:\/\/arantv.az\/index.php?rest_route=\/wp\/v2\/users\/2"}],"replies":[{"embeddable":true,"href":"https:\/\/arantv.az\/index.php?rest_route=%2Fwp%2Fv2%2Fcomments&post=76910"}],"version-history":[{"count":0,"href":"https:\/\/arantv.az\/index.php?rest_route=\/wp\/v2\/posts\/76910\/revisions"}],"wp:featuredmedia":[{"embeddable":true,"href":"https:\/\/arantv.az\/index.php?rest_route=\/wp\/v2\/media\/76911"}],"wp:attachment":[{"href":"https:\/\/arantv.az\/index.php?rest_route=%2Fwp%2Fv2%2Fmedia&parent=76910"}],"wp:term":[{"taxonomy":"category","embeddable":true,"href":"https:\/\/arantv.az\/index.php?rest_route=%2Fwp%2Fv2%2Fcategories&post=76910"},{"taxonomy":"post_tag","embeddable":true,"href":"https:\/\/arantv.az\/index.php?rest_route=%2Fwp%2Fv2%2Ftags&post=76910"}],"curies":[{"name":"wp","href":"https:\/\/api.w.org\/{rel}","templated":true}]}}