{"id":76916,"date":"2019-09-05T11:25:41","date_gmt":"2019-09-05T08:25:41","guid":{"rendered":"http:\/\/arantv.az\/?p=76916"},"modified":"2019-09-05T11:25:41","modified_gmt":"2019-09-05T08:25:41","slug":"b%c9%99y-g%c9%99lin-g%c9%99tirdiy%c9%99-traktorlarla-getdi","status":"publish","type":"post","link":"https:\/\/arantv.az\/?p=76916","title":{"rendered":"B\u0259y G\u0259lin g\u0259tirdiy\u0259 TRAKTORLARLA getdi"},"content":{"rendered":"<p>Hac\u0131qabul rayon sakini toyunun maraql\u0131 ke\u00e7m\u0259si \u00fc\u00e7\u00fcn qeyri-adi \u00fcsula \u0259l at\u0131b. Traktor s\u00fcr\u00fcc\u00fcs\u00fc olan b\u0259y t\u0259\u015fkil olunan toy m\u0259clisin\u0259 bahal\u0131 ma\u015f\u0131n karvan\u0131 il\u0259 deyil, traktorlarla g\u0259lib. Traktorlar\u0131n i\u015ftirak etdiyi toy karvan\u0131 mara\u011fa s\u0259b\u0259b olub.<\/p>\n<p>Toy karvan\u0131 traktrolardan t\u0259\u015fkil olunub&#8230;<\/p>\n<p>Hac\u0131qabul rayonu Meyniman k\u0259nd sakini Orxan N\u0259sirov bir ne\u00e7\u0259 ildir ki, traktor s\u00fcr\u00fcc\u00fcs\u00fc i\u015fl\u0259yir. Bu ill\u0259r \u0259rzind\u0259 Elvin N\u0259biyevin arzusu olub ki, \u00f6z toyunun qeyri adi ke\u00e7m\u0259si \u00fc\u00e7\u00fcn maraql\u0131 n\u0259s\u0259 etsin..Bunun \u00fc\u00e7\u00fcn o, \u00f6z dostlar\u0131 il\u0259 m\u0259sl\u0259h\u0259tl\u0259\u015f\u0259r\u0259k toy karvan\u0131 bahal\u0131 avtomobill\u0259rl\u0259 deyil m\u0259hz traktorlardan t\u0259\u015fkil etm\u0259k q\u0259rar\u0131na g\u0259lib.<\/p>\n<p>Dostlar\u0131 Orxan\u0131n bu xo\u015f g\u00fcn\u00fc daha yadda qalan etm\u0259k \u00fc\u00e7\u00fcn r\u0259ngar\u0259n \u015farlarla b\u0259z\u0259dilmi\u015f traktorlarla k\u0259ndd\u0259 bir ne\u00e7\u0259 d\u00f6vr\u0259 vurubar.<br \/>\nK\u0259ndd\u0259 ilk d\u0259f\u0259 imi\u015f ki bel\u0259 toy ke\u00e7irilib v\u0259 insanlar\u0131n b\u00f6y\u00fck mara\u011f\u0131na s\u0259b\u0259b olub.<\/p>\n<p>xezerxeber.az<\/p>\n<div class=\"embed-responsive embed-responsive-16by9\"><iframe loading=\"lazy\" id=\"nmqembedid\" class=\"embed-responsive-item\" title=\"video player\" src=\"https:\/\/izle.az\/embed\/qyyxtaxyKS4qTvIy9y0HAA~~\" width=\"600\" height=\"340\" frameborder=\"0\" scrolling=\"no\" allowfullscreen=\"allowfullscreen\" data-mce-fragment=\"1\"><\/iframe><\/div>\n<div id=\"myrekopen\" class=\"bannerklass\">\n<div id=\"SC_TBlock_538956\" class=\"SC_TBlock\"><\/div>\n<\/div>\n","protected":false},"excerpt":{"rendered":"<p>Hac\u0131qabul rayon sakini toyunun maraql\u0131 ke\u00e7m\u0259si \u00fc\u00e7\u00fcn qeyri-adi \u00fcsula \u0259l at\u0131b. Traktor s\u00fcr\u00fcc\u00fcs\u00fc olan b\u0259y t\u0259\u015fkil olunan toy m\u0259clisin\u0259 bahal\u0131 ma\u015f\u0131n karvan\u0131 il\u0259 deyil, traktorlarla g\u0259lib. Traktorlar\u0131n i\u015ftirak etdiyi toy karvan\u0131 mara\u011fa s\u0259b\u0259b olub. Toy karvan\u0131 traktrolardan t\u0259\u015fkil olunub&#8230; Hac\u0131qabul rayonu Meyniman k\u0259nd sakini Orxan N\u0259sirov bir ne\u00e7\u0259 ildir ki, traktor s\u00fcr\u00fcc\u00fcs\u00fc i\u015fl\u0259yir. Bu ill\u0259r \u0259rzind\u0259 Elvin N\u0259biyevin arzusu olub ki, \u00f6z toyunun qeyri adi ke\u00e7m\u0259si \u00fc\u00e7\u00fcn maraql\u0131 n\u0259s\u0259 etsin..Bunun \u00fc\u00e7\u00fcn o, \u00f6z dostlar\u0131 il\u0259 m\u0259sl\u0259h\u0259tl\u0259\u015f\u0259r\u0259k toy karvan\u0131 bahal\u0131 avtomobill\u0259rl\u0259 deyil m\u0259hz traktorlardan t\u0259\u015fkil etm\u0259k q\u0259rar\u0131na g\u0259lib. Dostlar\u0131 Orxan\u0131n bu&hellip;<\/p>\n","protected":false},"author":2,"featured_media":76917,"comment_status":"closed","ping_status":"closed","sticky":false,"template":"","format":"standard","meta":{"om_disable_all_campaigns":false,"_monsterinsights_skip_tracking":false,"_monsterinsights_sitenote_active":false,"_monsterinsights_sitenote_note":"","_monsterinsights_sitenote_category":0},"categories":[1],"tags":[],"aioseo_notices":[],"gutentor_comment":0,"rttpg_featured_image_url":{"full":["https:\/\/arantv.az\/wp-content\/uploads\/2019\/09\/1567577803_517.jpg",550,310,false],"landscape":["https:\/\/arantv.az\/wp-content\/uploads\/2019\/09\/1567577803_517.jpg",550,310,false],"portraits":["https:\/\/arantv.az\/wp-content\/uploads\/2019\/09\/1567577803_517.jpg",550,310,false],"thumbnail":["https:\/\/arantv.az\/wp-content\/uploads\/2019\/09\/1567577803_517-150x150.jpg",150,150,true],"medium":["https:\/\/arantv.az\/wp-content\/uploads\/2019\/09\/1567577803_517-300x169.jpg",300,169,true],"large":["https:\/\/arantv.az\/wp-content\/uploads\/2019\/09\/1567577803_517.jpg",550,310,false],"1536x1536":["https:\/\/arantv.az\/wp-content\/uploads\/2019\/09\/1567577803_517.jpg",550,310,false],"2048x2048":["https:\/\/arantv.az\/wp-content\/uploads\/2019\/09\/1567577803_517.jpg",550,310,false],"post-thumbnail":["https:\/\/arantv.az\/wp-content\/uploads\/2019\/09\/1567577803_517-240x172.jpg",240,172,true],"advps-thumb-one":["https:\/\/arantv.az\/wp-content\/uploads\/2019\/09\/1567577803_517.jpg",550,310,false]},"rttpg_author":{"display_name":"V\u00fcsal Rafiqo\u011flu","author_link":"https:\/\/arantv.az\/?author=2"},"rttpg_comment":0,"rttpg_category":"<a href=\"https:\/\/arantv.az\/?cat=1\" rel=\"category\">C\u0259miyy\u0259t<\/a>","rttpg_excerpt":"Hac\u0131qabul rayon sakini toyunun maraql\u0131 ke\u00e7m\u0259si \u00fc\u00e7\u00fcn qeyri-adi \u00fcsula \u0259l at\u0131b. Traktor s\u00fcr\u00fcc\u00fcs\u00fc olan b\u0259y t\u0259\u015fkil olunan toy m\u0259clisin\u0259 bahal\u0131 ma\u015f\u0131n karvan\u0131 il\u0259 deyil, traktorlarla g\u0259lib. Traktorlar\u0131n i\u015ftirak etdiyi toy karvan\u0131 mara\u011fa s\u0259b\u0259b olub. Toy karvan\u0131 traktrolardan t\u0259\u015fkil olunub&#8230; Hac\u0131qabul rayonu Meyniman k\u0259nd sakini Orxan N\u0259sirov bir ne\u00e7\u0259 ildir ki, traktor s\u00fcr\u00fcc\u00fcs\u00fc i\u015fl\u0259yir. Bu ill\u0259r&hellip;","_links":{"self":[{"href":"https:\/\/arantv.az\/index.php?rest_route=\/wp\/v2\/posts\/76916"}],"collection":[{"href":"https:\/\/arantv.az\/index.php?rest_route=\/wp\/v2\/posts"}],"about":[{"href":"https:\/\/arantv.az\/index.php?rest_route=\/wp\/v2\/types\/post"}],"author":[{"embeddable":true,"href":"https:\/\/arantv.az\/index.php?rest_route=\/wp\/v2\/users\/2"}],"replies":[{"embeddable":true,"href":"https:\/\/arantv.az\/index.php?rest_route=%2Fwp%2Fv2%2Fcomments&post=76916"}],"version-history":[{"count":0,"href":"https:\/\/arantv.az\/index.php?rest_route=\/wp\/v2\/posts\/76916\/revisions"}],"wp:featuredmedia":[{"embeddable":true,"href":"https:\/\/arantv.az\/index.php?rest_route=\/wp\/v2\/media\/76917"}],"wp:attachment":[{"href":"https:\/\/arantv.az\/index.php?rest_route=%2Fwp%2Fv2%2Fmedia&parent=76916"}],"wp:term":[{"taxonomy":"category","embeddable":true,"href":"https:\/\/arantv.az\/index.php?rest_route=%2Fwp%2Fv2%2Fcategories&post=76916"},{"taxonomy":"post_tag","embeddable":true,"href":"https:\/\/arantv.az\/index.php?rest_route=%2Fwp%2Fv2%2Ftags&post=76916"}],"curies":[{"name":"wp","href":"https:\/\/api.w.org\/{rel}","templated":true}]}}