{"id":76944,"date":"2019-09-05T13:45:39","date_gmt":"2019-09-05T10:45:39","guid":{"rendered":"http:\/\/arantv.az\/?p=76944"},"modified":"2019-09-05T13:45:39","modified_gmt":"2019-09-05T10:45:39","slug":"musa-yaquba-xalq-sairi-f%c9%99xri-adi-t%c9%99qdim-olundu-foto","status":"publish","type":"post","link":"https:\/\/arantv.az\/?p=76944","title":{"rendered":"Musa Yaquba &#8220;Xalq \u015fairi&#8221; f\u0259xri ad\u0131 t\u0259qdim olundu &#8211; FOTO"},"content":{"rendered":"<p>Yaz\u0131\u00e7\u0131lar Birliyinin \u00fczv\u00fc Musa Yaquba &#8220;Xalq \u015fairi&#8221; f\u0259xri ad\u0131\u00a0t\u0259qdim olunub.<\/p>\n<p><strong>ARANTV.AZ\u00a0\u00a0<\/strong>x\u0259b\u0259r verir ki, Xalq \u015fairin\u0259 f\u0259xri ad\u0131n ni\u015fan\u0131n\u0131 v\u0259 v\u0259siq\u0259sini M\u0259d\u0259niyy\u0259t naziri \u018fb\u00fclf\u0259s Qarayev\u00a0t\u0259qdim edib.<\/p>\n<p>Nazir M.Yaqubu t\u0259brik ed\u0259r\u0259k onun m\u00fcasir Az\u0259rbaycan poeziyas\u0131nda \u00f6z d\u0259st-x\u0259tti il\u0259 se\u00e7il\u0259n \u015fairl\u0259rd\u0259n oldu\u011funu bildirib.<\/p>\n<div id=\"AdviadNativeVideo0\" class=\"AdviadNativeVideo\"><\/div>\n<p>&#8220;Xalq \u015fairi&#8221; kimi y\u00fcks\u0259k f\u0259xri ada layiq g\u00f6r\u00fcld\u00fcy\u00fcn\u0259 g\u00f6r\u0259 Prezident \u0130lham \u018fliyev\u0259 minn\u0259tdarl\u0131\u011f\u0131n\u0131 bildir\u0259n M.Yaqub \u00f6lk\u0259 ba\u015f\u00e7\u0131s\u0131n\u0131n h\u0259mi\u015f\u0259 yarad\u0131c\u0131 insanlara diqq\u0259t v\u0259 qay\u011f\u0131 g\u00f6st\u0259rdiyini deyib.<\/p>\n<p>Qocaman \u015fair Az\u0259rbaycan poeziyas\u0131n\u0131n g\u0259l\u0259c\u0259yind\u0259n nikbin oldu\u011funu da vur\u011fulay\u0131b.<\/p>\n<div class=\"gallery\">\n<div class=\"gallery-i\"><img src=\"https:\/\/assets.oxu.az\/uploads\/W1siZiIsIjIwMTkvMDkvMDUvMTMvMTYvNDAvODZjYThhZGUtODY4OS00NTZkLTk5MzItNWYwYWY5NDJmMTE3L2RzYzAzNTI5LW5ldy5qcGciXSxbInAiLCJlbmNvZGUiLCJqcGciLCItcXVhbGl0eSA4MCJdLFsicCIsInRodW1iIiwiNTkweDU5MFx1MDAzZSJdXQ?sha=750089c41b308839\" alt=\"\" \/><\/p>\n<div class=\"gallery-i-caption\"><\/div>\n<\/div>\n<div class=\"gallery-i\"><img src=\"https:\/\/assets.oxu.az\/uploads\/W1siZiIsIjIwMTkvMDkvMDUvMTMvMTYvNDAvYzExZGZjNjEtMjZjZi00YTc3LTg1ODYtZmFjMTAzOWMzNzNhL2RzYzAzNTMyLW5ldy5qcGciXSxbInAiLCJlbmNvZGUiLCJqcGciLCItcXVhbGl0eSA4MCJdLFsicCIsInRodW1iIiwiNTkweDU5MFx1MDAzZSJdXQ?sha=5f0219bdf4dc9eec\" alt=\"\" \/><\/p>\n<div class=\"gallery-i-caption\"><\/div>\n<\/div>\n<div class=\"gallery-i\"><img src=\"https:\/\/assets.oxu.az\/uploads\/W1siZiIsIjIwMTkvMDkvMDUvMTMvMTYvNDAvOThmZjc1N2EtMmI4Mi00ZDMyLTkyMjktNGZkMzI5NWM2ZDFmL2RzYzAzNTQzLmpwZyJdLFsicCIsImVuY29kZSIsImpwZyIsIi1xdWFsaXR5IDgwIl0sWyJwIiwidGh1bWIiLCI1OTB4NTkwXHUwMDNlIl1d?sha=a731a0229d1a789f\" alt=\"\" \/><\/p>\n<div class=\"gallery-i-caption\"><\/div>\n<\/div>\n<div class=\"gallery-i\"><img src=\"https:\/\/assets.oxu.az\/uploads\/W1siZiIsIjIwMTkvMDkvMDUvMTMvMTYvNDAvYjhkM2EwODctNjhhMi00ZmIxLTg1NjctMGJjNDI4YTRjYWEwL2RzYzAzNTQ2LW5ldy5qcGciXSxbInAiLCJlbmNvZGUiLCJqcGciLCItcXVhbGl0eSA4MCJdLFsicCIsInRodW1iIiwiNTkweDU5MFx1MDAzZSJdXQ?sha=a51f063032c66bbf\" alt=\"\" \/><\/div>\n<div>oxu.az<\/div>\n<\/div>\n","protected":false},"excerpt":{"rendered":"<p>Yaz\u0131\u00e7\u0131lar Birliyinin \u00fczv\u00fc Musa Yaquba &#8220;Xalq \u015fairi&#8221; f\u0259xri ad\u0131\u00a0t\u0259qdim olunub. ARANTV.AZ\u00a0\u00a0x\u0259b\u0259r verir ki, Xalq \u015fairin\u0259 f\u0259xri ad\u0131n ni\u015fan\u0131n\u0131 v\u0259 v\u0259siq\u0259sini M\u0259d\u0259niyy\u0259t naziri \u018fb\u00fclf\u0259s Qarayev\u00a0t\u0259qdim edib. Nazir M.Yaqubu t\u0259brik ed\u0259r\u0259k onun m\u00fcasir Az\u0259rbaycan poeziyas\u0131nda \u00f6z d\u0259st-x\u0259tti il\u0259 se\u00e7il\u0259n \u015fairl\u0259rd\u0259n oldu\u011funu bildirib. &#8220;Xalq \u015fairi&#8221; kimi y\u00fcks\u0259k f\u0259xri ada layiq g\u00f6r\u00fcld\u00fcy\u00fcn\u0259 g\u00f6r\u0259 Prezident \u0130lham \u018fliyev\u0259 minn\u0259tdarl\u0131\u011f\u0131n\u0131 bildir\u0259n M.Yaqub \u00f6lk\u0259 ba\u015f\u00e7\u0131s\u0131n\u0131n h\u0259mi\u015f\u0259 yarad\u0131c\u0131 insanlara diqq\u0259t v\u0259 qay\u011f\u0131 g\u00f6st\u0259rdiyini deyib. Qocaman \u015fair Az\u0259rbaycan poeziyas\u0131n\u0131n g\u0259l\u0259c\u0259yind\u0259n nikbin oldu\u011funu da vur\u011fulay\u0131b. oxu.az<\/p>\n","protected":false},"author":2,"featured_media":76945,"comment_status":"closed","ping_status":"closed","sticky":false,"template":"","format":"standard","meta":{"om_disable_all_campaigns":false,"_monsterinsights_skip_tracking":false,"_monsterinsights_sitenote_active":false,"_monsterinsights_sitenote_note":"","_monsterinsights_sitenote_category":0},"categories":[1],"tags":[],"aioseo_notices":[],"gutentor_comment":0,"rttpg_featured_image_url":{"full":["https:\/\/arantv.az\/wp-content\/uploads\/2019\/09\/musa_yaqub.jpg",590,394,false],"landscape":["https:\/\/arantv.az\/wp-content\/uploads\/2019\/09\/musa_yaqub.jpg",590,394,false],"portraits":["https:\/\/arantv.az\/wp-content\/uploads\/2019\/09\/musa_yaqub.jpg",590,394,false],"thumbnail":["https:\/\/arantv.az\/wp-content\/uploads\/2019\/09\/musa_yaqub-150x150.jpg",150,150,true],"medium":["https:\/\/arantv.az\/wp-content\/uploads\/2019\/09\/musa_yaqub-300x200.jpg",300,200,true],"large":["https:\/\/arantv.az\/wp-content\/uploads\/2019\/09\/musa_yaqub.jpg",590,394,false],"1536x1536":["https:\/\/arantv.az\/wp-content\/uploads\/2019\/09\/musa_yaqub.jpg",590,394,false],"2048x2048":["https:\/\/arantv.az\/wp-content\/uploads\/2019\/09\/musa_yaqub.jpg",590,394,false],"post-thumbnail":["https:\/\/arantv.az\/wp-content\/uploads\/2019\/09\/musa_yaqub-240x172.jpg",240,172,true],"advps-thumb-one":["https:\/\/arantv.az\/wp-content\/uploads\/2019\/09\/musa_yaqub.jpg",590,394,false]},"rttpg_author":{"display_name":"V\u00fcsal Rafiqo\u011flu","author_link":"https:\/\/arantv.az\/?author=2"},"rttpg_comment":0,"rttpg_category":"<a href=\"https:\/\/arantv.az\/?cat=1\" rel=\"category\">C\u0259miyy\u0259t<\/a>","rttpg_excerpt":"Yaz\u0131\u00e7\u0131lar Birliyinin \u00fczv\u00fc Musa Yaquba &#8220;Xalq \u015fairi&#8221; f\u0259xri ad\u0131\u00a0t\u0259qdim olunub. ARANTV.AZ\u00a0\u00a0x\u0259b\u0259r verir ki, Xalq \u015fairin\u0259 f\u0259xri ad\u0131n ni\u015fan\u0131n\u0131 v\u0259 v\u0259siq\u0259sini M\u0259d\u0259niyy\u0259t naziri \u018fb\u00fclf\u0259s Qarayev\u00a0t\u0259qdim edib. Nazir M.Yaqubu t\u0259brik ed\u0259r\u0259k onun m\u00fcasir Az\u0259rbaycan poeziyas\u0131nda \u00f6z d\u0259st-x\u0259tti il\u0259 se\u00e7il\u0259n \u015fairl\u0259rd\u0259n oldu\u011funu bildirib. &#8220;Xalq \u015fairi&#8221; kimi y\u00fcks\u0259k f\u0259xri ada layiq g\u00f6r\u00fcld\u00fcy\u00fcn\u0259 g\u00f6r\u0259 Prezident \u0130lham \u018fliyev\u0259 minn\u0259tdarl\u0131\u011f\u0131n\u0131 bildir\u0259n M.Yaqub&hellip;","_links":{"self":[{"href":"https:\/\/arantv.az\/index.php?rest_route=\/wp\/v2\/posts\/76944"}],"collection":[{"href":"https:\/\/arantv.az\/index.php?rest_route=\/wp\/v2\/posts"}],"about":[{"href":"https:\/\/arantv.az\/index.php?rest_route=\/wp\/v2\/types\/post"}],"author":[{"embeddable":true,"href":"https:\/\/arantv.az\/index.php?rest_route=\/wp\/v2\/users\/2"}],"replies":[{"embeddable":true,"href":"https:\/\/arantv.az\/index.php?rest_route=%2Fwp%2Fv2%2Fcomments&post=76944"}],"version-history":[{"count":0,"href":"https:\/\/arantv.az\/index.php?rest_route=\/wp\/v2\/posts\/76944\/revisions"}],"wp:featuredmedia":[{"embeddable":true,"href":"https:\/\/arantv.az\/index.php?rest_route=\/wp\/v2\/media\/76945"}],"wp:attachment":[{"href":"https:\/\/arantv.az\/index.php?rest_route=%2Fwp%2Fv2%2Fmedia&parent=76944"}],"wp:term":[{"taxonomy":"category","embeddable":true,"href":"https:\/\/arantv.az\/index.php?rest_route=%2Fwp%2Fv2%2Fcategories&post=76944"},{"taxonomy":"post_tag","embeddable":true,"href":"https:\/\/arantv.az\/index.php?rest_route=%2Fwp%2Fv2%2Ftags&post=76944"}],"curies":[{"name":"wp","href":"https:\/\/api.w.org\/{rel}","templated":true}]}}