{"id":76951,"date":"2019-09-05T13:48:19","date_gmt":"2019-09-05T10:48:19","guid":{"rendered":"http:\/\/arantv.az\/?p=76951"},"modified":"2019-09-05T13:48:19","modified_gmt":"2019-09-05T10:48:19","slug":"bakida-fahis%c9%99-saxlanildi-must%c9%99ril%c9%99rinin-cibl%c9%99rini-t%c9%99mizl%c9%99yirmis","status":"publish","type":"post","link":"https:\/\/arantv.az\/?p=76951","title":{"rendered":"Bak\u0131da fahi\u015f\u0259 saxlan\u0131ld\u0131 &#8211; &#8220;M\u00fc\u015ft\u0259ri&#8221;l\u0259rinin cibl\u0259rini &#8220;t\u0259mizl\u0259yirmi\u015f&#8221;"},"content":{"rendered":"<p>Bak\u0131da &#8220;m\u00fc\u015ft\u0259ri&#8221;l\u0259rin cibl\u0259rini &#8220;t\u0259mizl\u0259y\u0259n&#8221; fahi\u015f\u0259 saxlan\u0131l\u0131b.<\/p>\n<p>Bu bar\u0259d\u0259\u00a0Oxu.Az-a\u00a0X\u0259z\u0259r Rayon Polis \u0130dar\u0259sind\u0259n m\u0259lumat verilib.<\/p>\n<p>Bildirilib ki, \u0259xlaqs\u0131zl\u0131qla m\u0259\u015f\u011ful olan v\u0259 \u015f\u0259xsi \u0259mlak\u0131n o\u011furlanmas\u0131nda ittiham olunan 32 ya\u015fl\u0131 R.Zeynalova 2019-cu ilin may ay\u0131ndan axtar\u0131\u015fda olub.<\/p>\n<div id=\"AdviadNativeVideo0\" class=\"AdviadNativeVideo\"><\/div>\n<p>Polis\u0259 m\u00fcraci\u0259t ed\u0259n d\u00f6rd\u00a0\u015fikay\u0259t\u00e7i\u00a0R.Zeynalovan\u0131n g\u00f6r\u00fc\u015fd\u0259n sonra onlar\u0131n pullar\u0131n\u0131 o\u011furlay\u0131b aradan \u00e7\u0131xd\u0131\u011f\u0131n\u0131 bildirib.<\/p>\n<p>Qad\u0131n daha \u00f6nc\u0259 d\u0259 ox\u015far cinay\u0259t\u0259 g\u00f6r\u0259 saxlan\u0131l\u0131b, lakin sonradan azadl\u0131\u011fa burax\u0131l\u0131b. Lakin hadis\u0259nin d\u0259f\u0259l\u0259rl\u0259 t\u0259krarland\u0131\u011f\u0131 \u00fc\u00e7\u00fcn bu d\u0259f\u0259 ona g\u00fcz\u0259\u015ft olunmayaca\u011f\u0131 bildirilir.<\/p>\n<p>Qeyd ed\u0259k ki, 500 manat civar\u0131nda edil\u0259n o\u011furluq x\u0131rda say\u0131l\u0131r v\u0259 buna g\u00f6r\u0259 h\u0259bs c\u0259zas\u0131 n\u0259z\u0259rd\u0259 tutulmur. Bel\u0259 hallarda inzibati sanksiyalar t\u0259tbiq edilir.<\/p>\n<p>C\u0259mi be\u015f\u00a0il \u00f6nc\u0259 100 manat civar\u0131nda edil\u0259n o\u011furluqlar x\u0131rda hesab olunurdu, lakin penitensiar\u00a0 m\u00fc\u0259ssis\u0259l\u0259r dolu oldu\u011fundan\u00a0c\u0259za siyas\u0259tinin humanistl\u0259\u015fdirilm\u0259si \u00e7\u0259r\u00e7iv\u0259sind\u0259 respublikan\u0131n cinay\u0259t m\u0259c\u0259ll\u0259sin\u0259 m\u00fc\u0259yy\u0259n d\u0259yi\u015fiklikl\u0259r\u00a0edilib.<\/p>\n","protected":false},"excerpt":{"rendered":"<p>Bak\u0131da &#8220;m\u00fc\u015ft\u0259ri&#8221;l\u0259rin cibl\u0259rini &#8220;t\u0259mizl\u0259y\u0259n&#8221; fahi\u015f\u0259 saxlan\u0131l\u0131b. Bu bar\u0259d\u0259\u00a0Oxu.Az-a\u00a0X\u0259z\u0259r Rayon Polis \u0130dar\u0259sind\u0259n m\u0259lumat verilib. Bildirilib ki, \u0259xlaqs\u0131zl\u0131qla m\u0259\u015f\u011ful olan v\u0259 \u015f\u0259xsi \u0259mlak\u0131n o\u011furlanmas\u0131nda ittiham olunan 32 ya\u015fl\u0131 R.Zeynalova 2019-cu ilin may ay\u0131ndan axtar\u0131\u015fda olub. Polis\u0259 m\u00fcraci\u0259t ed\u0259n d\u00f6rd\u00a0\u015fikay\u0259t\u00e7i\u00a0R.Zeynalovan\u0131n g\u00f6r\u00fc\u015fd\u0259n sonra onlar\u0131n pullar\u0131n\u0131 o\u011furlay\u0131b aradan \u00e7\u0131xd\u0131\u011f\u0131n\u0131 bildirib. Qad\u0131n daha \u00f6nc\u0259 d\u0259 ox\u015far cinay\u0259t\u0259 g\u00f6r\u0259 saxlan\u0131l\u0131b, lakin sonradan azadl\u0131\u011fa burax\u0131l\u0131b. Lakin hadis\u0259nin d\u0259f\u0259l\u0259rl\u0259 t\u0259krarland\u0131\u011f\u0131 \u00fc\u00e7\u00fcn bu d\u0259f\u0259 ona g\u00fcz\u0259\u015ft olunmayaca\u011f\u0131 bildirilir. Qeyd ed\u0259k ki, 500 manat civar\u0131nda edil\u0259n o\u011furluq x\u0131rda say\u0131l\u0131r v\u0259 buna g\u00f6r\u0259 h\u0259bs c\u0259zas\u0131 n\u0259z\u0259rd\u0259 tutulmur. Bel\u0259 hallarda inzibati sanksiyalar t\u0259tbiq&hellip;<\/p>\n","protected":false},"author":2,"featured_media":76952,"comment_status":"closed","ping_status":"closed","sticky":false,"template":"","format":"standard","meta":{"om_disable_all_campaigns":false,"_monsterinsights_skip_tracking":false,"_monsterinsights_sitenote_active":false,"_monsterinsights_sitenote_note":"","_monsterinsights_sitenote_category":0},"categories":[5],"tags":[],"aioseo_notices":[],"gutentor_comment":0,"rttpg_featured_image_url":{"full":["https:\/\/arantv.az\/wp-content\/uploads\/2019\/09\/image-2010-03-8-7006386-70-prostituate-romance-germania.jpg",620,439,false],"landscape":["https:\/\/arantv.az\/wp-content\/uploads\/2019\/09\/image-2010-03-8-7006386-70-prostituate-romance-germania.jpg",620,439,false],"portraits":["https:\/\/arantv.az\/wp-content\/uploads\/2019\/09\/image-2010-03-8-7006386-70-prostituate-romance-germania.jpg",620,439,false],"thumbnail":["https:\/\/arantv.az\/wp-content\/uploads\/2019\/09\/image-2010-03-8-7006386-70-prostituate-romance-germania-150x150.jpg",150,150,true],"medium":["https:\/\/arantv.az\/wp-content\/uploads\/2019\/09\/image-2010-03-8-7006386-70-prostituate-romance-germania-300x212.jpg",300,212,true],"large":["https:\/\/arantv.az\/wp-content\/uploads\/2019\/09\/image-2010-03-8-7006386-70-prostituate-romance-germania.jpg",620,439,false],"1536x1536":["https:\/\/arantv.az\/wp-content\/uploads\/2019\/09\/image-2010-03-8-7006386-70-prostituate-romance-germania.jpg",620,439,false],"2048x2048":["https:\/\/arantv.az\/wp-content\/uploads\/2019\/09\/image-2010-03-8-7006386-70-prostituate-romance-germania.jpg",620,439,false],"post-thumbnail":["https:\/\/arantv.az\/wp-content\/uploads\/2019\/09\/image-2010-03-8-7006386-70-prostituate-romance-germania-240x172.jpg",240,172,true],"advps-thumb-one":["https:\/\/arantv.az\/wp-content\/uploads\/2019\/09\/image-2010-03-8-7006386-70-prostituate-romance-germania.jpg",620,439,false]},"rttpg_author":{"display_name":"V\u00fcsal Rafiqo\u011flu","author_link":"https:\/\/arantv.az\/?author=2"},"rttpg_comment":0,"rttpg_category":"<a href=\"https:\/\/arantv.az\/?cat=5\" rel=\"category\">Hadis\u0259<\/a>","rttpg_excerpt":"Bak\u0131da &#8220;m\u00fc\u015ft\u0259ri&#8221;l\u0259rin cibl\u0259rini &#8220;t\u0259mizl\u0259y\u0259n&#8221; fahi\u015f\u0259 saxlan\u0131l\u0131b. Bu bar\u0259d\u0259\u00a0Oxu.Az-a\u00a0X\u0259z\u0259r Rayon Polis \u0130dar\u0259sind\u0259n m\u0259lumat verilib. Bildirilib ki, \u0259xlaqs\u0131zl\u0131qla m\u0259\u015f\u011ful olan v\u0259 \u015f\u0259xsi \u0259mlak\u0131n o\u011furlanmas\u0131nda ittiham olunan 32 ya\u015fl\u0131 R.Zeynalova 2019-cu ilin may ay\u0131ndan axtar\u0131\u015fda olub. Polis\u0259 m\u00fcraci\u0259t ed\u0259n d\u00f6rd\u00a0\u015fikay\u0259t\u00e7i\u00a0R.Zeynalovan\u0131n g\u00f6r\u00fc\u015fd\u0259n sonra onlar\u0131n pullar\u0131n\u0131 o\u011furlay\u0131b aradan \u00e7\u0131xd\u0131\u011f\u0131n\u0131 bildirib. Qad\u0131n daha \u00f6nc\u0259 d\u0259 ox\u015far cinay\u0259t\u0259 g\u00f6r\u0259 saxlan\u0131l\u0131b, lakin sonradan&hellip;","_links":{"self":[{"href":"https:\/\/arantv.az\/index.php?rest_route=\/wp\/v2\/posts\/76951"}],"collection":[{"href":"https:\/\/arantv.az\/index.php?rest_route=\/wp\/v2\/posts"}],"about":[{"href":"https:\/\/arantv.az\/index.php?rest_route=\/wp\/v2\/types\/post"}],"author":[{"embeddable":true,"href":"https:\/\/arantv.az\/index.php?rest_route=\/wp\/v2\/users\/2"}],"replies":[{"embeddable":true,"href":"https:\/\/arantv.az\/index.php?rest_route=%2Fwp%2Fv2%2Fcomments&post=76951"}],"version-history":[{"count":0,"href":"https:\/\/arantv.az\/index.php?rest_route=\/wp\/v2\/posts\/76951\/revisions"}],"wp:featuredmedia":[{"embeddable":true,"href":"https:\/\/arantv.az\/index.php?rest_route=\/wp\/v2\/media\/76952"}],"wp:attachment":[{"href":"https:\/\/arantv.az\/index.php?rest_route=%2Fwp%2Fv2%2Fmedia&parent=76951"}],"wp:term":[{"taxonomy":"category","embeddable":true,"href":"https:\/\/arantv.az\/index.php?rest_route=%2Fwp%2Fv2%2Fcategories&post=76951"},{"taxonomy":"post_tag","embeddable":true,"href":"https:\/\/arantv.az\/index.php?rest_route=%2Fwp%2Fv2%2Ftags&post=76951"}],"curies":[{"name":"wp","href":"https:\/\/api.w.org\/{rel}","templated":true}]}}