{"id":76957,"date":"2019-09-05T13:52:24","date_gmt":"2019-09-05T10:52:24","guid":{"rendered":"http:\/\/arantv.az\/?p=76957"},"modified":"2019-09-05T13:52:24","modified_gmt":"2019-09-05T10:52:24","slug":"yaralanan-%c9%99sg%c9%99rimizd%c9%99n-x%c9%99b%c9%99r-var","status":"publish","type":"post","link":"https:\/\/arantv.az\/?p=76957","title":{"rendered":"Yaralanan \u0259sg\u0259rimizd\u0259n X\u018fB\u018fR VAR"},"content":{"rendered":"<p><strong>\u00d6t\u0259n ay Az\u0259rbaycan-Erm\u0259nistan d\u00f6vl\u0259t s\u0259rh\u0259dinin Nax\u00e7\u0131van Muxtar Respublikas\u0131 istiqam\u0259tind\u0259 at\u0259\u015fk\u0259sin pozulmas\u0131 n\u0259tic\u0259sind\u0259 g\u00fcll\u0259 yaras\u0131 alan 2000-ci il t\u0259v\u0259ll\u00fcdl\u00fc \u0259sg\u0259r Babayev H\u0259s\u0259n Adil o\u011flunun m\u00fcalic\u0259si davam edir.<\/strong><\/p>\n<p><strong>ARANTV.AZ<\/strong>\u00a0 x\u0259b\u0259r verir ki, bu bar\u0259d\u0259\u00a0<a href=\"https:\/\/az.trend.az\/\" target=\"_blank\" rel=\"noopener\">Trend<\/a>-\u0259 Babayev Adilin \u00f6z\u00fc m\u0259lumat verib. Onun s\u00f6zl\u0259rin\u0259 g\u00f6r\u0259, a\u011f\u0131r \u0259m\u0259liyyat olunmas\u0131na baxmayaraq, h\u0259r \u015fey u\u011furlu ke\u00e7ib v\u0259 m\u00fcalic\u0259si u\u011furla davam etdirilir:<\/p>\n<p>&#8220;\u015e\u00fck\u00fcrl\u0259r olsun ki, sa\u011fal\u0131ram. G\u00fcll\u0259 yaras\u0131 ald\u0131\u011f\u0131m g\u00fcn 4 saatdan art\u0131q \u0259m\u0259liyyat olundum. Sa\u011f aya\u011f\u0131mda \u015fah damar z\u0259d\u0259l\u0259nmi\u015fdi, bu s\u0259b\u0259bd\u0259n damar d\u0259yi\u015fikliyi olundu. H\u0259r iki aya\u011f\u0131mda q\u0259lp\u0259 yaralar\u0131 var, haz\u0131rda yaralar\u0131m\u0131n birl\u0259\u015fm\u0259sini g\u00f6zl\u0259yir\u0259m&#8221;.<\/p>\n<p>Xat\u0131rladaq ki, avqustun 15-i saat 21:30 rad\u0259l\u0259rind\u0259 Az\u0259rbaycan-Erm\u0259nistan d\u00f6vl\u0259t s\u0259rh\u0259dinin Nax\u00e7\u0131van Muxtar Respublikas\u0131 istiqam\u0259tind\u0259 at\u0259\u015fk\u0259s rejiminin kobud \u015f\u0259kild\u0259 pozulmas\u0131 n\u0259tic\u0259sind\u0259 h\u0259rbi qulluq\u00e7umuz yaralan\u0131b.<\/p>\n<div>\n<div id=\"AdviadNativeVideo0\" class=\"AdviadNativeVideo\"><\/div>\n<\/div>\n<p>\u018flahidd\u0259 \u00dcmumqo\u015fun Ordunun M\u0259tbuat xidm\u0259tind\u0259n veril\u0259n m\u0259lumata g\u00f6r\u0259, Nax\u00e7\u0131van \u015f\u0259h\u0259rind\u0259n m\u00fcdd\u0259tli h\u0259qiqi h\u0259rbi xidm\u0259t\u0259 \u00e7a\u011f\u0131r\u0131lm\u0131\u015f 2000-ci il t\u0259v\u0259ll\u00fcdl\u00fc \u0259sg\u0259r Babayev H\u0259s\u0259n Adil o\u011flu Nax\u00e7\u0131van Muxtar Respublikas\u0131n\u0131n S\u0259d\u0259r\u0259k rayonu istiqam\u0259tind\u0259 m\u00fch\u0259ndis i\u015fl\u0259ri apar\u0131lan zaman d\u00fc\u015fm\u0259n m\u00f6vqeyind\u0259n a\u00e7\u0131lan snayper at\u0259\u015fi n\u0259tic\u0259sind\u0259 sa\u011f bud nahiy\u0259sind\u0259n g\u00fcll\u0259 yaras\u0131 al\u0131b. Yaralanm\u0131\u015f \u0259sg\u0259r\u0259 d\u0259rhal tibbi yard\u0131m g\u00f6st\u0259rilib, h\u0259yati t\u0259hl\u00fck\u0259si yoxdur.<\/p>\n","protected":false},"excerpt":{"rendered":"<p>\u00d6t\u0259n ay Az\u0259rbaycan-Erm\u0259nistan d\u00f6vl\u0259t s\u0259rh\u0259dinin Nax\u00e7\u0131van Muxtar Respublikas\u0131 istiqam\u0259tind\u0259 at\u0259\u015fk\u0259sin pozulmas\u0131 n\u0259tic\u0259sind\u0259 g\u00fcll\u0259 yaras\u0131 alan 2000-ci il t\u0259v\u0259ll\u00fcdl\u00fc \u0259sg\u0259r Babayev H\u0259s\u0259n Adil o\u011flunun m\u00fcalic\u0259si davam edir. ARANTV.AZ\u00a0 x\u0259b\u0259r verir ki, bu bar\u0259d\u0259\u00a0Trend-\u0259 Babayev Adilin \u00f6z\u00fc m\u0259lumat verib. Onun s\u00f6zl\u0259rin\u0259 g\u00f6r\u0259, a\u011f\u0131r \u0259m\u0259liyyat olunmas\u0131na baxmayaraq, h\u0259r \u015fey u\u011furlu ke\u00e7ib v\u0259 m\u00fcalic\u0259si u\u011furla davam etdirilir: &#8220;\u015e\u00fck\u00fcrl\u0259r olsun ki, sa\u011fal\u0131ram. G\u00fcll\u0259 yaras\u0131 ald\u0131\u011f\u0131m g\u00fcn 4 saatdan art\u0131q \u0259m\u0259liyyat olundum. Sa\u011f aya\u011f\u0131mda \u015fah damar z\u0259d\u0259l\u0259nmi\u015fdi, bu s\u0259b\u0259bd\u0259n damar d\u0259yi\u015fikliyi olundu. H\u0259r iki aya\u011f\u0131mda q\u0259lp\u0259 yaralar\u0131 var, haz\u0131rda yaralar\u0131m\u0131n birl\u0259\u015fm\u0259sini g\u00f6zl\u0259yir\u0259m&#8221;. Xat\u0131rladaq ki, avqustun 15-i&hellip;<\/p>\n","protected":false},"author":2,"featured_media":76958,"comment_status":"closed","ping_status":"closed","sticky":false,"template":"","format":"standard","meta":{"om_disable_all_campaigns":false,"_monsterinsights_skip_tracking":false,"_monsterinsights_sitenote_active":false,"_monsterinsights_sitenote_note":"","_monsterinsights_sitenote_category":0},"categories":[1],"tags":[],"aioseo_notices":[],"gutentor_comment":0,"rttpg_featured_image_url":{"full":["https:\/\/arantv.az\/wp-content\/uploads\/2019\/09\/xestexana_0256.jpg",800,600,false],"landscape":["https:\/\/arantv.az\/wp-content\/uploads\/2019\/09\/xestexana_0256.jpg",800,600,false],"portraits":["https:\/\/arantv.az\/wp-content\/uploads\/2019\/09\/xestexana_0256.jpg",800,600,false],"thumbnail":["https:\/\/arantv.az\/wp-content\/uploads\/2019\/09\/xestexana_0256-150x150.jpg",150,150,true],"medium":["https:\/\/arantv.az\/wp-content\/uploads\/2019\/09\/xestexana_0256-300x225.jpg",300,225,true],"large":["https:\/\/arantv.az\/wp-content\/uploads\/2019\/09\/xestexana_0256.jpg",640,480,false],"1536x1536":["https:\/\/arantv.az\/wp-content\/uploads\/2019\/09\/xestexana_0256.jpg",800,600,false],"2048x2048":["https:\/\/arantv.az\/wp-content\/uploads\/2019\/09\/xestexana_0256.jpg",800,600,false],"post-thumbnail":["https:\/\/arantv.az\/wp-content\/uploads\/2019\/09\/xestexana_0256-240x172.jpg",240,172,true],"advps-thumb-one":["https:\/\/arantv.az\/wp-content\/uploads\/2019\/09\/xestexana_0256.jpg",800,600,false]},"rttpg_author":{"display_name":"V\u00fcsal Rafiqo\u011flu","author_link":"https:\/\/arantv.az\/?author=2"},"rttpg_comment":0,"rttpg_category":"<a href=\"https:\/\/arantv.az\/?cat=1\" rel=\"category\">C\u0259miyy\u0259t<\/a>","rttpg_excerpt":"\u00d6t\u0259n ay Az\u0259rbaycan-Erm\u0259nistan d\u00f6vl\u0259t s\u0259rh\u0259dinin Nax\u00e7\u0131van Muxtar Respublikas\u0131 istiqam\u0259tind\u0259 at\u0259\u015fk\u0259sin pozulmas\u0131 n\u0259tic\u0259sind\u0259 g\u00fcll\u0259 yaras\u0131 alan 2000-ci il t\u0259v\u0259ll\u00fcdl\u00fc \u0259sg\u0259r Babayev H\u0259s\u0259n Adil o\u011flunun m\u00fcalic\u0259si davam edir. ARANTV.AZ\u00a0 x\u0259b\u0259r verir ki, bu bar\u0259d\u0259\u00a0Trend-\u0259 Babayev Adilin \u00f6z\u00fc m\u0259lumat verib. Onun s\u00f6zl\u0259rin\u0259 g\u00f6r\u0259, a\u011f\u0131r \u0259m\u0259liyyat olunmas\u0131na baxmayaraq, h\u0259r \u015fey u\u011furlu ke\u00e7ib v\u0259 m\u00fcalic\u0259si u\u011furla davam etdirilir: &#8220;\u015e\u00fck\u00fcrl\u0259r olsun&hellip;","_links":{"self":[{"href":"https:\/\/arantv.az\/index.php?rest_route=\/wp\/v2\/posts\/76957"}],"collection":[{"href":"https:\/\/arantv.az\/index.php?rest_route=\/wp\/v2\/posts"}],"about":[{"href":"https:\/\/arantv.az\/index.php?rest_route=\/wp\/v2\/types\/post"}],"author":[{"embeddable":true,"href":"https:\/\/arantv.az\/index.php?rest_route=\/wp\/v2\/users\/2"}],"replies":[{"embeddable":true,"href":"https:\/\/arantv.az\/index.php?rest_route=%2Fwp%2Fv2%2Fcomments&post=76957"}],"version-history":[{"count":0,"href":"https:\/\/arantv.az\/index.php?rest_route=\/wp\/v2\/posts\/76957\/revisions"}],"wp:featuredmedia":[{"embeddable":true,"href":"https:\/\/arantv.az\/index.php?rest_route=\/wp\/v2\/media\/76958"}],"wp:attachment":[{"href":"https:\/\/arantv.az\/index.php?rest_route=%2Fwp%2Fv2%2Fmedia&parent=76957"}],"wp:term":[{"taxonomy":"category","embeddable":true,"href":"https:\/\/arantv.az\/index.php?rest_route=%2Fwp%2Fv2%2Fcategories&post=76957"},{"taxonomy":"post_tag","embeddable":true,"href":"https:\/\/arantv.az\/index.php?rest_route=%2Fwp%2Fv2%2Ftags&post=76957"}],"curies":[{"name":"wp","href":"https:\/\/api.w.org\/{rel}","templated":true}]}}