{"id":769864,"date":"2024-11-19T18:03:32","date_gmt":"2024-11-19T14:03:32","guid":{"rendered":"https:\/\/arantv.az\/?p=769864"},"modified":"2024-11-19T18:03:32","modified_gmt":"2024-11-19T14:03:32","slug":"yeni-zelandiya-sakit-okean-regionu-olk%c9%99l%c9%99ri-ucun-maliyy%c9%99l%c9%99sdirm%c9%99ni-artirir","status":"publish","type":"post","link":"https:\/\/arantv.az\/?p=769864","title":{"rendered":"Yeni Zelandiya Sakit okean regionu \u00f6lk\u0259l\u0259ri \u00fc\u00e7\u00fcn maliyy\u0259l\u0259\u015fdirm\u0259ni art\u0131r\u0131r"},"content":{"rendered":"<div class=\"text-content\" data-id=\"\" data-url=\"\">\n<p>Yeni Zelandiya iqlim d\u0259yi\u015fikliyi il\u0259 m\u00fcbariz\u0259nin vacibliyini vur\u011fulay\u0131b v\u0259 inki\u015faf etm\u0259kd\u0259 olan \u00f6lk\u0259l\u0259r\u0259 d\u0259st\u0259yi davam etdirm\u0259k niyy\u0259tind\u0259 oldu\u011funu b\u0259yan edib.<\/p>\n<p>Bunu Yeni Zelandiyan\u0131n iqlim d\u0259yi\u015fikliyi naziri Simon Vatts COP29 \u00e7\u0259r\u00e7iv\u0259sind\u0259 ke\u00e7iril\u0259n y\u00fcks\u0259k s\u0259viyy\u0259li iclasda bildirib.<\/p>\n<p>O, beyn\u0259lxalq \u0259m\u0259kda\u015fl\u0131\u011f\u0131n v\u0259 inki\u015faf etm\u0259kd\u0259 olan ki\u00e7ik ada d\u00f6vl\u0259tl\u0259rinin d\u0259st\u0259kl\u0259nm\u0259sinin vacibliyini qeyd edib. &#8220;Biz qlobal iqlim maliyy\u0259l\u0259\u015fdirm\u0259sinin bu \u00f6lk\u0259l\u0259r\u0259 effektiv \u015f\u0259kild\u0259 y\u00f6n\u0259ldil\u0259c\u0259yin\u0259 z\u0259man\u0259t verm\u0259liyik&#8221;, &#8211; nazir \u0259lav\u0259 edib.<\/p>\n<p>X\u00fcsusil\u0259 Yeni Zelandiya Pacific Resilience Facility-y\u0259 20 milyon dollar, Qlobal \u0130tki v\u0259 Z\u0259r\u0259r Fonduna 10 milyon dollar t\u00f6hf\u0259 ver\u0259c\u0259yini elan edib.\/Report.az\/<\/p>\n<\/div>\n<div><\/div>\n<div><\/div>\n<div class=\"inner-social-box\">\n<div class=\"subs-in-social subs-whatsapp\"><\/div>\n<\/div>\n","protected":false},"excerpt":{"rendered":"<p>Yeni Zelandiya iqlim d\u0259yi\u015fikliyi il\u0259 m\u00fcbariz\u0259nin vacibliyini vur\u011fulay\u0131b v\u0259 inki\u015faf etm\u0259kd\u0259 olan \u00f6lk\u0259l\u0259r\u0259 d\u0259st\u0259yi davam etdirm\u0259k niyy\u0259tind\u0259 oldu\u011funu b\u0259yan edib. Bunu Yeni Zelandiyan\u0131n iqlim d\u0259yi\u015fikliyi naziri Simon Vatts COP29 \u00e7\u0259r\u00e7iv\u0259sind\u0259 ke\u00e7iril\u0259n y\u00fcks\u0259k s\u0259viyy\u0259li iclasda bildirib. O, beyn\u0259lxalq \u0259m\u0259kda\u015fl\u0131\u011f\u0131n v\u0259 inki\u015faf etm\u0259kd\u0259 olan ki\u00e7ik ada d\u00f6vl\u0259tl\u0259rinin d\u0259st\u0259kl\u0259nm\u0259sinin vacibliyini qeyd edib. &#8220;Biz qlobal iqlim maliyy\u0259l\u0259\u015fdirm\u0259sinin bu \u00f6lk\u0259l\u0259r\u0259 effektiv \u015f\u0259kild\u0259 y\u00f6n\u0259ldil\u0259c\u0259yin\u0259 z\u0259man\u0259t verm\u0259liyik&#8221;, &#8211; nazir \u0259lav\u0259 edib. X\u00fcsusil\u0259 Yeni Zelandiya Pacific Resilience Facility-y\u0259 20 milyon dollar, Qlobal \u0130tki v\u0259 Z\u0259r\u0259r Fonduna 10 milyon dollar t\u00f6hf\u0259 ver\u0259c\u0259yini elan edib.\/Report.az\/<\/p>\n","protected":false},"author":2,"featured_media":769865,"comment_status":"closed","ping_status":"closed","sticky":false,"template":"","format":"standard","meta":{"om_disable_all_campaigns":false,"_monsterinsights_skip_tracking":false,"_monsterinsights_sitenote_active":false,"_monsterinsights_sitenote_note":"","_monsterinsights_sitenote_category":0},"categories":[7],"tags":[],"aioseo_notices":[],"gutentor_comment":0,"rttpg_featured_image_url":{"full":["https:\/\/arantv.az\/wp-content\/uploads\/2024\/11\/495e72df45dcbc13b975c8852b6a255a.jpg",850,500,false],"landscape":["https:\/\/arantv.az\/wp-content\/uploads\/2024\/11\/495e72df45dcbc13b975c8852b6a255a.jpg",850,500,false],"portraits":["https:\/\/arantv.az\/wp-content\/uploads\/2024\/11\/495e72df45dcbc13b975c8852b6a255a.jpg",850,500,false],"thumbnail":["https:\/\/arantv.az\/wp-content\/uploads\/2024\/11\/495e72df45dcbc13b975c8852b6a255a-500x280.jpg",500,280,true],"medium":["https:\/\/arantv.az\/wp-content\/uploads\/2024\/11\/495e72df45dcbc13b975c8852b6a255a-621x365.jpg",621,365,true],"large":["https:\/\/arantv.az\/wp-content\/uploads\/2024\/11\/495e72df45dcbc13b975c8852b6a255a-840x494.jpg",640,376,true],"1536x1536":["https:\/\/arantv.az\/wp-content\/uploads\/2024\/11\/495e72df45dcbc13b975c8852b6a255a.jpg",850,500,false],"2048x2048":["https:\/\/arantv.az\/wp-content\/uploads\/2024\/11\/495e72df45dcbc13b975c8852b6a255a.jpg",850,500,false],"post-thumbnail":["https:\/\/arantv.az\/wp-content\/uploads\/2024\/11\/495e72df45dcbc13b975c8852b6a255a-240x172.jpg",240,172,true],"advps-thumb-one":["https:\/\/arantv.az\/wp-content\/uploads\/2024\/11\/495e72df45dcbc13b975c8852b6a255a.jpg",850,500,false]},"rttpg_author":{"display_name":"V\u00fcsal Rafiqo\u011flu","author_link":"https:\/\/arantv.az\/?author=2"},"rttpg_comment":0,"rttpg_category":"<a href=\"https:\/\/arantv.az\/?cat=7\" rel=\"category\">D\u00fcnya<\/a>","rttpg_excerpt":"Yeni Zelandiya iqlim d\u0259yi\u015fikliyi il\u0259 m\u00fcbariz\u0259nin vacibliyini vur\u011fulay\u0131b v\u0259 inki\u015faf etm\u0259kd\u0259 olan \u00f6lk\u0259l\u0259r\u0259 d\u0259st\u0259yi davam etdirm\u0259k niyy\u0259tind\u0259 oldu\u011funu b\u0259yan edib. Bunu Yeni Zelandiyan\u0131n iqlim d\u0259yi\u015fikliyi naziri Simon Vatts COP29 \u00e7\u0259r\u00e7iv\u0259sind\u0259 ke\u00e7iril\u0259n y\u00fcks\u0259k s\u0259viyy\u0259li iclasda bildirib. O, beyn\u0259lxalq \u0259m\u0259kda\u015fl\u0131\u011f\u0131n v\u0259 inki\u015faf etm\u0259kd\u0259 olan ki\u00e7ik ada d\u00f6vl\u0259tl\u0259rinin d\u0259st\u0259kl\u0259nm\u0259sinin vacibliyini qeyd edib. &#8220;Biz qlobal iqlim maliyy\u0259l\u0259\u015fdirm\u0259sinin bu \u00f6lk\u0259l\u0259r\u0259&hellip;","_links":{"self":[{"href":"https:\/\/arantv.az\/index.php?rest_route=\/wp\/v2\/posts\/769864"}],"collection":[{"href":"https:\/\/arantv.az\/index.php?rest_route=\/wp\/v2\/posts"}],"about":[{"href":"https:\/\/arantv.az\/index.php?rest_route=\/wp\/v2\/types\/post"}],"author":[{"embeddable":true,"href":"https:\/\/arantv.az\/index.php?rest_route=\/wp\/v2\/users\/2"}],"replies":[{"embeddable":true,"href":"https:\/\/arantv.az\/index.php?rest_route=%2Fwp%2Fv2%2Fcomments&post=769864"}],"version-history":[{"count":1,"href":"https:\/\/arantv.az\/index.php?rest_route=\/wp\/v2\/posts\/769864\/revisions"}],"predecessor-version":[{"id":769866,"href":"https:\/\/arantv.az\/index.php?rest_route=\/wp\/v2\/posts\/769864\/revisions\/769866"}],"wp:featuredmedia":[{"embeddable":true,"href":"https:\/\/arantv.az\/index.php?rest_route=\/wp\/v2\/media\/769865"}],"wp:attachment":[{"href":"https:\/\/arantv.az\/index.php?rest_route=%2Fwp%2Fv2%2Fmedia&parent=769864"}],"wp:term":[{"taxonomy":"category","embeddable":true,"href":"https:\/\/arantv.az\/index.php?rest_route=%2Fwp%2Fv2%2Fcategories&post=769864"},{"taxonomy":"post_tag","embeddable":true,"href":"https:\/\/arantv.az\/index.php?rest_route=%2Fwp%2Fv2%2Ftags&post=769864"}],"curies":[{"name":"wp","href":"https:\/\/api.w.org\/{rel}","templated":true}]}}