{"id":77005,"date":"2019-09-05T14:42:33","date_gmt":"2019-09-05T11:42:33","guid":{"rendered":"http:\/\/arantv.az\/?p=77005"},"modified":"2019-09-05T14:42:33","modified_gmt":"2019-09-05T11:42:33","slug":"bakida-s%c9%99rxos-kisid%c9%99n-arvadina-qarsi-d%c9%99hs%c9%99tli-%c9%99m%c9%99l-t%c9%99f%c9%99rruat","status":"publish","type":"post","link":"https:\/\/arantv.az\/?p=77005","title":{"rendered":"Bak\u0131da s\u0259rxo\u015f ki\u015fid\u0259n arvad\u0131na qar\u015f\u0131 d\u0259h\u015f\u0259tli \u0259m\u0259l \u2013 T\u0259f\u0259rr\u00fcat"},"content":{"rendered":"<p>Bak\u0131da arvad\u0131n\u0131 x\u00fcsusi amans\u0131zl\u0131qla q\u0259tl\u0259 yetirm\u0259kd\u0259 t\u0259qsirli bilin\u0259n 1966-c\u0131 il t\u0259v\u0259ll\u00fcdl\u00fc Famil \u018fhm\u0259dovun m\u0259hk\u0259m\u0259si ba\u015fa \u00e7at\u0131b.<\/p>\n<p><b>ARANTV.AZ\u00a0\u00a0<\/b>teleqraf.com-a istinad\u0259n x\u0259b\u0259r verir ki, \u0130smay\u0131ll\u0131 rayonunun Basqal k\u0259ndind\u0259 qeydiyyatda olan Famil \u018fhm\u0259dov paytaxtda i\u015fl\u0259yib, N\u0259simi rayonunda kiray\u0259 ya\u015fay\u0131b.<\/p>\n<div id=\"AdviadNativeVideo0\" class=\"AdviadNativeVideo\"><\/div>\n<p>F\u0259hl\u0259likl\u0259 m\u0259\u015f\u011ful olan Famil \u018fhm\u0259dovun arvad\u0131 \u00dclviyy\u0259 \u018fhm\u0259dova il\u0259 m\u00fcbahis\u0259l\u0259ri kiray\u0259 m\u0259nzild\u0259 yaran\u0131b. \u018fr spirtli i\u00e7ki q\u0259bul etdikd\u0259n sonra s\u0259rxo\u015f v\u0259ziyy\u0259t\u0259 d\u00fc\u015fd\u00fcy\u00fc \u00fc\u00e7\u00fcn arvad\u0131 ona irad bildirib.<\/p>\n<p>M\u00fcbahis\u0259 zaman\u0131 Famil \u018fhm\u0259dov arvad\u0131n\u0131 \u00f6ld\u00fcrm\u0259k q\u0259rar\u0131na g\u0259lib. Bu niyy\u0259tl\u0259 \u00dclviyy\u0259 \u018fhm\u0259dovan\u0131 \u0259vv\u0259lc\u0259 d\u00f6y\u0259r\u0259k ona x\u0259sar\u0259t yetirib. Daha sonra m\u0259tb\u0259xd\u0259 stolun \u00fcst\u00fcnd\u0259n g\u00f6t\u00fcrd\u00fcy\u00fc b\u0131\u00e7aqla d\u0259hlizd\u0259 qad\u0131n\u0131n b\u0259d\u0259ninin m\u00fcxt\u0259lif nahiy\u0259l\u0259rin\u0259 z\u0259rb\u0259l\u0259r vurub.<\/p>\n<p>\u00dclviyy\u0259 \u018fhm\u0259dova b\u0131\u00e7aq z\u0259rb\u0259l\u0259rind\u0259n yay\u0131nmaq m\u0259qs\u0259di il\u0259 m\u0259nzilin qonaq ota\u011f\u0131na qa\u00e7\u0131b. Buna baxmayaraq o, \u00dclviyy\u0259ni m\u0259nzild\u0259 t\u0259qib edib v\u0259 qonaq ota\u011f\u0131nda ona yenid\u0259n z\u0259rb\u0259l\u0259r vurub.<\/p>\n<p>\u00dclviyy\u0259 \u018fhm\u0259dova ald\u0131\u011f\u0131 z\u0259rb\u0259l\u0259rd\u0259n hadis\u0259 yerind\u0259 \u00f6l\u00fcb. H\u00fcquq-m\u00fchafiz\u0259 orqanlar\u0131 \u0259m\u0259kda\u015flar\u0131n\u0131n ke\u00e7irdiyi \u0259m\u0259liyyat n\u0259tic\u0259sind\u0259 Famil \u018fhm\u0259dov h\u0259bs edilib.<\/p>\n<p>\u0130stintaq orqan\u0131 t\u0259r\u0259find\u0259n Famil \u018fhm\u0259dovun bar\u0259sind\u0259 Cinay\u0259t M\u0259c\u0259ll\u0259sinin 120.2.4-c\u00fc (x\u00fcsusi amans\u0131zl\u0131qla v\u0259 ya \u00fcmumi t\u0259hl\u00fck\u0259li \u00fcsulla adam \u00f6ld\u00fcrm\u0259) madd\u0259si il\u0259 ittiham elan edilib.<\/p>\n<p>Bak\u0131 A\u011f\u0131r Cinay\u0259tl\u0259r M\u0259hk\u0259m\u0259sinin h\u00f6km\u00fc il\u0259 Famil \u018fhm\u0259dov 17 il azadl\u0131qdan m\u0259hrum edilib.<\/p>\n<p>H\u00f6kmd\u0259n naraz\u0131 qalan Famil \u018fhm\u0259dov apelyasiya \u015fikay\u0259ti verib. O, \u0259m\u0259lini Cinay\u0259t M\u0259c\u0259ll\u0259sinin 120.1-ci (q\u0259sd\u0259n adam \u00f6ld\u00fcrm\u0259) madd\u0259sin\u0259 t\u00f6vsif edilm\u0259sini, c\u0259zas\u0131n\u0131n y\u00fcng\u00fcll\u0259\u015fdirilm\u0259sini xahi\u015f edib.<\/p>\n<p>Bundan ba\u015fqa, \u00dclviyy\u0259 \u018fhm\u0259dovan\u0131n h\u00fcquqi varisl\u0259ri d\u0259 h\u00f6kmd\u0259n naraz\u0131 qal\u0131b. Onlar Famil \u018fhm\u0259dovun c\u0259zas\u0131n\u0131n 20 il\u0259 q\u0259d\u0259r art\u0131r\u0131lmas\u0131 t\u0259l\u0259bi il\u0259 apelyasiya \u015fikay\u0259ti veribl\u0259r.<\/p>\n<p>H\u0259r iki t\u0259r\u0259fin \u015fikay\u0259ti ara\u015fd\u0131r\u0131lmas\u0131 \u00fc\u00e7\u00fcn Bak\u0131 Apelyasiya M\u0259hk\u0259m\u0259sin\u0259 g\u00f6nd\u0259rilib. \u015eikay\u0259t hakim Q\u0259dim Babayevin s\u0259drlik etdiyi kollegiyada ara\u015fd\u0131r\u0131l\u0131b.<\/p>\n<p>Apelyasiya \u015fikay\u0259tinin d\u0259lill\u0259rini ara\u015fd\u0131ran hakim hey\u0259ti sonda q\u0259rar elan edib. Q\u0259rara g\u00f6r\u0259, t\u0259qsirl\u0259ndiril\u0259n \u015f\u0259xsin bar\u0259sind\u0259 olan madd\u0259nin d\u0259yi\u015fdirilm\u0259si bar\u0259d\u0259 verdiyi \u015fikay\u0259t t\u0259min olunmay\u0131b.<\/p>\n<p>Amma hakim hey\u0259ti birinci instansiya m\u0259hk\u0259m\u0259sinin c\u0259za il\u0259 ba\u011fl\u0131 hiss\u0259sind\u0259 d\u0259yi\u015fiklik edib. Famil \u018fhm\u0259dovun bar\u0259sind\u0259 olan 17 il m\u00fcdd\u0259tin\u0259 azadl\u0131qdan m\u0259hrum etm\u0259 c\u0259zas\u0131 15 il\u0259 q\u0259d\u0259r endirilib.<\/p>\n<p>M\u0259hk\u0259m\u0259 z\u0259r\u0259r\u00e7\u0259kmi\u015f t\u0259r\u0259fin verdiyi \u015fikay\u0259ti d\u0259 t\u0259min etm\u0259yib.<\/p>\n<p>Bu q\u0259rardan naraz\u0131 qalan Famil \u018fhm\u0259dov kasasiya \u015fikay\u0259ti verib. Onun \u015fikay\u0259tin\u0259 Ali M\u0259hk\u0259m\u0259d\u0259 hakim \u0130mran Hac\u0131qay\u0131bovun s\u0259drliyi il\u0259 bax\u0131l\u0131b.<\/p>\n<p>M\u0259hk\u0259m\u0259 ara\u015fd\u0131rmas\u0131 zaman\u0131 m\u0259hkum c\u0259za \u00e7\u0259kdiyi m\u00fc\u0259ssis\u0259d\u0259n hakim\u0259 m\u0259ktub \u00fcnvanlay\u0131b. O, kasasiya \u015fikay\u0259tind\u0259n imtina etdiyini, bu s\u0259b\u0259bd\u0259n \u015fikay\u0259tin\u0259 bax\u0131lmamas\u0131n\u0131 ist\u0259yib.<\/p>\n<p>Hakim onun ist\u0259yini n\u0259z\u0259r\u0259 alaraq kasasiya \u015fikay\u0259tin\u0259 bax\u0131\u015fdan \u00e7\u0131xar\u0131b v\u0259 geri qaytar\u0131lmas\u0131 bar\u0259d\u0259 q\u0259rar q\u0259bul edib.<\/p>\n","protected":false},"excerpt":{"rendered":"<p>Bak\u0131da arvad\u0131n\u0131 x\u00fcsusi amans\u0131zl\u0131qla q\u0259tl\u0259 yetirm\u0259kd\u0259 t\u0259qsirli bilin\u0259n 1966-c\u0131 il t\u0259v\u0259ll\u00fcdl\u00fc Famil \u018fhm\u0259dovun m\u0259hk\u0259m\u0259si ba\u015fa \u00e7at\u0131b. ARANTV.AZ\u00a0\u00a0teleqraf.com-a istinad\u0259n x\u0259b\u0259r verir ki, \u0130smay\u0131ll\u0131 rayonunun Basqal k\u0259ndind\u0259 qeydiyyatda olan Famil \u018fhm\u0259dov paytaxtda i\u015fl\u0259yib, N\u0259simi rayonunda kiray\u0259 ya\u015fay\u0131b. F\u0259hl\u0259likl\u0259 m\u0259\u015f\u011ful olan Famil \u018fhm\u0259dovun arvad\u0131 \u00dclviyy\u0259 \u018fhm\u0259dova il\u0259 m\u00fcbahis\u0259l\u0259ri kiray\u0259 m\u0259nzild\u0259 yaran\u0131b. \u018fr spirtli i\u00e7ki q\u0259bul etdikd\u0259n sonra s\u0259rxo\u015f v\u0259ziyy\u0259t\u0259 d\u00fc\u015fd\u00fcy\u00fc \u00fc\u00e7\u00fcn arvad\u0131 ona irad bildirib. M\u00fcbahis\u0259 zaman\u0131 Famil \u018fhm\u0259dov arvad\u0131n\u0131 \u00f6ld\u00fcrm\u0259k q\u0259rar\u0131na g\u0259lib. Bu niyy\u0259tl\u0259 \u00dclviyy\u0259 \u018fhm\u0259dovan\u0131 \u0259vv\u0259lc\u0259 d\u00f6y\u0259r\u0259k ona x\u0259sar\u0259t yetirib. Daha sonra m\u0259tb\u0259xd\u0259 stolun \u00fcst\u00fcnd\u0259n g\u00f6t\u00fcrd\u00fcy\u00fc b\u0131\u00e7aqla d\u0259hlizd\u0259 qad\u0131n\u0131n b\u0259d\u0259ninin m\u00fcxt\u0259lif&hellip;<\/p>\n","protected":false},"author":2,"featured_media":77006,"comment_status":"closed","ping_status":"closed","sticky":false,"template":"","format":"standard","meta":{"om_disable_all_campaigns":false,"_monsterinsights_skip_tracking":false,"_monsterinsights_sitenote_active":false,"_monsterinsights_sitenote_note":"","_monsterinsights_sitenote_category":0},"categories":[3],"tags":[],"aioseo_notices":[],"gutentor_comment":0,"rttpg_featured_image_url":{"full":["https:\/\/arantv.az\/wp-content\/uploads\/2019\/09\/1567678164santaj-qetl-zorlama.jpg",549,332,false],"landscape":["https:\/\/arantv.az\/wp-content\/uploads\/2019\/09\/1567678164santaj-qetl-zorlama.jpg",549,332,false],"portraits":["https:\/\/arantv.az\/wp-content\/uploads\/2019\/09\/1567678164santaj-qetl-zorlama.jpg",549,332,false],"thumbnail":["https:\/\/arantv.az\/wp-content\/uploads\/2019\/09\/1567678164santaj-qetl-zorlama-150x150.jpg",150,150,true],"medium":["https:\/\/arantv.az\/wp-content\/uploads\/2019\/09\/1567678164santaj-qetl-zorlama-300x181.jpg",300,181,true],"large":["https:\/\/arantv.az\/wp-content\/uploads\/2019\/09\/1567678164santaj-qetl-zorlama.jpg",549,332,false],"1536x1536":["https:\/\/arantv.az\/wp-content\/uploads\/2019\/09\/1567678164santaj-qetl-zorlama.jpg",549,332,false],"2048x2048":["https:\/\/arantv.az\/wp-content\/uploads\/2019\/09\/1567678164santaj-qetl-zorlama.jpg",549,332,false],"post-thumbnail":["https:\/\/arantv.az\/wp-content\/uploads\/2019\/09\/1567678164santaj-qetl-zorlama-240x172.jpg",240,172,true],"advps-thumb-one":["https:\/\/arantv.az\/wp-content\/uploads\/2019\/09\/1567678164santaj-qetl-zorlama.jpg",549,332,false]},"rttpg_author":{"display_name":"V\u00fcsal Rafiqo\u011flu","author_link":"https:\/\/arantv.az\/?author=2"},"rttpg_comment":0,"rttpg_category":"<a href=\"https:\/\/arantv.az\/?cat=3\" rel=\"category\">Kriminal<\/a>","rttpg_excerpt":"Bak\u0131da arvad\u0131n\u0131 x\u00fcsusi amans\u0131zl\u0131qla q\u0259tl\u0259 yetirm\u0259kd\u0259 t\u0259qsirli bilin\u0259n 1966-c\u0131 il t\u0259v\u0259ll\u00fcdl\u00fc Famil \u018fhm\u0259dovun m\u0259hk\u0259m\u0259si ba\u015fa \u00e7at\u0131b. ARANTV.AZ\u00a0\u00a0teleqraf.com-a istinad\u0259n x\u0259b\u0259r verir ki, \u0130smay\u0131ll\u0131 rayonunun Basqal k\u0259ndind\u0259 qeydiyyatda olan Famil \u018fhm\u0259dov paytaxtda i\u015fl\u0259yib, N\u0259simi rayonunda kiray\u0259 ya\u015fay\u0131b. F\u0259hl\u0259likl\u0259 m\u0259\u015f\u011ful olan Famil \u018fhm\u0259dovun arvad\u0131 \u00dclviyy\u0259 \u018fhm\u0259dova il\u0259 m\u00fcbahis\u0259l\u0259ri kiray\u0259 m\u0259nzild\u0259 yaran\u0131b. \u018fr spirtli i\u00e7ki q\u0259bul etdikd\u0259n sonra s\u0259rxo\u015f&hellip;","_links":{"self":[{"href":"https:\/\/arantv.az\/index.php?rest_route=\/wp\/v2\/posts\/77005"}],"collection":[{"href":"https:\/\/arantv.az\/index.php?rest_route=\/wp\/v2\/posts"}],"about":[{"href":"https:\/\/arantv.az\/index.php?rest_route=\/wp\/v2\/types\/post"}],"author":[{"embeddable":true,"href":"https:\/\/arantv.az\/index.php?rest_route=\/wp\/v2\/users\/2"}],"replies":[{"embeddable":true,"href":"https:\/\/arantv.az\/index.php?rest_route=%2Fwp%2Fv2%2Fcomments&post=77005"}],"version-history":[{"count":0,"href":"https:\/\/arantv.az\/index.php?rest_route=\/wp\/v2\/posts\/77005\/revisions"}],"wp:featuredmedia":[{"embeddable":true,"href":"https:\/\/arantv.az\/index.php?rest_route=\/wp\/v2\/media\/77006"}],"wp:attachment":[{"href":"https:\/\/arantv.az\/index.php?rest_route=%2Fwp%2Fv2%2Fmedia&parent=77005"}],"wp:term":[{"taxonomy":"category","embeddable":true,"href":"https:\/\/arantv.az\/index.php?rest_route=%2Fwp%2Fv2%2Fcategories&post=77005"},{"taxonomy":"post_tag","embeddable":true,"href":"https:\/\/arantv.az\/index.php?rest_route=%2Fwp%2Fv2%2Ftags&post=77005"}],"curies":[{"name":"wp","href":"https:\/\/api.w.org\/{rel}","templated":true}]}}