{"id":77008,"date":"2019-09-05T14:43:36","date_gmt":"2019-09-05T11:43:36","guid":{"rendered":"http:\/\/arantv.az\/?p=77008"},"modified":"2019-09-05T14:43:36","modified_gmt":"2019-09-05T11:43:36","slug":"dord-usaq-anasi-mes%c9%99d%c9%99-sevgilisi-il%c9%99-birlikd%c9%99-oldu-%c9%99ri-is%c9%99-sok-video","status":"publish","type":"post","link":"https:\/\/arantv.az\/?p=77008","title":{"rendered":"D\u00f6rd u\u015faq anas\u0131 me\u015f\u0259d\u0259 sevgilisi il\u0259 birlikd\u0259 oldu&#8230;\u018fri is\u0259: \u015eok &#8211; V\u0130DEO"},"content":{"rendered":"<p>Birlikd\u0259 bir q\u0259d\u0259r g\u0259zdikd\u0259n sonra me\u015f\u0259d\u0259 intim \u0259laq\u0259d\u0259 olduq<\/p>\n<p>T\u00fcrkiy\u0259d\u0259 15 g\u00fcnd\u00fcr itkin d\u00fc\u015f\u0259n Fadime Altunda\u015f haqq\u0131nda \u015fok iddialar s\u0259sl\u0259ndirilib.<\/p>\n<div id=\"AdviadNativeVideo0\" class=\"AdviadNativeVideo\"><\/div>\n<p><b>ARANTV.AZ\u00a0<\/b>\u00a0aznews.az-a istinad\u0259n x\u0259b\u0259r verir ki, T\u00fcrkiy\u0259nin ATV telekanal\u0131nda yay\u0131mlanan &#8220;M\u00fcge Anl\u0131 il\u0259 tatl\u0131-sert&#8221; verili\u015fin\u0259 m\u00fcraci\u0259t ed\u0259n q\u0131z anas\u0131n\u0131n axtar\u0131\u015f\u0131na \u00e7\u0131x\u0131b.<\/p>\n<p>D\u00f6rd u\u015faq anas\u0131 olan Fadime Altunda\u015fdan x\u0259b\u0259r ala bilm\u0259y\u0259n u\u015faqlar\u0131 verili\u015f\u0259 m\u00fcraci\u0259t edibl\u0259r. Efir\u0259 z\u0259ng ed\u0259n Mehmet adl\u0131 ki\u015fi Fadime haqq\u0131nda h\u0259r k\u0259si \u015foka salan etiraflar edib:<\/p>\n<p>&#8220;Biz Fadime il\u0259 5 ildir g\u00f6r\u00fc\u015f\u00fcr\u00fck. Bunu onun \u0259ri v\u0259 u\u015faqlar\u0131 da bilirdi. \u0130tkin d\u00fc\u015fm\u0259zd\u0259n \u0259vv\u0259l s\u0259h\u0259r erk\u0259n saatlarda m\u0259n\u0259 z\u0259ng etdi v\u0259 g\u00f6r\u00fc\u015fm\u0259k ist\u0259diyini s\u00f6yl\u0259di. Birlikd\u0259 bir q\u0259d\u0259r g\u0259zdikd\u0259n sonra me\u015f\u0259d\u0259 intim \u0259laq\u0259d\u0259 olduq. Ondan sonra g\u0259tirib evl\u0259rinin yan\u0131nda ma\u015f\u0131ndan d\u00fc\u015f\u00fcrd\u00fcm. Bir daha Fadimeden xeber tuta bilm\u0259dik&#8221;.<\/p>\n<p>Mehmet b\u0259yin dedikl\u0259rini Fadimenin b\u00f6y\u00fck q\u0131z\u0131 da t\u0259sdiql\u0259yib. O, anas\u0131n\u0131n Mehmet adl\u0131 ki\u015fi il\u0259 g\u00f6r\u00fc\u015fd\u00fcy\u00fcnd\u0259n x\u0259b\u0259rdar oldu\u011funu qeyd edib.<\/p>\n<div class=\"embed-responsive embed-responsive-16by9\"><iframe loading=\"lazy\" id=\"nmqembedid\" class=\"embed-responsive-item\" title=\"video player\" src=\"https:\/\/izle.az\/embed\/S8m1rTDPNq1MNwMA\" width=\"600\" height=\"340\" frameborder=\"0\" scrolling=\"no\" allowfullscreen=\"allowfullscreen\" data-mce-fragment=\"1\"><\/iframe><\/div>\n<div class=\"datespan clearfix\"><\/div>\n","protected":false},"excerpt":{"rendered":"<p>Birlikd\u0259 bir q\u0259d\u0259r g\u0259zdikd\u0259n sonra me\u015f\u0259d\u0259 intim \u0259laq\u0259d\u0259 olduq T\u00fcrkiy\u0259d\u0259 15 g\u00fcnd\u00fcr itkin d\u00fc\u015f\u0259n Fadime Altunda\u015f haqq\u0131nda \u015fok iddialar s\u0259sl\u0259ndirilib. ARANTV.AZ\u00a0\u00a0aznews.az-a istinad\u0259n x\u0259b\u0259r verir ki, T\u00fcrkiy\u0259nin ATV telekanal\u0131nda yay\u0131mlanan &#8220;M\u00fcge Anl\u0131 il\u0259 tatl\u0131-sert&#8221; verili\u015fin\u0259 m\u00fcraci\u0259t ed\u0259n q\u0131z anas\u0131n\u0131n axtar\u0131\u015f\u0131na \u00e7\u0131x\u0131b. D\u00f6rd u\u015faq anas\u0131 olan Fadime Altunda\u015fdan x\u0259b\u0259r ala bilm\u0259y\u0259n u\u015faqlar\u0131 verili\u015f\u0259 m\u00fcraci\u0259t edibl\u0259r. Efir\u0259 z\u0259ng ed\u0259n Mehmet adl\u0131 ki\u015fi Fadime haqq\u0131nda h\u0259r k\u0259si \u015foka salan etiraflar edib: &#8220;Biz Fadime il\u0259 5 ildir g\u00f6r\u00fc\u015f\u00fcr\u00fck. Bunu onun \u0259ri v\u0259 u\u015faqlar\u0131 da bilirdi. \u0130tkin d\u00fc\u015fm\u0259zd\u0259n \u0259vv\u0259l s\u0259h\u0259r erk\u0259n saatlarda m\u0259n\u0259 z\u0259ng etdi v\u0259&hellip;<\/p>\n","protected":false},"author":2,"featured_media":77009,"comment_status":"closed","ping_status":"closed","sticky":false,"template":"","format":"standard","meta":{"om_disable_all_campaigns":false,"_monsterinsights_skip_tracking":false,"_monsterinsights_sitenote_active":false,"_monsterinsights_sitenote_note":"","_monsterinsights_sitenote_category":0},"categories":[7],"tags":[],"aioseo_notices":[],"gutentor_comment":0,"rttpg_featured_image_url":{"full":["https:\/\/arantv.az\/wp-content\/uploads\/2019\/09\/564932-ormanda-fuhus-yapan-kadina-sucustu-55a5009d9b15a.jpg",550,423,false],"landscape":["https:\/\/arantv.az\/wp-content\/uploads\/2019\/09\/564932-ormanda-fuhus-yapan-kadina-sucustu-55a5009d9b15a.jpg",550,423,false],"portraits":["https:\/\/arantv.az\/wp-content\/uploads\/2019\/09\/564932-ormanda-fuhus-yapan-kadina-sucustu-55a5009d9b15a.jpg",550,423,false],"thumbnail":["https:\/\/arantv.az\/wp-content\/uploads\/2019\/09\/564932-ormanda-fuhus-yapan-kadina-sucustu-55a5009d9b15a-150x150.jpg",150,150,true],"medium":["https:\/\/arantv.az\/wp-content\/uploads\/2019\/09\/564932-ormanda-fuhus-yapan-kadina-sucustu-55a5009d9b15a-300x231.jpg",300,231,true],"large":["https:\/\/arantv.az\/wp-content\/uploads\/2019\/09\/564932-ormanda-fuhus-yapan-kadina-sucustu-55a5009d9b15a.jpg",550,423,false],"1536x1536":["https:\/\/arantv.az\/wp-content\/uploads\/2019\/09\/564932-ormanda-fuhus-yapan-kadina-sucustu-55a5009d9b15a.jpg",550,423,false],"2048x2048":["https:\/\/arantv.az\/wp-content\/uploads\/2019\/09\/564932-ormanda-fuhus-yapan-kadina-sucustu-55a5009d9b15a.jpg",550,423,false],"post-thumbnail":["https:\/\/arantv.az\/wp-content\/uploads\/2019\/09\/564932-ormanda-fuhus-yapan-kadina-sucustu-55a5009d9b15a-240x172.jpg",240,172,true],"advps-thumb-one":["https:\/\/arantv.az\/wp-content\/uploads\/2019\/09\/564932-ormanda-fuhus-yapan-kadina-sucustu-55a5009d9b15a.jpg",550,423,false]},"rttpg_author":{"display_name":"V\u00fcsal Rafiqo\u011flu","author_link":"https:\/\/arantv.az\/?author=2"},"rttpg_comment":0,"rttpg_category":"<a href=\"https:\/\/arantv.az\/?cat=7\" rel=\"category\">D\u00fcnya<\/a>","rttpg_excerpt":"Birlikd\u0259 bir q\u0259d\u0259r g\u0259zdikd\u0259n sonra me\u015f\u0259d\u0259 intim \u0259laq\u0259d\u0259 olduq T\u00fcrkiy\u0259d\u0259 15 g\u00fcnd\u00fcr itkin d\u00fc\u015f\u0259n Fadime Altunda\u015f haqq\u0131nda \u015fok iddialar s\u0259sl\u0259ndirilib. ARANTV.AZ\u00a0\u00a0aznews.az-a istinad\u0259n x\u0259b\u0259r verir ki, T\u00fcrkiy\u0259nin ATV telekanal\u0131nda yay\u0131mlanan &#8220;M\u00fcge Anl\u0131 il\u0259 tatl\u0131-sert&#8221; verili\u015fin\u0259 m\u00fcraci\u0259t ed\u0259n q\u0131z anas\u0131n\u0131n axtar\u0131\u015f\u0131na \u00e7\u0131x\u0131b. D\u00f6rd u\u015faq anas\u0131 olan Fadime Altunda\u015fdan x\u0259b\u0259r ala bilm\u0259y\u0259n u\u015faqlar\u0131 verili\u015f\u0259 m\u00fcraci\u0259t edibl\u0259r. Efir\u0259 z\u0259ng&hellip;","_links":{"self":[{"href":"https:\/\/arantv.az\/index.php?rest_route=\/wp\/v2\/posts\/77008"}],"collection":[{"href":"https:\/\/arantv.az\/index.php?rest_route=\/wp\/v2\/posts"}],"about":[{"href":"https:\/\/arantv.az\/index.php?rest_route=\/wp\/v2\/types\/post"}],"author":[{"embeddable":true,"href":"https:\/\/arantv.az\/index.php?rest_route=\/wp\/v2\/users\/2"}],"replies":[{"embeddable":true,"href":"https:\/\/arantv.az\/index.php?rest_route=%2Fwp%2Fv2%2Fcomments&post=77008"}],"version-history":[{"count":0,"href":"https:\/\/arantv.az\/index.php?rest_route=\/wp\/v2\/posts\/77008\/revisions"}],"wp:featuredmedia":[{"embeddable":true,"href":"https:\/\/arantv.az\/index.php?rest_route=\/wp\/v2\/media\/77009"}],"wp:attachment":[{"href":"https:\/\/arantv.az\/index.php?rest_route=%2Fwp%2Fv2%2Fmedia&parent=77008"}],"wp:term":[{"taxonomy":"category","embeddable":true,"href":"https:\/\/arantv.az\/index.php?rest_route=%2Fwp%2Fv2%2Fcategories&post=77008"},{"taxonomy":"post_tag","embeddable":true,"href":"https:\/\/arantv.az\/index.php?rest_route=%2Fwp%2Fv2%2Ftags&post=77008"}],"curies":[{"name":"wp","href":"https:\/\/api.w.org\/{rel}","templated":true}]}}