{"id":770125,"date":"2024-11-20T22:13:59","date_gmt":"2024-11-20T18:13:59","guid":{"rendered":"https:\/\/arantv.az\/?p=770125"},"modified":"2024-11-20T22:13:59","modified_gmt":"2024-11-20T18:13:59","slug":"qirgizistanda-cop29-a-h%c9%99sr-edilmis-konfrans-kecirilib-fotolar","status":"publish","type":"post","link":"https:\/\/arantv.az\/?p=770125","title":{"rendered":"Q\u0131r\u011f\u0131z\u0131standa COP29-a h\u0259sr edilmi\u015f konfrans ke\u00e7irilib \u2013 Fotolar"},"content":{"rendered":"<div class=\"text-content\" data-id=\"\" data-url=\"\">\n<p>Q\u0131r\u011f\u0131z\u0131stan\u0131n paytaxt\u0131 Bi\u015fkek \u015f\u0259h\u0259rind\u0259 \u201d \u0130slahat\u00e7\u0131 G\u0259ncl\u0259r\u201d \u0130ctimai Birliyi v\u0259 bu \u00f6lk\u0259nin G\u0259ncl\u0259r Parlamentinin birg\u0259 t\u0259\u015fkilat\u00e7\u0131l\u0131\u011f\u0131 il\u0259 Az\u0259rbaycanda ke\u00e7iril\u0259n COP29 konfrans\u0131na h\u0259sr edilmi\u015f \u201cQ\u0131r\u011f\u0131z\u0131stan v\u0259 Az\u0259rbaycan: g\u0259ncl\u0259r siyas\u0259ti sah\u0259sind\u0259 iqlim d\u0259yi\u015fikliyi il\u0259 m\u00fcbariz\u0259d\u0259 birg\u0259 s\u0259yl\u0259r\u201d m\u00f6vzusunda konfrans ke\u00e7irilib. Konfransda Az\u0259rbaycan v\u0259 Q\u0131r\u011f\u0131z\u0131stan\u0131 t\u0259msil ed\u0259n g\u0259ncl\u0259r, media r\u0259hb\u0259rl\u0259ri, deputatlar v\u0259 diplomatlar i\u015ftirak edib. Konfransda Az\u0259rbaycan-Q\u0131r\u011f\u0131z\u0131stan \u0259laq\u0259l\u0259rinin inki\u015faf\u0131nda g\u0259ncl\u0259rin v\u0259 g\u0259ncl\u0259r t\u0259\u015fkilatlar\u0131n\u0131n rolu m\u00fczakir\u0259 olunub. Eyni zamanda, g\u0259ncl\u0259rin iqlim d\u0259yi\u015fiklikl\u0259rin\u0259 qar\u015f\u0131 m\u00fcbariz\u0259d\u0259ki f\u0259aliyy\u0259ti \u0259sas m\u00fczakir\u0259 m\u00f6vzusu olub.<\/p>\n<p>Toplant\u0131n\u0131n a\u00e7\u0131l\u0131\u015f m\u0259rasimind\u0259 \u00e7\u0131x\u0131\u015f ed\u0259n Q\u0131r\u011f\u0131z\u0131stan parlamentinin Az\u0259rbaycanla i\u015f \u00fczr\u0259 \u0130\u015f\u00e7i Qrupunun r\u0259hb\u0259ri deputat Deputat Saidbek Zulpiyev, Q\u0131r\u011f\u0131z\u0131stan parlamentinin deputat\u0131 Eldar S\u00fcleymanov, Az\u0259rbaycan\u0131n bu \u00f6lk\u0259d\u0259ki s\u0259firliyinin m\u00fc\u015faviri Z\u00fclf\u00fcqar Tanarverdi eyni zamanda, \u201c\u0130slahat\u00e7\u0131 \u0130ctimai\u201d Birliyinin s\u0259dri F\u0259rid \u015eahbazl\u0131 Az\u0259rbaycan-Q\u0131r\u011f\u0131z\u0131stan \u0259laq\u0259l\u0259rind\u0259n geni\u015f b\u0259hs edibl\u0259r. \u00c7\u0131x\u0131\u015f ed\u0259n natiql\u0259r iki \u00f6lk\u0259 aras\u0131nda \u0259m\u0259kda\u015fl\u0131\u011f\u0131n b\u00fct\u00fcn istiqam\u0259tl\u0259r \u00fczr\u0259 s\u00fcr\u0259tl\u0259 inki\u015faf etdiyini qeyd edibl\u0259r. Konfransda bildirilib ki, Az\u0259rbaycan\u0131n COP29 kimi b\u00f6y\u00fck beyn\u0259lxalq t\u0259dbir\u0259 ev sahibliyi etm\u0259si onun beyn\u0259lxalq m\u00fcnasib\u0259tl\u0259r sistemind\u0259ki m\u00fch\u00fcm rolundan x\u0259b\u0259r verir. Qeyd olunub ki, Az\u0259rbaycanda ke\u00e7iril\u0259n COP29 konfrans\u0131nda iqlim d\u0259yi\u015fikliyin\u0259 qar\u015f\u0131 m\u00fcbariz\u0259d\u0259 d\u00fcnya birliyinin birg\u0259 s\u0259yl\u0259rinin art\u0131r\u0131lmas\u0131 eyni zamanda, maliyy\u0259 probleml\u0259rinin h\u0259lli m\u0259s\u0259l\u0259si x\u00fcsusi diqq\u0259t m\u0259rk\u0259zind\u0259 saxlan\u0131l\u0131b. \u00c7\u0131x\u0131\u015f ed\u0259nl\u0259r bildiribl\u0259r ki, iqlim d\u0259yi\u015fikliyi v\u0259 ekoloji probleml\u0259r\u0259 qar\u015f\u0131 m\u00fcbariz\u0259d\u0259 d\u00f6vl\u0259tl\u0259rl\u0259 yana\u015f\u0131, ayr\u0131-ayr\u0131 g\u0259ncl\u0259r d\u0259 aktiv rol almal\u0131d\u0131rlar.<\/p>\n<p>\u00c7\u0131x\u0131\u015f ed\u0259n Q\u0131r\u011f\u0131z\u0131stan G\u0259ncl\u0259r Parlamentinin s\u0259dri Asel Amanova Az\u0259rbaycan M\u0259tbuat \u015euras\u0131n\u0131n \u0130dar\u0259 hey\u0259tinin \u00fczv\u00fc Hac\u0131b\u0259y Heyd\u0259rli, Azx\u0259b\u0259r Media Qrupunun ba\u015f direktoru \u018ffs\u0259l\u0259ddin A\u011falarov, eyni zamanda h\u0259r iki \u00f6lk\u0259ni t\u0259msil ed\u0259n m\u00fcxt\u0259lif g\u0259ncl\u0259r t\u0259\u015fkilatlar\u0131n\u0131n r\u0259hb\u0259rl\u0259ri iki \u00f6lk\u0259 aras\u0131nda g\u0259ncl\u0259r siyas\u0259ti sah\u0259sind\u0259 d\u0259 \u0259m\u0259kda\u015fl\u0131\u011f\u0131n b\u00f6y\u00fck potensial\u0131 oldu\u011funu bildiribl\u0259r. Qeyd olunub ki, Az\u0259rbaycanda ke\u00e7iril\u0259n COP29 konfrans\u0131nda d\u00fcnyan\u0131 t\u0259hdid ed\u0259n ekoloji probleml\u0259r\u0259 qar\u015f\u0131 beyn\u0259lxalq ictimaiyy\u0259tin g\u0259l\u0259c\u0259k f\u0259aliyy\u0259t plan\u0131 ortaya qoyulub.<\/p>\n<p>Qeyd ed\u0259k ki, konfrans h\u0259r iki \u00f6lk\u0259d\u0259n olan g\u0259nc ekspertl\u0259rin m\u00fczakir\u0259l\u0259ri il\u0259 davam edib. T\u0259dbirin ba\u015f tutmas\u0131na QHT-l\u0259r\u0259 D\u00f6vl\u0259t D\u0259st\u0259yi Agentliyi d\u0259st\u0259k verib.<\/p>\n<p>&nbsp;<\/p>\n<p>&nbsp;<\/p>\n<p>&nbsp;<\/p>\n<p>&nbsp;<\/p>\n<p>&nbsp;<\/p>\n<\/div>\n<div>\n<div class=\"form-group\"><img class=\"img-responsive\" src=\"https:\/\/cdn.musavat.com\/news\/images\/To%C4%9Frul%20%C4%B0smay%C4%B1l\/%D0%9D%D0%BE%D0%B2%D0%B0%D1%8F%D0%9F%D0%B0%D0%BF%D0%BA%D0%B0\/NewFolder%201\/editor_0fdf97c05be61720f6481bb4592fdb89_qhlzswceg9okav65iyxr-221x300.jpg\" \/><\/div>\n<div class=\"form-group\"><img class=\"img-responsive\" src=\"https:\/\/cdn.musavat.com\/news\/images\/To%C4%9Frul%20%C4%B0smay%C4%B1l\/%D0%9D%D0%BE%D0%B2%D0%B0%D1%8F%D0%9F%D0%B0%D0%BF%D0%BA%D0%B0\/NewFolder%201\/editor_3e64fe69d2d609b2daabd2aacb0028eb_7sqjpvbawt8z3lc6rg20-300x200.jpg\" \/><\/div>\n<div class=\"form-group\"><img class=\"img-responsive\" src=\"https:\/\/cdn.musavat.com\/news\/images\/To%C4%9Frul%20%C4%B0smay%C4%B1l\/%D0%9D%D0%BE%D0%B2%D0%B0%D1%8F%D0%9F%D0%B0%D0%BF%D0%BA%D0%B0\/NewFolder%201\/editor_4bfaadd264e39e2eae7a37a2f46faa95_z0hx47s9lufi8kbmoyqv-300x200.jpg\" \/><\/div>\n<div class=\"form-group\"><img class=\"img-responsive\" src=\"https:\/\/cdn.musavat.com\/news\/images\/To%C4%9Frul%20%C4%B0smay%C4%B1l\/%D0%9D%D0%BE%D0%B2%D0%B0%D1%8F%D0%9F%D0%B0%D0%BF%D0%BA%D0%B0\/NewFolder%201\/editor_6aa9833bf4b2ac0614f8b6feeeb76e73_m9krhxn4zgosv2u6li8b-300x200.jpg\" \/><\/div>\n<div class=\"form-group\"><img class=\"img-responsive\" src=\"https:\/\/cdn.musavat.com\/news\/images\/To%C4%9Frul%20%C4%B0smay%C4%B1l\/%D0%9D%D0%BE%D0%B2%D0%B0%D1%8F%D0%9F%D0%B0%D0%BF%D0%BA%D0%B0\/NewFolder%201\/editor_6feefe69c2bc95d5ee295afde2964d4f_o5nz864yku0jh3fbtqig-300x200.jpg\" \/><\/div>\n<div class=\"form-group\"><img class=\"img-responsive\" src=\"https:\/\/cdn.musavat.com\/news\/images\/To%C4%9Frul%20%C4%B0smay%C4%B1l\/%D0%9D%D0%BE%D0%B2%D0%B0%D1%8F%D0%9F%D0%B0%D0%BF%D0%BA%D0%B0\/NewFolder%201\/editor_8c12f66e4390df16a5b7c64ef95d6551_7pw2qnhjicmtzgbak6ve-300x200.jpg\" \/><\/div>\n<div class=\"form-group\"><img class=\"img-responsive\" src=\"https:\/\/cdn.musavat.com\/news\/images\/To%C4%9Frul%20%C4%B0smay%C4%B1l\/%D0%9D%D0%BE%D0%B2%D0%B0%D1%8F%D0%9F%D0%B0%D0%BF%D0%BA%D0%B0\/NewFolder%201\/editor_88d372b76bc84fede1025cf3c93933c3_3f4vmwj7e20u89ntibpa-300x200.jpg\" \/><\/div>\n<div class=\"form-group\"><img class=\"img-responsive\" src=\"https:\/\/cdn.musavat.com\/news\/images\/To%C4%9Frul%20%C4%B0smay%C4%B1l\/%D0%9D%D0%BE%D0%B2%D0%B0%D1%8F%D0%9F%D0%B0%D0%BF%D0%BA%D0%B0\/NewFolder%201\/editor_303dbbcb52090d353cfc7215bd542953_26pbzacq01uymiv4nghx-256x300.jpg\" \/><\/div>\n<div class=\"form-group\"><img class=\"img-responsive\" src=\"https:\/\/cdn.musavat.com\/news\/images\/To%C4%9Frul%20%C4%B0smay%C4%B1l\/%D0%9D%D0%BE%D0%B2%D0%B0%D1%8F%D0%9F%D0%B0%D0%BF%D0%BA%D0%B0\/NewFolder%201\/editor_6494a1f6560e55692d1989373.jpg\" \/><\/div>\n<div class=\"form-group\"><img class=\"img-responsive\" src=\"https:\/\/cdn.musavat.com\/news\/images\/To%C4%9Frul%20%C4%B0smay%C4%B1l\/%D0%9D%D0%BE%D0%B2%D0%B0%D1%8F%D0%9F%D0%B0%D0%BF%D0%BA%D0%B0\/NewFolder%201\/editor_199984abb4a81f15d73b34d2ada865ea_tlnpmguz07h6c32j4a8r-300x200.jpg\" \/><\/div>\n<div class=\"form-group\"><img class=\"img-responsive\" src=\"https:\/\/cdn.musavat.com\/news\/images\/To%C4%9Frul%20%C4%B0smay%C4%B1l\/%D0%9D%D0%BE%D0%B2%D0%B0%D1%8F%D0%9F%D0%B0%D0%BF%D0%BA%D0%B0\/NewFolder%201\/editor_414357dc668f6ea3b49e28afac81ba05_w7v08c1mo5ijfnea3s2q-300x200.jpg\" \/><\/div>\n<div class=\"form-group\"><img class=\"img-responsive\" src=\"https:\/\/cdn.musavat.com\/news\/images\/To%C4%9Frul%20%C4%B0smay%C4%B1l\/%D0%9D%D0%BE%D0%B2%D0%B0%D1%8F%D0%9F%D0%B0%D0%BF%D0%BA%D0%B0\/NewFolder%201\/editor_a5ec08e5c2ed9147ee88e6ce56ecbdc0_o8139ztj40wyar2xcpef-300x200.jpg\" \/><\/div>\n<div class=\"form-group\"><img class=\"img-responsive\" src=\"https:\/\/cdn.musavat.com\/news\/images\/To%C4%9Frul%20%C4%B0smay%C4%B1l\/%D0%9D%D0%BE%D0%B2%D0%B0%D1%8F%D0%9F%D0%B0%D0%BF%D0%BA%D0%B0\/NewFolder%201\/editor_b8097dd72c25ff4cfc9b05e27360c5d4_3l2zhjnfr897at6cq4xm-300x200.jpg\" \/><\/div>\n<div class=\"form-group\"><img class=\"img-responsive\" src=\"https:\/\/cdn.musavat.com\/news\/images\/To%C4%9Frul%20%C4%B0smay%C4%B1l\/%D0%9D%D0%BE%D0%B2%D0%B0%D1%8F%D0%9F%D0%B0%D0%BF%D0%BA%D0%B0\/NewFolder%201\/editor_bd4febc0702550166433caea8cc4769a_olrq7h5atxki3s294mcb-300x200.jpg\" \/><\/div>\n<div class=\"form-group\"><img class=\"img-responsive\" src=\"https:\/\/cdn.musavat.com\/news\/images\/To%C4%9Frul%20%C4%B0smay%C4%B1l\/%D0%9D%D0%BE%D0%B2%D0%B0%D1%8F%D0%9F%D0%B0%D0%BF%D0%BA%D0%B0\/NewFolder%201\/editor_d98130601ead45f355508dae6b8eafc6_y8b607himokqcrjtpsz1-300x200.jpg\" \/><\/div>\n<div class=\"form-group\"><img class=\"img-responsive\" src=\"https:\/\/cdn.musavat.com\/news\/images\/To%C4%9Frul%20%C4%B0smay%C4%B1l\/%D0%9D%D0%BE%D0%B2%D0%B0%D1%8F%D0%9F%D0%B0%D0%BF%D0%BA%D0%B0\/NewFolder%201\/editor_e42bb6b7b1f69b677282dcdb94982dbe_ck6aqj0zupb79e4rfos3-300x200.jpg\" \/><\/div>\n<\/div>\n<div><\/div>\n<div class=\"inner-social-box\">\n<div class=\"subs-in-social subs-whatsapp\"><\/div>\n<\/div>\n","protected":false},"excerpt":{"rendered":"<p>Q\u0131r\u011f\u0131z\u0131stan\u0131n paytaxt\u0131 Bi\u015fkek \u015f\u0259h\u0259rind\u0259 \u201d \u0130slahat\u00e7\u0131 G\u0259ncl\u0259r\u201d \u0130ctimai Birliyi v\u0259 bu \u00f6lk\u0259nin G\u0259ncl\u0259r Parlamentinin birg\u0259 t\u0259\u015fkilat\u00e7\u0131l\u0131\u011f\u0131 il\u0259 Az\u0259rbaycanda ke\u00e7iril\u0259n COP29 konfrans\u0131na h\u0259sr edilmi\u015f \u201cQ\u0131r\u011f\u0131z\u0131stan v\u0259 Az\u0259rbaycan: g\u0259ncl\u0259r siyas\u0259ti sah\u0259sind\u0259 iqlim d\u0259yi\u015fikliyi il\u0259 m\u00fcbariz\u0259d\u0259 birg\u0259 s\u0259yl\u0259r\u201d m\u00f6vzusunda konfrans ke\u00e7irilib. Konfransda Az\u0259rbaycan v\u0259 Q\u0131r\u011f\u0131z\u0131stan\u0131 t\u0259msil ed\u0259n g\u0259ncl\u0259r, media r\u0259hb\u0259rl\u0259ri, deputatlar v\u0259 diplomatlar i\u015ftirak edib. Konfransda Az\u0259rbaycan-Q\u0131r\u011f\u0131z\u0131stan \u0259laq\u0259l\u0259rinin inki\u015faf\u0131nda g\u0259ncl\u0259rin v\u0259 g\u0259ncl\u0259r t\u0259\u015fkilatlar\u0131n\u0131n rolu m\u00fczakir\u0259 olunub. Eyni zamanda, g\u0259ncl\u0259rin iqlim d\u0259yi\u015fiklikl\u0259rin\u0259 qar\u015f\u0131 m\u00fcbariz\u0259d\u0259ki f\u0259aliyy\u0259ti \u0259sas m\u00fczakir\u0259 m\u00f6vzusu olub. Toplant\u0131n\u0131n a\u00e7\u0131l\u0131\u015f m\u0259rasimind\u0259 \u00e7\u0131x\u0131\u015f ed\u0259n Q\u0131r\u011f\u0131z\u0131stan parlamentinin Az\u0259rbaycanla i\u015f \u00fczr\u0259 \u0130\u015f\u00e7i Qrupunun r\u0259hb\u0259ri deputat Deputat&hellip;<\/p>\n","protected":false},"author":2,"featured_media":770126,"comment_status":"closed","ping_status":"closed","sticky":false,"template":"","format":"standard","meta":{"om_disable_all_campaigns":false,"_monsterinsights_skip_tracking":false,"_monsterinsights_sitenote_active":false,"_monsterinsights_sitenote_note":"","_monsterinsights_sitenote_category":0},"categories":[1],"tags":[],"aioseo_notices":[],"gutentor_comment":0,"rttpg_featured_image_url":{"full":["https:\/\/arantv.az\/wp-content\/uploads\/2024\/11\/5d7954b1a02f41e2264af615b7bd3cb7.jpg",768,403,false],"landscape":["https:\/\/arantv.az\/wp-content\/uploads\/2024\/11\/5d7954b1a02f41e2264af615b7bd3cb7.jpg",768,403,false],"portraits":["https:\/\/arantv.az\/wp-content\/uploads\/2024\/11\/5d7954b1a02f41e2264af615b7bd3cb7.jpg",768,403,false],"thumbnail":["https:\/\/arantv.az\/wp-content\/uploads\/2024\/11\/5d7954b1a02f41e2264af615b7bd3cb7-500x280.jpg",500,280,true],"medium":["https:\/\/arantv.az\/wp-content\/uploads\/2024\/11\/5d7954b1a02f41e2264af615b7bd3cb7-660x346.jpg",660,346,true],"large":["https:\/\/arantv.az\/wp-content\/uploads\/2024\/11\/5d7954b1a02f41e2264af615b7bd3cb7.jpg",640,336,false],"1536x1536":["https:\/\/arantv.az\/wp-content\/uploads\/2024\/11\/5d7954b1a02f41e2264af615b7bd3cb7.jpg",768,403,false],"2048x2048":["https:\/\/arantv.az\/wp-content\/uploads\/2024\/11\/5d7954b1a02f41e2264af615b7bd3cb7.jpg",768,403,false],"post-thumbnail":["https:\/\/arantv.az\/wp-content\/uploads\/2024\/11\/5d7954b1a02f41e2264af615b7bd3cb7-240x172.jpg",240,172,true],"advps-thumb-one":["https:\/\/arantv.az\/wp-content\/uploads\/2024\/11\/5d7954b1a02f41e2264af615b7bd3cb7.jpg",768,403,false]},"rttpg_author":{"display_name":"V\u00fcsal Rafiqo\u011flu","author_link":"https:\/\/arantv.az\/?author=2"},"rttpg_comment":0,"rttpg_category":"<a href=\"https:\/\/arantv.az\/?cat=1\" rel=\"category\">C\u0259miyy\u0259t<\/a>","rttpg_excerpt":"Q\u0131r\u011f\u0131z\u0131stan\u0131n paytaxt\u0131 Bi\u015fkek \u015f\u0259h\u0259rind\u0259 \u201d \u0130slahat\u00e7\u0131 G\u0259ncl\u0259r\u201d \u0130ctimai Birliyi v\u0259 bu \u00f6lk\u0259nin G\u0259ncl\u0259r Parlamentinin birg\u0259 t\u0259\u015fkilat\u00e7\u0131l\u0131\u011f\u0131 il\u0259 Az\u0259rbaycanda ke\u00e7iril\u0259n COP29 konfrans\u0131na h\u0259sr edilmi\u015f \u201cQ\u0131r\u011f\u0131z\u0131stan v\u0259 Az\u0259rbaycan: g\u0259ncl\u0259r siyas\u0259ti sah\u0259sind\u0259 iqlim d\u0259yi\u015fikliyi il\u0259 m\u00fcbariz\u0259d\u0259 birg\u0259 s\u0259yl\u0259r\u201d m\u00f6vzusunda konfrans ke\u00e7irilib. Konfransda Az\u0259rbaycan v\u0259 Q\u0131r\u011f\u0131z\u0131stan\u0131 t\u0259msil ed\u0259n g\u0259ncl\u0259r, media r\u0259hb\u0259rl\u0259ri, deputatlar v\u0259 diplomatlar i\u015ftirak edib. Konfransda Az\u0259rbaycan-Q\u0131r\u011f\u0131z\u0131stan \u0259laq\u0259l\u0259rinin&hellip;","_links":{"self":[{"href":"https:\/\/arantv.az\/index.php?rest_route=\/wp\/v2\/posts\/770125"}],"collection":[{"href":"https:\/\/arantv.az\/index.php?rest_route=\/wp\/v2\/posts"}],"about":[{"href":"https:\/\/arantv.az\/index.php?rest_route=\/wp\/v2\/types\/post"}],"author":[{"embeddable":true,"href":"https:\/\/arantv.az\/index.php?rest_route=\/wp\/v2\/users\/2"}],"replies":[{"embeddable":true,"href":"https:\/\/arantv.az\/index.php?rest_route=%2Fwp%2Fv2%2Fcomments&post=770125"}],"version-history":[{"count":2,"href":"https:\/\/arantv.az\/index.php?rest_route=\/wp\/v2\/posts\/770125\/revisions"}],"predecessor-version":[{"id":770128,"href":"https:\/\/arantv.az\/index.php?rest_route=\/wp\/v2\/posts\/770125\/revisions\/770128"}],"wp:featuredmedia":[{"embeddable":true,"href":"https:\/\/arantv.az\/index.php?rest_route=\/wp\/v2\/media\/770126"}],"wp:attachment":[{"href":"https:\/\/arantv.az\/index.php?rest_route=%2Fwp%2Fv2%2Fmedia&parent=770125"}],"wp:term":[{"taxonomy":"category","embeddable":true,"href":"https:\/\/arantv.az\/index.php?rest_route=%2Fwp%2Fv2%2Fcategories&post=770125"},{"taxonomy":"post_tag","embeddable":true,"href":"https:\/\/arantv.az\/index.php?rest_route=%2Fwp%2Fv2%2Ftags&post=770125"}],"curies":[{"name":"wp","href":"https:\/\/api.w.org\/{rel}","templated":true}]}}