{"id":770135,"date":"2024-11-20T22:16:50","date_gmt":"2024-11-20T18:16:50","guid":{"rendered":"https:\/\/arantv.az\/?p=770135"},"modified":"2024-11-20T22:16:50","modified_gmt":"2024-11-20T18:16:50","slug":"sahin-quliyev-v%c9%99zif%c9%99sind%c9%99n-azad-edildi-yeni-t%c9%99yinat","status":"publish","type":"post","link":"https:\/\/arantv.az\/?p=770135","title":{"rendered":"\u015eahin Quliyev v\u0259zif\u0259sind\u0259n azad edildi &#8211; YEN\u0130 T\u018fY\u0130NAT"},"content":{"rendered":"<p><strong>Milli M\u0259clisin Aparat\u0131nda n\u00f6vb\u0259ti kadr d\u0259yi\u015fikliyi edilib.<\/strong><\/p>\n<p>Modern.az-\u0131n \u0259ld\u0259 etdiyi m\u0259lumata g\u00f6r\u0259, Milli M\u0259clis Aparat\u0131n\u0131n D\u00f6vl\u0259t qullu\u011fu v\u0259 kadr m\u0259s\u0259l\u0259l\u0259ri \u015f\u00f6b\u0259sinin m\u00fcdir m\u00fcavini \u015eahin Quliyev v\u0259zif\u0259sind\u0259n azad edilib.<\/p>\n<p>O bu v\u0259zif\u0259y\u0259 2022-ci ild\u0259 t\u0259yin edilmi\u015fdi. \u015eahin Quliyev uzun ill\u0259r Milli M\u0259clis Aparat\u0131nda f\u0259aliyy\u0259t g\u00f6st\u0259rib. \u0130xtisasca h\u00fcquq\u015f\u00fcnas olan d\u00f6vl\u0259t qulluq\u00e7usu Prezident<strong>\u00a0\u0130lham \u018fliyevin<\/strong>\u00a0s\u0259r\u0259ncam\u0131 il\u0259 &#8220;D\u00f6vl\u0259t qullu\u011funda f\u0259rql\u0259nm\u0259y\u0259 g\u00f6r\u0259&#8221; medal\u0131 il\u0259 t\u0259ltif edilib.<\/p>\n<p>M\u0259lumata g\u00f6r\u0259, onun v\u0259zif\u0259sin\u0259 Nadir Sultanov g\u0259tirilib. O, 1974-c\u00fc ild\u0259 anadan olub. Beyn\u0259lxalq h\u00fcquq ixtisas\u0131na malik d\u00f6vl\u0259t qulluq\u00e7usu \u0259vv\u0259ll\u0259r \u0130qtisadi qanunvericilik \u015f\u00f6b\u0259sinin M\u00fclki h\u00fcquq qanunvericiliyi sektorunun m\u00fcdiri v\u0259zif\u0259sind\u0259 \u00e7al\u0131\u015f\u0131b.<\/p>\n<p><strong>Fotoda: solda \u015eahin Quliyev, sa\u011fda Nadir Sultanov.<\/strong><\/p>\n<p><strong><img src=\"https:\/\/images.oxu.az\/2024\/11\/20\/rN3IJ6H5pn5RMN16wZjrJxTXVjDTau2wwOEgvYg6:640.jpg\" \/><\/strong><\/p>\n","protected":false},"excerpt":{"rendered":"<p>Milli M\u0259clisin Aparat\u0131nda n\u00f6vb\u0259ti kadr d\u0259yi\u015fikliyi edilib. Modern.az-\u0131n \u0259ld\u0259 etdiyi m\u0259lumata g\u00f6r\u0259, Milli M\u0259clis Aparat\u0131n\u0131n D\u00f6vl\u0259t qullu\u011fu v\u0259 kadr m\u0259s\u0259l\u0259l\u0259ri \u015f\u00f6b\u0259sinin m\u00fcdir m\u00fcavini \u015eahin Quliyev v\u0259zif\u0259sind\u0259n azad edilib. O bu v\u0259zif\u0259y\u0259 2022-ci ild\u0259 t\u0259yin edilmi\u015fdi. \u015eahin Quliyev uzun ill\u0259r Milli M\u0259clis Aparat\u0131nda f\u0259aliyy\u0259t g\u00f6st\u0259rib. \u0130xtisasca h\u00fcquq\u015f\u00fcnas olan d\u00f6vl\u0259t qulluq\u00e7usu Prezident\u00a0\u0130lham \u018fliyevin\u00a0s\u0259r\u0259ncam\u0131 il\u0259 &#8220;D\u00f6vl\u0259t qullu\u011funda f\u0259rql\u0259nm\u0259y\u0259 g\u00f6r\u0259&#8221; medal\u0131 il\u0259 t\u0259ltif edilib. M\u0259lumata g\u00f6r\u0259, onun v\u0259zif\u0259sin\u0259 Nadir Sultanov g\u0259tirilib. O, 1974-c\u00fc ild\u0259 anadan olub. Beyn\u0259lxalq h\u00fcquq ixtisas\u0131na malik d\u00f6vl\u0259t qulluq\u00e7usu \u0259vv\u0259ll\u0259r \u0130qtisadi qanunvericilik \u015f\u00f6b\u0259sinin M\u00fclki h\u00fcquq qanunvericiliyi sektorunun m\u00fcdiri v\u0259zif\u0259sind\u0259 \u00e7al\u0131\u015f\u0131b. Fotoda:&hellip;<\/p>\n","protected":false},"author":2,"featured_media":770136,"comment_status":"closed","ping_status":"closed","sticky":false,"template":"","format":"standard","meta":{"om_disable_all_campaigns":false,"_monsterinsights_skip_tracking":false,"_monsterinsights_sitenote_active":false,"_monsterinsights_sitenote_note":"","_monsterinsights_sitenote_category":0},"categories":[1],"tags":[],"aioseo_notices":[],"gutentor_comment":0,"rttpg_featured_image_url":{"full":["https:\/\/arantv.az\/wp-content\/uploads\/2024\/11\/26e5778a32f584945428d1e77f692f00.jpg",750,422,false],"landscape":["https:\/\/arantv.az\/wp-content\/uploads\/2024\/11\/26e5778a32f584945428d1e77f692f00.jpg",750,422,false],"portraits":["https:\/\/arantv.az\/wp-content\/uploads\/2024\/11\/26e5778a32f584945428d1e77f692f00.jpg",750,422,false],"thumbnail":["https:\/\/arantv.az\/wp-content\/uploads\/2024\/11\/26e5778a32f584945428d1e77f692f00-500x280.jpg",500,280,true],"medium":["https:\/\/arantv.az\/wp-content\/uploads\/2024\/11\/26e5778a32f584945428d1e77f692f00-649x365.jpg",649,365,true],"large":["https:\/\/arantv.az\/wp-content\/uploads\/2024\/11\/26e5778a32f584945428d1e77f692f00.jpg",640,360,false],"1536x1536":["https:\/\/arantv.az\/wp-content\/uploads\/2024\/11\/26e5778a32f584945428d1e77f692f00.jpg",750,422,false],"2048x2048":["https:\/\/arantv.az\/wp-content\/uploads\/2024\/11\/26e5778a32f584945428d1e77f692f00.jpg",750,422,false],"post-thumbnail":["https:\/\/arantv.az\/wp-content\/uploads\/2024\/11\/26e5778a32f584945428d1e77f692f00-240x172.jpg",240,172,true],"advps-thumb-one":["https:\/\/arantv.az\/wp-content\/uploads\/2024\/11\/26e5778a32f584945428d1e77f692f00.jpg",750,422,false]},"rttpg_author":{"display_name":"V\u00fcsal Rafiqo\u011flu","author_link":"https:\/\/arantv.az\/?author=2"},"rttpg_comment":0,"rttpg_category":"<a href=\"https:\/\/arantv.az\/?cat=1\" rel=\"category\">C\u0259miyy\u0259t<\/a>","rttpg_excerpt":"Milli M\u0259clisin Aparat\u0131nda n\u00f6vb\u0259ti kadr d\u0259yi\u015fikliyi edilib. Modern.az-\u0131n \u0259ld\u0259 etdiyi m\u0259lumata g\u00f6r\u0259, Milli M\u0259clis Aparat\u0131n\u0131n D\u00f6vl\u0259t qullu\u011fu v\u0259 kadr m\u0259s\u0259l\u0259l\u0259ri \u015f\u00f6b\u0259sinin m\u00fcdir m\u00fcavini \u015eahin Quliyev v\u0259zif\u0259sind\u0259n azad edilib. O bu v\u0259zif\u0259y\u0259 2022-ci ild\u0259 t\u0259yin edilmi\u015fdi. \u015eahin Quliyev uzun ill\u0259r Milli M\u0259clis Aparat\u0131nda f\u0259aliyy\u0259t g\u00f6st\u0259rib. \u0130xtisasca h\u00fcquq\u015f\u00fcnas olan d\u00f6vl\u0259t qulluq\u00e7usu Prezident\u00a0\u0130lham \u018fliyevin\u00a0s\u0259r\u0259ncam\u0131 il\u0259 &#8220;D\u00f6vl\u0259t qullu\u011funda f\u0259rql\u0259nm\u0259y\u0259&hellip;","_links":{"self":[{"href":"https:\/\/arantv.az\/index.php?rest_route=\/wp\/v2\/posts\/770135"}],"collection":[{"href":"https:\/\/arantv.az\/index.php?rest_route=\/wp\/v2\/posts"}],"about":[{"href":"https:\/\/arantv.az\/index.php?rest_route=\/wp\/v2\/types\/post"}],"author":[{"embeddable":true,"href":"https:\/\/arantv.az\/index.php?rest_route=\/wp\/v2\/users\/2"}],"replies":[{"embeddable":true,"href":"https:\/\/arantv.az\/index.php?rest_route=%2Fwp%2Fv2%2Fcomments&post=770135"}],"version-history":[{"count":2,"href":"https:\/\/arantv.az\/index.php?rest_route=\/wp\/v2\/posts\/770135\/revisions"}],"predecessor-version":[{"id":770138,"href":"https:\/\/arantv.az\/index.php?rest_route=\/wp\/v2\/posts\/770135\/revisions\/770138"}],"wp:featuredmedia":[{"embeddable":true,"href":"https:\/\/arantv.az\/index.php?rest_route=\/wp\/v2\/media\/770136"}],"wp:attachment":[{"href":"https:\/\/arantv.az\/index.php?rest_route=%2Fwp%2Fv2%2Fmedia&parent=770135"}],"wp:term":[{"taxonomy":"category","embeddable":true,"href":"https:\/\/arantv.az\/index.php?rest_route=%2Fwp%2Fv2%2Fcategories&post=770135"},{"taxonomy":"post_tag","embeddable":true,"href":"https:\/\/arantv.az\/index.php?rest_route=%2Fwp%2Fv2%2Ftags&post=770135"}],"curies":[{"name":"wp","href":"https:\/\/api.w.org\/{rel}","templated":true}]}}