{"id":770143,"date":"2024-11-20T22:46:37","date_gmt":"2024-11-20T18:46:37","guid":{"rendered":"https:\/\/arantv.az\/?p=770143"},"modified":"2024-11-20T22:46:37","modified_gmt":"2024-11-20T18:46:37","slug":"leyla-v%c9%99-arzu-%c9%99liyevalar-cop29-da-t%c9%99qdim-edil%c9%99n-inkluziv-s%c9%99rgi-il%c9%99-tanis-olublar","status":"publish","type":"post","link":"https:\/\/arantv.az\/?p=770143","title":{"rendered":"Leyla v\u0259 Arzu \u018fliyevalar COP29-da t\u0259qdim edil\u0259n inkl\u00fcziv s\u0259rgi il\u0259 tan\u0131\u015f olublar"},"content":{"rendered":"<p>Heyd\u0259r \u018fliyev Fondunun vitse-prezidenti Leyla \u018fliyeva v\u0259 Bak\u0131 Media M\u0259rk\u0259zinin r\u0259hb\u0259ri Arzu \u018fliyeva DOST \u0130nkl\u00fcziv \u0130nki\u015faf v\u0259 Yarad\u0131c\u0131l\u0131q M\u0259rk\u0259zi t\u0259r\u0259find\u0259n COP29-un Ya\u015f\u0131l Zonas\u0131ndak\u0131 \u201cArt Pavillion\u201dda t\u0259qdim edil\u0259n s\u0259rgi il\u0259 tan\u0131\u015f olublar.<\/p>\n<p><strong>ARANTV.AZ<\/strong>\u00a0 x\u0259b\u0259r verir ki, \u0259m\u0259k v\u0259 \u0259halinin sosial m\u00fcdafi\u0259si naziri Sahil Babayev M\u0259rk\u0259zd\u0259 sosial c\u0259h\u0259td\u0259n h\u0259ssas qruplar\u0131n yarad\u0131c\u0131 potensial\u0131n\u0131n inki\u015faf etdirilm\u0259si \u00fc\u00e7\u00fcn apar\u0131lan i\u015fl\u0259r bar\u0259d\u0259 m\u0259lumat verib.<\/p>\n<p>Bildirilib ki, s\u0259rgid\u0259 \u018fm\u0259k v\u0259 \u018fhalinin Sosial M\u00fcdafi\u0259si Nazirliyinin tabeliyind\u0259ki DOST \u0130nkl\u00fcziv \u0130nki\u015faf v\u0259 Yarad\u0131c\u0131l\u0131q M\u0259rk\u0259zi v\u0259 \u201cDOST Evi\u201d filial\u0131n\u0131n h\u0259ssas \u0259hali qruplar\u0131na aid benefisiarlar\u0131 v\u0259 t\u0259lim\u00e7il\u0259rinin 50-d\u0259n \u00e7ox \u0259l i\u015fi n\u00fcmayi\u015f etdirilir.<\/p>\n<p>\u018fl i\u015fl\u0259ri s\u0131ras\u0131nda ya\u015f\u0131l d\u00fcnyaya, \u0259traf m\u00fchitin m\u00fchafiz\u0259sinin, t\u0259bi\u0259ti qoruma\u011f\u0131n vacibliyin\u0259 h\u0259sr olunmu\u015f s\u0259n\u0259t n\u00fcmun\u0259l\u0259ri d\u0259 yer al\u0131b.<\/p>\n<p>Leyla \u018fliyeva v\u0259 Arzu \u018fliyeva M\u0259rk\u0259zin DOST \u0130nkl\u00fcziv \u0130nki\u015faf v\u0259 Yarad\u0131c\u0131l\u0131q M\u0259rk\u0259zinin \u0259lilliyi olan \u015f\u0259xsl\u0259rd\u0259n ibar\u0259t benefisiarlar\u0131n\u0131n ifas\u0131nda t\u0259qdim edil\u0259n konsert proqram\u0131n\u0131 da izl\u0259yibl\u0259r.<\/p>\n<p>M\u00fcsl\u00fcm M\u00fcsl\u00fcmzad\u0259, S\u0259bin\u0259 \u018fsg\u0259rova, Xaliq \u015e\u0259rifov, S\u0259m\u0259d Novruzov, Nurlan \u018fhm\u0259dov, F\u0259rid Abdullayev t\u0259r\u0259find\u0259n Az\u0259rbaycan v\u0259 xarici \u00f6lk\u0259 b\u0259st\u0259karlar\u0131n\u0131n \u0259s\u0259rl\u0259ri ifa olunub.<\/p>\n<p>T\u0259qdim edil\u0259n s\u0259rgi v\u0259 konsert proqram\u0131 b\u00f6y\u00fck maraqla qar\u015f\u0131lan\u0131b.<\/p>\n<p>Sonra Leyla \u018fliyeva v\u0259 Arzu \u018fliyeva DOST \u0130nkl\u00fcziv \u0130nki\u015faf v\u0259 Yarad\u0131c\u0131l\u0131q M\u0259rk\u0259zinin benefisiarlar\u0131 il\u0259 g\u00f6r\u00fc\u015f\u0259r\u0259k onlarla s\u00f6hb\u0259t edib, xatir\u0259 \u015f\u0259kill\u0259ri \u00e7\u0259kdiribl\u0259r.<\/p>\n","protected":false},"excerpt":{"rendered":"<p>Heyd\u0259r \u018fliyev Fondunun vitse-prezidenti Leyla \u018fliyeva v\u0259 Bak\u0131 Media M\u0259rk\u0259zinin r\u0259hb\u0259ri Arzu \u018fliyeva DOST \u0130nkl\u00fcziv \u0130nki\u015faf v\u0259 Yarad\u0131c\u0131l\u0131q M\u0259rk\u0259zi t\u0259r\u0259find\u0259n COP29-un Ya\u015f\u0131l Zonas\u0131ndak\u0131 \u201cArt Pavillion\u201dda t\u0259qdim edil\u0259n s\u0259rgi il\u0259 tan\u0131\u015f olublar. ARANTV.AZ\u00a0 x\u0259b\u0259r verir ki, \u0259m\u0259k v\u0259 \u0259halinin sosial m\u00fcdafi\u0259si naziri Sahil Babayev M\u0259rk\u0259zd\u0259 sosial c\u0259h\u0259td\u0259n h\u0259ssas qruplar\u0131n yarad\u0131c\u0131 potensial\u0131n\u0131n inki\u015faf etdirilm\u0259si \u00fc\u00e7\u00fcn apar\u0131lan i\u015fl\u0259r bar\u0259d\u0259 m\u0259lumat verib. Bildirilib ki, s\u0259rgid\u0259 \u018fm\u0259k v\u0259 \u018fhalinin Sosial M\u00fcdafi\u0259si Nazirliyinin tabeliyind\u0259ki DOST \u0130nkl\u00fcziv \u0130nki\u015faf v\u0259 Yarad\u0131c\u0131l\u0131q M\u0259rk\u0259zi v\u0259 \u201cDOST Evi\u201d filial\u0131n\u0131n h\u0259ssas \u0259hali qruplar\u0131na aid benefisiarlar\u0131 v\u0259 t\u0259lim\u00e7il\u0259rinin 50-d\u0259n \u00e7ox \u0259l i\u015fi n\u00fcmayi\u015f&hellip;<\/p>\n","protected":false},"author":2,"featured_media":770144,"comment_status":"closed","ping_status":"closed","sticky":false,"template":"","format":"standard","meta":{"om_disable_all_campaigns":false,"_monsterinsights_skip_tracking":false,"_monsterinsights_sitenote_active":false,"_monsterinsights_sitenote_note":"","_monsterinsights_sitenote_category":0},"categories":[19],"tags":[],"aioseo_notices":[],"gutentor_comment":0,"rttpg_featured_image_url":{"full":["https:\/\/arantv.az\/wp-content\/uploads\/2024\/11\/1732124133_e9568518-9ee2-35ee-bdce-d9d7f405de84_850.jpg",770,415,false],"landscape":["https:\/\/arantv.az\/wp-content\/uploads\/2024\/11\/1732124133_e9568518-9ee2-35ee-bdce-d9d7f405de84_850.jpg",770,415,false],"portraits":["https:\/\/arantv.az\/wp-content\/uploads\/2024\/11\/1732124133_e9568518-9ee2-35ee-bdce-d9d7f405de84_850.jpg",770,415,false],"thumbnail":["https:\/\/arantv.az\/wp-content\/uploads\/2024\/11\/1732124133_e9568518-9ee2-35ee-bdce-d9d7f405de84_850-500x280.jpg",500,280,true],"medium":["https:\/\/arantv.az\/wp-content\/uploads\/2024\/11\/1732124133_e9568518-9ee2-35ee-bdce-d9d7f405de84_850-660x356.jpg",660,356,true],"large":["https:\/\/arantv.az\/wp-content\/uploads\/2024\/11\/1732124133_e9568518-9ee2-35ee-bdce-d9d7f405de84_850.jpg",640,345,false],"1536x1536":["https:\/\/arantv.az\/wp-content\/uploads\/2024\/11\/1732124133_e9568518-9ee2-35ee-bdce-d9d7f405de84_850.jpg",770,415,false],"2048x2048":["https:\/\/arantv.az\/wp-content\/uploads\/2024\/11\/1732124133_e9568518-9ee2-35ee-bdce-d9d7f405de84_850.jpg",770,415,false],"post-thumbnail":["https:\/\/arantv.az\/wp-content\/uploads\/2024\/11\/1732124133_e9568518-9ee2-35ee-bdce-d9d7f405de84_850-240x172.jpg",240,172,true],"advps-thumb-one":["https:\/\/arantv.az\/wp-content\/uploads\/2024\/11\/1732124133_e9568518-9ee2-35ee-bdce-d9d7f405de84_850.jpg",770,415,false]},"rttpg_author":{"display_name":"V\u00fcsal Rafiqo\u011flu","author_link":"https:\/\/arantv.az\/?author=2"},"rttpg_comment":0,"rttpg_category":"<a href=\"https:\/\/arantv.az\/?cat=19\" rel=\"category\">G\u00fcnd\u0259m<\/a>","rttpg_excerpt":"Heyd\u0259r \u018fliyev Fondunun vitse-prezidenti Leyla \u018fliyeva v\u0259 Bak\u0131 Media M\u0259rk\u0259zinin r\u0259hb\u0259ri Arzu \u018fliyeva DOST \u0130nkl\u00fcziv \u0130nki\u015faf v\u0259 Yarad\u0131c\u0131l\u0131q M\u0259rk\u0259zi t\u0259r\u0259find\u0259n COP29-un Ya\u015f\u0131l Zonas\u0131ndak\u0131 \u201cArt Pavillion\u201dda t\u0259qdim edil\u0259n s\u0259rgi il\u0259 tan\u0131\u015f olublar. ARANTV.AZ\u00a0 x\u0259b\u0259r verir ki, \u0259m\u0259k v\u0259 \u0259halinin sosial m\u00fcdafi\u0259si naziri Sahil Babayev M\u0259rk\u0259zd\u0259 sosial c\u0259h\u0259td\u0259n h\u0259ssas qruplar\u0131n yarad\u0131c\u0131 potensial\u0131n\u0131n inki\u015faf etdirilm\u0259si \u00fc\u00e7\u00fcn apar\u0131lan i\u015fl\u0259r&hellip;","_links":{"self":[{"href":"https:\/\/arantv.az\/index.php?rest_route=\/wp\/v2\/posts\/770143"}],"collection":[{"href":"https:\/\/arantv.az\/index.php?rest_route=\/wp\/v2\/posts"}],"about":[{"href":"https:\/\/arantv.az\/index.php?rest_route=\/wp\/v2\/types\/post"}],"author":[{"embeddable":true,"href":"https:\/\/arantv.az\/index.php?rest_route=\/wp\/v2\/users\/2"}],"replies":[{"embeddable":true,"href":"https:\/\/arantv.az\/index.php?rest_route=%2Fwp%2Fv2%2Fcomments&post=770143"}],"version-history":[{"count":1,"href":"https:\/\/arantv.az\/index.php?rest_route=\/wp\/v2\/posts\/770143\/revisions"}],"predecessor-version":[{"id":770145,"href":"https:\/\/arantv.az\/index.php?rest_route=\/wp\/v2\/posts\/770143\/revisions\/770145"}],"wp:featuredmedia":[{"embeddable":true,"href":"https:\/\/arantv.az\/index.php?rest_route=\/wp\/v2\/media\/770144"}],"wp:attachment":[{"href":"https:\/\/arantv.az\/index.php?rest_route=%2Fwp%2Fv2%2Fmedia&parent=770143"}],"wp:term":[{"taxonomy":"category","embeddable":true,"href":"https:\/\/arantv.az\/index.php?rest_route=%2Fwp%2Fv2%2Fcategories&post=770143"},{"taxonomy":"post_tag","embeddable":true,"href":"https:\/\/arantv.az\/index.php?rest_route=%2Fwp%2Fv2%2Ftags&post=770143"}],"curies":[{"name":"wp","href":"https:\/\/api.w.org\/{rel}","templated":true}]}}