{"id":770192,"date":"2024-11-21T08:23:04","date_gmt":"2024-11-21T04:23:04","guid":{"rendered":"https:\/\/arantv.az\/?p=770192"},"modified":"2024-11-21T08:23:04","modified_gmt":"2024-11-21T04:23:04","slug":"qafqazin-uc-aslani-ucu-d%c9%99-general-ucu-d%c9%99-prezident-uc-f%c9%99rqli-tale","status":"publish","type":"post","link":"https:\/\/arantv.az\/?p=770192","title":{"rendered":"Qafqaz\u0131n \u00fc\u00e7 Aslan\u0131: \u00fc\u00e7\u00fc d\u0259 general, \u00fc\u00e7\u00fc d\u0259 \u201cprezident\u201d \u2013 \u00fc\u00e7 f\u0259rqli tale"},"content":{"rendered":"<p><strong>Aslan ismi nec\u0259 add\u0131rsa, bizd\u0259n tutmu\u015f ta \u00e7e\u00e7enl\u0259r\u0259, acarlara, abxazlara q\u0259d\u0259r, Qafqaz xalqlar\u0131n\u0131n ham\u0131s\u0131nda var.<\/strong><\/p>\n<p>Bu g\u00fcn s\u00f6hb\u0259t Qafqaz diyarlar\u0131nda ad\u0131 \u00e7\u0131xm\u0131\u015f \u00fc\u00e7 Aslandan ged\u0259c\u0259k.<\/p>\n<p>Onlar\u0131n \u00fc\u00e7\u00fc d\u0259 general r\u00fctb\u0259si da\u015f\u0131y\u0131b, \u00fc\u00e7\u00fc d\u0259 \u201cprezident\u201d olub.<\/p>\n<p>\u201cPrezident\u201d \u00fcnvan\u0131 ona g\u00f6r\u0259 d\u0131rnaqda yaz\u0131l\u0131r ki, bu \u015f\u0259xsl\u0259rin v\u0259zif\u0259sinin legitimliyi m\u00fcbahis\u0259lidir, beyn\u0259lxalq birlik, Birl\u0259\u015fmi\u015f Mill\u0259tl\u0259r T\u0259\u015fkilat\u0131 onlar\u0131n r\u0259hb\u0259rlik etdiyi \u201cd\u00f6vl\u0259t qurumu\u201dnun qanuniliyini q\u0259bul etmir.<\/p>\n<p>1951-ci ild\u0259 Qazax\u0131stan\u0131n Karaqanda vilay\u0259tinin \u015eokay q\u0259s\u0259b\u0259sind\u0259 do\u011fulmu\u015f Aslan \u018fliyevi\u00e7 M\u0259sh\u0259dov 1997-2002-ci ill\u0259rd\u0259 tan\u0131nmam\u0131\u015f \u00c7e\u00e7enistan Respublikas\u0131n\u0131n 3-c\u00fc prezidenti olub.<\/p>\n<p>1938-ci ild\u0259 Batumid\u0259 anadan olmu\u015f Aslan \u0130brahimovi\u00e7 Aba\u015fidze 1991-2004-c\u00fc ill\u0259rd\u0259 Acar\u0131stan Muxtar Respublikas\u0131n\u0131n r\u0259hb\u0259ri, \u201cprezident\u201di postunda i\u015fl\u0259yib.<\/p>\n<p>1963-c\u00fc ild\u0259 Abxaziyan\u0131n O\u00e7am\u00e7ir rayonunun Tam\u0131\u015f k\u0259ndind\u0259 d\u00fcnyaya g\u0259lmi\u015f Aslan Georgiyevi\u00e7 Bjaniya 2020-2024-c\u00fc ill\u0259rd\u0259 tan\u0131nmam\u0131\u015f Abxaziya Respublikas\u0131n\u0131n prezidenti v\u0259zif\u0259sini tutub.<\/p>\n<p>Aslan M\u0259sh\u0259dov v\u0259 Aslan Aba\u015fidze SSR\u0130-nin, Stalin d\u00f6vr\u00fcn\u00fcn repressiya ma\u015f\u0131n\u0131n\u0131n konvenyerind\u0259n ke\u00e7ibl\u0259r.<\/p>\n<p>\u00c7e\u00e7en xalq\u0131n\u0131n o\u011flu Aslan sovet-alman m\u00fcharib\u0259si zaman\u0131 Qazax\u0131stana s\u00fcrg\u00fcn olunmu\u015f \u00e7e\u00e7enl\u0259rin ail\u0259sind\u0259 do\u011fulub, sonradan ail\u0259si il\u0259 birlikd\u0259 \u00c7e\u00e7enistana qay\u0131d\u0131b.<\/p>\n<p>Acar xalq\u0131n\u0131n \u00f6vlad\u0131 Aslan \u0130slam dinini q\u0259bul etmi\u015f knyaz Aba\u015fidzen\u0131n n\u0259tic\u0259si, g\u00fcll\u0259l\u0259nmi\u015f parlament s\u0259dri Memedin n\u0259v\u0259si, h\u0259bs edilib s\u00fcrg\u00fcn\u0259 g\u00f6nd\u0259rilmi\u015f \u0130brahimin o\u011fludur.<\/p>\n<p>Abxaz o\u011flu Aslan is\u0259 normal t\u0259minatl\u0131 sovet m\u00fc\u0259lliml\u0259rinin ail\u0259sind\u0259 d\u00fcnyaya g\u0259lib, yax\u015f\u0131 t\u0259hsil al\u0131b, h\u0259l\u0259 sovet d\u00f6vr\u00fcnd\u0259 DTK m\u0259kt\u0259bini bitirib.<\/p>\n<p>Bununla bel\u0259, bu \u00fc\u00e7 Aslandan ikisi \u2013 h\u0259m Aba\u015fidze, h\u0259m d\u0259 Bjaniya Moskvan\u0131n adamlar\u0131d\u0131r. Babas\u0131 v\u0259 atas\u0131 sovet rejiminin qurban\u0131 olsa da, Aslan Aba\u015fidze o d\u00f6vl\u0259tin \u201cg\u00fcl\u00fcn\u00fc d\u0259r\u0259nl\u0259r\u201dd\u0259n olub \u2013 sovet d\u00f6vr\u00fcnd\u0259 G\u00fcrv\u00fcstanda nazir m\u00fcavini v\u0259zif\u0259sin\u0259 q\u0259d\u0259r y\u00fcks\u0259lib.<\/p>\n<p>\u00c7e\u00e7en Aslan is\u0259 Moskvaya, Kreml\u0259 qar\u015f\u0131yd\u0131, xalq\u0131na edilmi\u015f z\u00fclm\u00fc unutmam\u0131\u015fd\u0131.<\/p>\n<p>B\u0259lk\u0259 d\u0259 ona g\u00f6r\u0259 o, \u00e7ox ya\u015famad\u0131, 2005-ci ild\u0259 Qrozn\u0131 rayonunun Tolstoy-Yurt k\u0259ndind\u0259 partlay\u0131\u015f n\u0259tic\u0259sind\u0259, 53 ya\u015f\u0131ndayk\u0259n \u00f6ld\u00fcr\u00fcld\u00fc.<\/p>\n<p>Aba\u015fidze Aslan 13 il boyunca Acar\u0131standa h\u00f6kmdarl\u0131q ed\u0259nd\u0259n sonra hakimiyy\u0259t\u0259 yenic\u0259 g\u0259lmi\u015f Mixail Saaka\u015fvilinin q\u0259tiyy\u0259tli davran\u0131\u015f\u0131 n\u0259tic\u0259sind\u0259 v\u0259zif\u0259sind\u0259n v\u0259 Acar\u0131standan getm\u0259li oldu.<\/p>\n<p>G\u00fcrc\u00fcstana qar\u015f\u0131 sava\u015f a\u00e7m\u0131\u015f Abxaziya v\u0259 C\u0259nubi Osetiyadan f\u0259rqli olaraq, s\u0131rf Aba\u015fidzenin s\u0259yi, m\u00f6vqeyi, Qamsaxurdiya v\u0259 \u015eevardnadze il\u0259 \u015f\u0259xsi dostlu\u011fu say\u0259sind\u0259 Acar\u0131stan r\u0259smi Tiflisl\u0259 d\u00fc\u015fm\u0259n\u00e7ilk b\u00fcsat\u0131na girm\u0259mi\u015fdi,. Onun d\u00f6vr\u00fcnd\u0259 Batumi geni\u015f muxtariyyata malik idi.<\/p>\n<p>Aslan M\u0259sh\u0259dovun r\u0259hb\u0259rlik etdiyi muxtar b\u00f6lg\u0259 Rusiyaya qar\u015f\u0131 m\u00fcharib\u0259d\u0259yk\u0259n, Aslan Bjaniyan\u0131n muxtar vilay\u0259ti G\u00fcrc\u00fcstana qar\u015f\u0131 d\u00f6y\u00fc\u015f\u00fcrd\u00fc, amma Aslan Aba\u015fidzenin Acar\u0131stan\u0131 qan-qadadan uzaq idi.<\/p>\n<p>\u0130ndi birinci v\u0259 ikinci Aslanlar\u0131n \u201c\u00f6lk\u0259l\u0259ri\u201d tam ram olunub, biri Rusiyada geni\u015fl\u0259ndirilmi\u015f muxtariyyata, Ramzan Kad\u0131rovun \u015f\u0259xsi s\u0259lt\u0259n\u0259tin\u0259 \u00e7evrilib, o biri \u00f6z m\u0259cras\u0131na qay\u0131d\u0131b \u2013 tam olaraq G\u00fcrc\u00fcstana subyektidir.<\/p>\n<p>Bjaniya Aslan\u0131n \u201c\u00f6lk\u0259\u201dsi G\u00fcrc\u00fcstanla d\u00fc\u015fm\u0259n, Rusiya il\u0259 dostdur. \u018fslind\u0259 buna \u201cdostluq\u201d da dem\u0259k olmaz. Abxaziya Rusiyan\u0131n federal subyektl\u0259rind\u0259n biri kimi ya\u015fay\u0131r. Moskva bu vilay\u0259t-\u201crespublika\u201dya \u00f6z diyarlar\u0131ndan biri kimi bax\u0131r.<\/p>\n<p>El\u0259 Bjaniya Aslan\u0131n devrilm\u0259si il\u0259 n\u0259tic\u0259l\u0259n\u0259n \u201c\u00fcsyan\u201d da s\u0131rf o bax\u0131\u015f\u0131n sonucu oldu. Rusiya bu mahalda m\u00fcst\u0259sna h\u00fcquqlar \u0259ld\u0259 etm\u0259k ist\u0259di, n\u0259tic\u0259d\u0259 Aslan\u0131n yaxas\u0131 \u0259l\u0259 ke\u00e7di. Abxazlar \u201crus ay\u0131s\u0131\u201dn\u0131n \u0259s\u0259bl\u0259riyl\u0259, aslan\u0131n quyru\u011fu il\u0259 oynad\u0131lar.<\/p>\n<p>Bjaniyan\u0131n yerin\u0259 can atanlar tez-t\u0259l\u0259sik Rusiya il\u0259 qarda\u015fl\u0131qdan ona g\u00f6r\u0259 dan\u0131\u015fd\u0131lar ki, ona qar\u015f\u0131 ba\u015flanm\u0131\u015f \u00fcsyan Moskvaya dir\u0259ni\u015f kimi yozulmas\u0131n. Bu, Kreml\u0259 s\u0259rf etdiyind\u0259n RF r\u0259hb\u0259rliyi abxaz Aslan\u0131 x\u0259rcl\u0259mi\u015f kimi g\u00f6r\u00fcn\u00fcr.<\/p>\n<p>Ancaq o da el\u0259 bir m\u0259kt\u0259b ke\u00e7ib ki, asanl\u0131qla t\u0259slim olmaq ist\u0259mir, a\u00e7\u0131qca \u201cged\u0259r\u0259m, yen\u0259 g\u0259ll\u0259m\u201d mesaj\u0131 verib v\u0259 bir m\u00fcdd\u0259td\u0259n sonra onun i\u015finin ba\u015f\u0131na d\u00f6nm\u0259si m\u00fcmk\u00fcn ola bil\u0259r. H\u0259l\u0259 siyas\u0259t\u00e7i \u00fc\u00e7\u00fcn \u201ccavan\u201d ya\u015fdad\u0131r, 61 ya\u015f\u0131 var.<\/p>\n<p>Aslan Aba\u015fidze 86 ya\u015f\u0131n\u0131n i\u00e7ind\u0259dir, Rusiyada ya\u015fay\u0131r, r\u0259sm \u00e7\u0259kir. Acar\u0131standak\u0131 mal-m\u00fclk\u00fcnd\u0259n m\u0259hrum olsa da, nec\u0259 dey\u0259rl\u0259r, vaxt\u0131nda y\u0131\u011fd\u0131\u011f\u0131 s\u0259rv\u0259t yeddi s\u00fclal\u0259sin\u0259 b\u0259sdir.<\/p>\n<p>Aslan Bjaniya \u201cabxaz \u00fcsyan\u0131\u201dn\u0131n ilk g\u00fcnl\u0259rind\u0259n do\u011fma Tam\u0131\u015f k\u0259ndin\u0259 s\u0131\u011f\u0131naraq, orada \u00f6z\u00fcn\u0259 barrikada qurub, t\u0259r\u0259fdar toplay\u0131b, \u00f6z\u00fcn\u0259 qar\u015f\u0131 repressiyaya boyun \u0259ym\u0259k fikrind\u0259 deyil.<\/p>\n<p>Aslan M\u0259sh\u0259dov ya\u015fasayd\u0131, 73 ya\u015f\u0131nda olacaqd\u0131. Ancaq indi onun m\u0259zar\u0131n\u0131n yeri bel\u0259 bilinmir. Qafqaz\u0131n \u00fc\u00e7 Aslan\u0131n \u0259n b\u0259db\u0259xti d\u0259 m\u0259hz odur, n\u0259 xalq\u0131 bir g\u00fcn g\u00f6rd\u00fc, n\u0259 \u00f6z\u00fc. O biri Aslanlardan f\u0259rqli olaraq, o, aslan k\u00f6lg\u0259sind\u0259 yatma\u011f\u0131 \u00f6z\u00fcn\u0259 s\u0131\u011f\u0131\u015fd\u0131rmad\u0131.<\/p>\n<p>&nbsp;<\/p>\n<div class=\"news-author text-left\"><a href=\"https:\/\/musavat.com\/author\/xalid-kazimli_38\"><img class=\"img-responsive img-author\" src=\"https:\/\/cdn.musavat.com\/authors\/thumbnails\/7b4a53a5a5343a43be46eaabb8cf36a0.jpg\" \/>Xalid KAZIMLI<\/a><\/div>\n","protected":false},"excerpt":{"rendered":"<p>Aslan ismi nec\u0259 add\u0131rsa, bizd\u0259n tutmu\u015f ta \u00e7e\u00e7enl\u0259r\u0259, acarlara, abxazlara q\u0259d\u0259r, Qafqaz xalqlar\u0131n\u0131n ham\u0131s\u0131nda var. Bu g\u00fcn s\u00f6hb\u0259t Qafqaz diyarlar\u0131nda ad\u0131 \u00e7\u0131xm\u0131\u015f \u00fc\u00e7 Aslandan ged\u0259c\u0259k. Onlar\u0131n \u00fc\u00e7\u00fc d\u0259 general r\u00fctb\u0259si da\u015f\u0131y\u0131b, \u00fc\u00e7\u00fc d\u0259 \u201cprezident\u201d olub. \u201cPrezident\u201d \u00fcnvan\u0131 ona g\u00f6r\u0259 d\u0131rnaqda yaz\u0131l\u0131r ki, bu \u015f\u0259xsl\u0259rin v\u0259zif\u0259sinin legitimliyi m\u00fcbahis\u0259lidir, beyn\u0259lxalq birlik, Birl\u0259\u015fmi\u015f Mill\u0259tl\u0259r T\u0259\u015fkilat\u0131 onlar\u0131n r\u0259hb\u0259rlik etdiyi \u201cd\u00f6vl\u0259t qurumu\u201dnun qanuniliyini q\u0259bul etmir. 1951-ci ild\u0259 Qazax\u0131stan\u0131n Karaqanda vilay\u0259tinin \u015eokay q\u0259s\u0259b\u0259sind\u0259 do\u011fulmu\u015f Aslan \u018fliyevi\u00e7 M\u0259sh\u0259dov 1997-2002-ci ill\u0259rd\u0259 tan\u0131nmam\u0131\u015f \u00c7e\u00e7enistan Respublikas\u0131n\u0131n 3-c\u00fc prezidenti olub. 1938-ci ild\u0259 Batumid\u0259 anadan olmu\u015f Aslan \u0130brahimovi\u00e7 Aba\u015fidze 1991-2004-c\u00fc ill\u0259rd\u0259 Acar\u0131stan&hellip;<\/p>\n","protected":false},"author":2,"featured_media":770193,"comment_status":"closed","ping_status":"closed","sticky":false,"template":"","format":"standard","meta":{"om_disable_all_campaigns":false,"_monsterinsights_skip_tracking":false,"_monsterinsights_sitenote_active":false,"_monsterinsights_sitenote_note":"","_monsterinsights_sitenote_category":0},"categories":[19],"tags":[],"aioseo_notices":[],"gutentor_comment":0,"rttpg_featured_image_url":{"full":["https:\/\/arantv.az\/wp-content\/uploads\/2024\/11\/5d9bb55e33aa571ac55ff8b480077cfe.jpg",562,355,false],"landscape":["https:\/\/arantv.az\/wp-content\/uploads\/2024\/11\/5d9bb55e33aa571ac55ff8b480077cfe.jpg",562,355,false],"portraits":["https:\/\/arantv.az\/wp-content\/uploads\/2024\/11\/5d9bb55e33aa571ac55ff8b480077cfe.jpg",562,355,false],"thumbnail":["https:\/\/arantv.az\/wp-content\/uploads\/2024\/11\/5d9bb55e33aa571ac55ff8b480077cfe-500x280.jpg",500,280,true],"medium":["https:\/\/arantv.az\/wp-content\/uploads\/2024\/11\/5d9bb55e33aa571ac55ff8b480077cfe.jpg",562,355,false],"large":["https:\/\/arantv.az\/wp-content\/uploads\/2024\/11\/5d9bb55e33aa571ac55ff8b480077cfe.jpg",562,355,false],"1536x1536":["https:\/\/arantv.az\/wp-content\/uploads\/2024\/11\/5d9bb55e33aa571ac55ff8b480077cfe.jpg",562,355,false],"2048x2048":["https:\/\/arantv.az\/wp-content\/uploads\/2024\/11\/5d9bb55e33aa571ac55ff8b480077cfe.jpg",562,355,false],"post-thumbnail":["https:\/\/arantv.az\/wp-content\/uploads\/2024\/11\/5d9bb55e33aa571ac55ff8b480077cfe-240x172.jpg",240,172,true],"advps-thumb-one":["https:\/\/arantv.az\/wp-content\/uploads\/2024\/11\/5d9bb55e33aa571ac55ff8b480077cfe.jpg",562,355,false]},"rttpg_author":{"display_name":"V\u00fcsal Rafiqo\u011flu","author_link":"https:\/\/arantv.az\/?author=2"},"rttpg_comment":0,"rttpg_category":"<a href=\"https:\/\/arantv.az\/?cat=19\" rel=\"category\">G\u00fcnd\u0259m<\/a>","rttpg_excerpt":"Aslan ismi nec\u0259 add\u0131rsa, bizd\u0259n tutmu\u015f ta \u00e7e\u00e7enl\u0259r\u0259, acarlara, abxazlara q\u0259d\u0259r, Qafqaz xalqlar\u0131n\u0131n ham\u0131s\u0131nda var. Bu g\u00fcn s\u00f6hb\u0259t Qafqaz diyarlar\u0131nda ad\u0131 \u00e7\u0131xm\u0131\u015f \u00fc\u00e7 Aslandan ged\u0259c\u0259k. Onlar\u0131n \u00fc\u00e7\u00fc d\u0259 general r\u00fctb\u0259si da\u015f\u0131y\u0131b, \u00fc\u00e7\u00fc d\u0259 \u201cprezident\u201d olub. \u201cPrezident\u201d \u00fcnvan\u0131 ona g\u00f6r\u0259 d\u0131rnaqda yaz\u0131l\u0131r ki, bu \u015f\u0259xsl\u0259rin v\u0259zif\u0259sinin legitimliyi m\u00fcbahis\u0259lidir, beyn\u0259lxalq birlik, Birl\u0259\u015fmi\u015f Mill\u0259tl\u0259r T\u0259\u015fkilat\u0131 onlar\u0131n r\u0259hb\u0259rlik etdiyi&hellip;","_links":{"self":[{"href":"https:\/\/arantv.az\/index.php?rest_route=\/wp\/v2\/posts\/770192"}],"collection":[{"href":"https:\/\/arantv.az\/index.php?rest_route=\/wp\/v2\/posts"}],"about":[{"href":"https:\/\/arantv.az\/index.php?rest_route=\/wp\/v2\/types\/post"}],"author":[{"embeddable":true,"href":"https:\/\/arantv.az\/index.php?rest_route=\/wp\/v2\/users\/2"}],"replies":[{"embeddable":true,"href":"https:\/\/arantv.az\/index.php?rest_route=%2Fwp%2Fv2%2Fcomments&post=770192"}],"version-history":[{"count":2,"href":"https:\/\/arantv.az\/index.php?rest_route=\/wp\/v2\/posts\/770192\/revisions"}],"predecessor-version":[{"id":770195,"href":"https:\/\/arantv.az\/index.php?rest_route=\/wp\/v2\/posts\/770192\/revisions\/770195"}],"wp:featuredmedia":[{"embeddable":true,"href":"https:\/\/arantv.az\/index.php?rest_route=\/wp\/v2\/media\/770193"}],"wp:attachment":[{"href":"https:\/\/arantv.az\/index.php?rest_route=%2Fwp%2Fv2%2Fmedia&parent=770192"}],"wp:term":[{"taxonomy":"category","embeddable":true,"href":"https:\/\/arantv.az\/index.php?rest_route=%2Fwp%2Fv2%2Fcategories&post=770192"},{"taxonomy":"post_tag","embeddable":true,"href":"https:\/\/arantv.az\/index.php?rest_route=%2Fwp%2Fv2%2Ftags&post=770192"}],"curies":[{"name":"wp","href":"https:\/\/api.w.org\/{rel}","templated":true}]}}