{"id":770200,"date":"2024-11-21T11:33:57","date_gmt":"2024-11-21T07:33:57","guid":{"rendered":"https:\/\/arantv.az\/?p=770200"},"modified":"2024-11-21T11:33:57","modified_gmt":"2024-11-21T07:33:57","slug":"bmt-bas-katibi-az%c9%99rbaycana-g%c9%99ldi","status":"publish","type":"post","link":"https:\/\/arantv.az\/?p=770200","title":{"rendered":"BMT Ba\u015f katibi Az\u0259rbaycana G\u018fLD\u0130"},"content":{"rendered":"<p>Birl\u0259\u015fmi\u015f Mill\u0259tl\u0259r T\u0259\u015fkilat\u0131n\u0131n Ba\u015f katibi Antonio Quterre\u015f noyabr\u0131n 21-d\u0259 BMT-nin \u0130qlim D\u0259yi\u015fikliyi \u00fczr\u0259 \u00e7\u0259r\u00e7iv\u0259 Konvensiyas\u0131n\u0131n T\u0259r\u0259fl\u0259r Konfrans\u0131n\u0131n 29-cu sessiyas\u0131nda (COP29) i\u015ftirak etm\u0259k m\u0259qs\u0259dil\u0259 Az\u0259rbaycan Respublikas\u0131na s\u0259f\u0259r\u0259 g\u0259lib.<\/p>\n<p>&nbsp;<\/p>\n<p>Bu bar\u0259d\u0259 ARANTV.AZ\u00a0 AZ\u018fRTAC-a istinad\u0259n x\u0259b\u0259r verir.<\/p>\n<p>&nbsp;<\/p>\n<p>Heyd\u0259r \u018fliyev Beyn\u0259lxalq Aeroportunda qona\u011f\u0131 Az\u0259rbaycan\u0131n s\u0259hiyy\u0259 naziri Teymur Musayev v\u0259 dig\u0259r r\u0259smi \u015f\u0259xsl\u0259r qar\u015f\u0131lay\u0131blar.<\/p>\n","protected":false},"excerpt":{"rendered":"<p>Birl\u0259\u015fmi\u015f Mill\u0259tl\u0259r T\u0259\u015fkilat\u0131n\u0131n Ba\u015f katibi Antonio Quterre\u015f noyabr\u0131n 21-d\u0259 BMT-nin \u0130qlim D\u0259yi\u015fikliyi \u00fczr\u0259 \u00e7\u0259r\u00e7iv\u0259 Konvensiyas\u0131n\u0131n T\u0259r\u0259fl\u0259r Konfrans\u0131n\u0131n 29-cu sessiyas\u0131nda (COP29) i\u015ftirak etm\u0259k m\u0259qs\u0259dil\u0259 Az\u0259rbaycan Respublikas\u0131na s\u0259f\u0259r\u0259 g\u0259lib. &nbsp; Bu bar\u0259d\u0259 ARANTV.AZ\u00a0 AZ\u018fRTAC-a istinad\u0259n x\u0259b\u0259r verir. &nbsp; Heyd\u0259r \u018fliyev Beyn\u0259lxalq Aeroportunda qona\u011f\u0131 Az\u0259rbaycan\u0131n s\u0259hiyy\u0259 naziri Teymur Musayev v\u0259 dig\u0259r r\u0259smi \u015f\u0259xsl\u0259r qar\u015f\u0131lay\u0131blar.<\/p>\n","protected":false},"author":2,"featured_media":770201,"comment_status":"closed","ping_status":"closed","sticky":false,"template":"","format":"standard","meta":{"om_disable_all_campaigns":false,"_monsterinsights_skip_tracking":false,"_monsterinsights_sitenote_active":false,"_monsterinsights_sitenote_note":"","_monsterinsights_sitenote_category":0},"categories":[4],"tags":[],"aioseo_notices":[],"gutentor_comment":0,"rttpg_featured_image_url":{"full":["https:\/\/arantv.az\/wp-content\/uploads\/2024\/11\/26714f893c34fa7f7a3f535144554096.jpg",850,500,false],"landscape":["https:\/\/arantv.az\/wp-content\/uploads\/2024\/11\/26714f893c34fa7f7a3f535144554096.jpg",850,500,false],"portraits":["https:\/\/arantv.az\/wp-content\/uploads\/2024\/11\/26714f893c34fa7f7a3f535144554096.jpg",850,500,false],"thumbnail":["https:\/\/arantv.az\/wp-content\/uploads\/2024\/11\/26714f893c34fa7f7a3f535144554096-500x280.jpg",500,280,true],"medium":["https:\/\/arantv.az\/wp-content\/uploads\/2024\/11\/26714f893c34fa7f7a3f535144554096-621x365.jpg",621,365,true],"large":["https:\/\/arantv.az\/wp-content\/uploads\/2024\/11\/26714f893c34fa7f7a3f535144554096-840x494.jpg",640,376,true],"1536x1536":["https:\/\/arantv.az\/wp-content\/uploads\/2024\/11\/26714f893c34fa7f7a3f535144554096.jpg",850,500,false],"2048x2048":["https:\/\/arantv.az\/wp-content\/uploads\/2024\/11\/26714f893c34fa7f7a3f535144554096.jpg",850,500,false],"post-thumbnail":["https:\/\/arantv.az\/wp-content\/uploads\/2024\/11\/26714f893c34fa7f7a3f535144554096-240x172.jpg",240,172,true],"advps-thumb-one":["https:\/\/arantv.az\/wp-content\/uploads\/2024\/11\/26714f893c34fa7f7a3f535144554096.jpg",850,500,false]},"rttpg_author":{"display_name":"V\u00fcsal Rafiqo\u011flu","author_link":"https:\/\/arantv.az\/?author=2"},"rttpg_comment":0,"rttpg_category":"<a href=\"https:\/\/arantv.az\/?cat=4\" rel=\"category\">Siyas\u0259t<\/a>","rttpg_excerpt":"Birl\u0259\u015fmi\u015f Mill\u0259tl\u0259r T\u0259\u015fkilat\u0131n\u0131n Ba\u015f katibi Antonio Quterre\u015f noyabr\u0131n 21-d\u0259 BMT-nin \u0130qlim D\u0259yi\u015fikliyi \u00fczr\u0259 \u00e7\u0259r\u00e7iv\u0259 Konvensiyas\u0131n\u0131n T\u0259r\u0259fl\u0259r Konfrans\u0131n\u0131n 29-cu sessiyas\u0131nda (COP29) i\u015ftirak etm\u0259k m\u0259qs\u0259dil\u0259 Az\u0259rbaycan Respublikas\u0131na s\u0259f\u0259r\u0259 g\u0259lib. &nbsp; Bu bar\u0259d\u0259 ARANTV.AZ\u00a0 AZ\u018fRTAC-a istinad\u0259n x\u0259b\u0259r verir. &nbsp; Heyd\u0259r \u018fliyev Beyn\u0259lxalq Aeroportunda qona\u011f\u0131 Az\u0259rbaycan\u0131n s\u0259hiyy\u0259 naziri Teymur Musayev v\u0259 dig\u0259r r\u0259smi \u015f\u0259xsl\u0259r qar\u015f\u0131lay\u0131blar.","_links":{"self":[{"href":"https:\/\/arantv.az\/index.php?rest_route=\/wp\/v2\/posts\/770200"}],"collection":[{"href":"https:\/\/arantv.az\/index.php?rest_route=\/wp\/v2\/posts"}],"about":[{"href":"https:\/\/arantv.az\/index.php?rest_route=\/wp\/v2\/types\/post"}],"author":[{"embeddable":true,"href":"https:\/\/arantv.az\/index.php?rest_route=\/wp\/v2\/users\/2"}],"replies":[{"embeddable":true,"href":"https:\/\/arantv.az\/index.php?rest_route=%2Fwp%2Fv2%2Fcomments&post=770200"}],"version-history":[{"count":1,"href":"https:\/\/arantv.az\/index.php?rest_route=\/wp\/v2\/posts\/770200\/revisions"}],"predecessor-version":[{"id":770202,"href":"https:\/\/arantv.az\/index.php?rest_route=\/wp\/v2\/posts\/770200\/revisions\/770202"}],"wp:featuredmedia":[{"embeddable":true,"href":"https:\/\/arantv.az\/index.php?rest_route=\/wp\/v2\/media\/770201"}],"wp:attachment":[{"href":"https:\/\/arantv.az\/index.php?rest_route=%2Fwp%2Fv2%2Fmedia&parent=770200"}],"wp:term":[{"taxonomy":"category","embeddable":true,"href":"https:\/\/arantv.az\/index.php?rest_route=%2Fwp%2Fv2%2Fcategories&post=770200"},{"taxonomy":"post_tag","embeddable":true,"href":"https:\/\/arantv.az\/index.php?rest_route=%2Fwp%2Fv2%2Ftags&post=770200"}],"curies":[{"name":"wp","href":"https:\/\/api.w.org\/{rel}","templated":true}]}}