{"id":770206,"date":"2024-11-21T11:39:52","date_gmt":"2024-11-21T07:39:52","guid":{"rendered":"https:\/\/arantv.az\/?p=770206"},"modified":"2024-11-21T11:39:52","modified_gmt":"2024-11-21T07:39:52","slug":"kommunal-xidm%c9%99tl%c9%99r-bahalasir-tezlikl%c9%99-istilik-sistemi-%c9%99l-yandiracaq","status":"publish","type":"post","link":"https:\/\/arantv.az\/?p=770206","title":{"rendered":"Kommunal xidm\u0259tl\u0259r bahala\u015f\u0131r? &#8211; Tezlikl\u0259 istilik sistemi \u201c\u0259l yand\u0131racaq\u201d"},"content":{"rendered":"<p>Maliyy\u0259 naziri Samir \u015e\u0259rifov Milli M\u0259clis komit\u0259l\u0259rinin birg\u0259 iclas\u0131nda b\u00fcdc\u0259 m\u00fczakir\u0259si zaman\u0131 &#8220;Az\u0259ristilikt\u0259chizat\u201da d\u00f6vl\u0259t b\u00fcdc\u0259sind\u0259n ild\u0259 46 milyon manat v\u0259sait ayr\u0131ld\u0131\u011f\u0131n\u0131 bildirib. O qeyd edib ki, qurumun \u0259halid\u0259n y\u0131\u011fd\u0131\u011f\u0131 tarif faktiki x\u0259rcl\u0259rd\u0259n xeyli a\u015fa\u011f\u0131d\u0131r: &#8220;B\u00f6y\u00fck z\u0259r\u0259r \u0259m\u0259l\u0259 g\u0259lir&#8221;.<\/p>\n<p>&nbsp;<\/p>\n<p>Nazir \u0259lav\u0259 edib ki, qazanxanalar\u0131n s\u0259m\u0259r\u0259liliyi olduqca a\u015fa\u011f\u0131d\u0131r v\u0259 yeni, daha m\u00fcasir isitm\u0259 sistemin\u0259 ke\u00e7m\u0259k laz\u0131md\u0131r. &#8220;Bununla ba\u011fl\u0131 b\u0259zi t\u0259klifl\u0259r var, haz\u0131rda \u00fcz\u0259rind\u0259 i\u015f gedir&#8221;.<\/p>\n<p>&nbsp;<\/p>\n<p>M\u00f6vzu il\u0259 ba\u011fl\u0131 &#8220;Yeni Sabah&#8221;a dan\u0131\u015fan iqtisad\u00e7\u0131 Natiq C\u0259f\u0259rli bildirib ki, \u0259sas m\u00fczakir\u0259 olunmal\u0131 n\u00fcans kommunal sah\u0259l\u0259rin effektiv idar\u0259 edilm\u0259m\u0259sidir:<\/p>\n<p>&nbsp;<\/p>\n<p>\u201c\u018flb\u0259tt\u0259, b\u00fcdc\u0259 m\u00fczakir\u0259l\u0259rind\u0259 kommunal xidm\u0259tl\u0259rin ziyanla i\u015fl\u0259m\u0259si il\u0259 ba\u011fl\u0131 a\u00e7\u0131qlamalar bel\u0259 bir fikir yarad\u0131r ki, yax\u0131n zamanlarda qiym\u0259t art\u0131m\u0131 il\u0259 ba\u011fl\u0131 q\u0259rarlar ola bil\u0259r. Amma n\u0259d\u0259ns\u0259 h\u0259r d\u0259f\u0259 ox\u015far m\u0259s\u0259l\u0259l\u0259r m\u00fczakir\u0259y\u0259 \u00e7\u0131xar\u0131landa h\u0259min kommunal sah\u0259nin effektiv idar\u0259 edilm\u0259si yox, m\u0259hz borc m\u0259s\u0259l\u0259si, yaxud qeyri-rentabelli f\u0259aliyy\u0259t \u00f6n\u0259 \u00e7\u0131xar\u0131l\u0131r. Lakin he\u00e7 vaxt m\u00fczakir\u0259 olunmur ki, bu sah\u0259 niy\u0259 qeyri-rentabellidir?&#8221;<\/p>\n<p>&nbsp;<\/p>\n<p>Ekspertin fikrinc\u0259, bununla ba\u011fl\u0131 ciddi ara\u015fd\u0131rmalara ehtiyac var:<\/p>\n<p>&nbsp;<\/p>\n<p>\u201cM\u0259nc\u0259, kommunal xidm\u0259tl\u0259rin qeyri-rentabelli f\u0259aliyy\u0259tinin \u0259sas s\u0259b\u0259bi izafi x\u0259rcl\u0259rdir. T\u0259mir m\u0259s\u0259l\u0259si v\u0259 s. kifay\u0259t q\u0259d\u0259r \u015fi\u015firdilir v\u0259 n\u0259tic\u0259 etibar\u0131 il\u0259 rentabellilik a\u015fa\u011f\u0131 d\u00fc\u015f\u00fcr. Ona g\u00f6r\u0259 d\u0259, bu sah\u0259d\u0259 yeni yana\u015fmaya ehtiyac var. Y\u0259ni m\u0259s\u0259l\u0259nin k\u00f6k\u00fcn\u0259 enm\u0259k laz\u0131md\u0131r.<\/p>\n<p>&nbsp;<\/p>\n<p>\u00dcmumiyy\u0259tl\u0259, audit ara\u015fd\u0131rmas\u0131 apar\u0131lmal\u0131d\u0131r ki, Az\u0259rbaycanda niy\u0259 m\u0259hz kommunal xidm\u0259tl\u0259r, qiym\u0259tl\u0259rin a\u015fa\u011f\u0131 olmas\u0131na baxmayaraq, ziyanla i\u015fl\u0259yir. Bu m\u0259s\u0259l\u0259d\u0259 s\u0259m\u0259r\u0259li ara\u015fd\u0131rma il\u0259 n\u0259tic\u0259l\u0259r \u0259ld\u0259 edilm\u0259zs\u0259, t\u0259\u0259ss\u00fcf ki, qiym\u0259t art\u0131m\u0131 qa\u00e7\u0131lmaz olacaq\u201d.<\/p>\n","protected":false},"excerpt":{"rendered":"<p>Maliyy\u0259 naziri Samir \u015e\u0259rifov Milli M\u0259clis komit\u0259l\u0259rinin birg\u0259 iclas\u0131nda b\u00fcdc\u0259 m\u00fczakir\u0259si zaman\u0131 &#8220;Az\u0259ristilikt\u0259chizat\u201da d\u00f6vl\u0259t b\u00fcdc\u0259sind\u0259n ild\u0259 46 milyon manat v\u0259sait ayr\u0131ld\u0131\u011f\u0131n\u0131 bildirib. O qeyd edib ki, qurumun \u0259halid\u0259n y\u0131\u011fd\u0131\u011f\u0131 tarif faktiki x\u0259rcl\u0259rd\u0259n xeyli a\u015fa\u011f\u0131d\u0131r: &#8220;B\u00f6y\u00fck z\u0259r\u0259r \u0259m\u0259l\u0259 g\u0259lir&#8221;. &nbsp; Nazir \u0259lav\u0259 edib ki, qazanxanalar\u0131n s\u0259m\u0259r\u0259liliyi olduqca a\u015fa\u011f\u0131d\u0131r v\u0259 yeni, daha m\u00fcasir isitm\u0259 sistemin\u0259 ke\u00e7m\u0259k laz\u0131md\u0131r. &#8220;Bununla ba\u011fl\u0131 b\u0259zi t\u0259klifl\u0259r var, haz\u0131rda \u00fcz\u0259rind\u0259 i\u015f gedir&#8221;. &nbsp; M\u00f6vzu il\u0259 ba\u011fl\u0131 &#8220;Yeni Sabah&#8221;a dan\u0131\u015fan iqtisad\u00e7\u0131 Natiq C\u0259f\u0259rli bildirib ki, \u0259sas m\u00fczakir\u0259 olunmal\u0131 n\u00fcans kommunal sah\u0259l\u0259rin effektiv idar\u0259 edilm\u0259m\u0259sidir: &nbsp; \u201c\u018flb\u0259tt\u0259, b\u00fcdc\u0259 m\u00fczakir\u0259l\u0259rind\u0259 kommunal&hellip;<\/p>\n","protected":false},"author":2,"featured_media":770207,"comment_status":"closed","ping_status":"closed","sticky":false,"template":"","format":"standard","meta":{"om_disable_all_campaigns":false,"_monsterinsights_skip_tracking":false,"_monsterinsights_sitenote_active":false,"_monsterinsights_sitenote_note":"","_monsterinsights_sitenote_category":0},"categories":[1],"tags":[],"aioseo_notices":[],"gutentor_comment":0,"rttpg_featured_image_url":{"full":["https:\/\/arantv.az\/wp-content\/uploads\/2024\/11\/98d9104d29dcdb01e7d9d3b738a41c1a.jpg",750,422,false],"landscape":["https:\/\/arantv.az\/wp-content\/uploads\/2024\/11\/98d9104d29dcdb01e7d9d3b738a41c1a.jpg",750,422,false],"portraits":["https:\/\/arantv.az\/wp-content\/uploads\/2024\/11\/98d9104d29dcdb01e7d9d3b738a41c1a.jpg",750,422,false],"thumbnail":["https:\/\/arantv.az\/wp-content\/uploads\/2024\/11\/98d9104d29dcdb01e7d9d3b738a41c1a-500x280.jpg",500,280,true],"medium":["https:\/\/arantv.az\/wp-content\/uploads\/2024\/11\/98d9104d29dcdb01e7d9d3b738a41c1a-649x365.jpg",649,365,true],"large":["https:\/\/arantv.az\/wp-content\/uploads\/2024\/11\/98d9104d29dcdb01e7d9d3b738a41c1a.jpg",640,360,false],"1536x1536":["https:\/\/arantv.az\/wp-content\/uploads\/2024\/11\/98d9104d29dcdb01e7d9d3b738a41c1a.jpg",750,422,false],"2048x2048":["https:\/\/arantv.az\/wp-content\/uploads\/2024\/11\/98d9104d29dcdb01e7d9d3b738a41c1a.jpg",750,422,false],"post-thumbnail":["https:\/\/arantv.az\/wp-content\/uploads\/2024\/11\/98d9104d29dcdb01e7d9d3b738a41c1a-240x172.jpg",240,172,true],"advps-thumb-one":["https:\/\/arantv.az\/wp-content\/uploads\/2024\/11\/98d9104d29dcdb01e7d9d3b738a41c1a.jpg",750,422,false]},"rttpg_author":{"display_name":"V\u00fcsal Rafiqo\u011flu","author_link":"https:\/\/arantv.az\/?author=2"},"rttpg_comment":0,"rttpg_category":"<a href=\"https:\/\/arantv.az\/?cat=1\" rel=\"category\">C\u0259miyy\u0259t<\/a>","rttpg_excerpt":"Maliyy\u0259 naziri Samir \u015e\u0259rifov Milli M\u0259clis komit\u0259l\u0259rinin birg\u0259 iclas\u0131nda b\u00fcdc\u0259 m\u00fczakir\u0259si zaman\u0131 &#8220;Az\u0259ristilikt\u0259chizat\u201da d\u00f6vl\u0259t b\u00fcdc\u0259sind\u0259n ild\u0259 46 milyon manat v\u0259sait ayr\u0131ld\u0131\u011f\u0131n\u0131 bildirib. O qeyd edib ki, qurumun \u0259halid\u0259n y\u0131\u011fd\u0131\u011f\u0131 tarif faktiki x\u0259rcl\u0259rd\u0259n xeyli a\u015fa\u011f\u0131d\u0131r: &#8220;B\u00f6y\u00fck z\u0259r\u0259r \u0259m\u0259l\u0259 g\u0259lir&#8221;. &nbsp; Nazir \u0259lav\u0259 edib ki, qazanxanalar\u0131n s\u0259m\u0259r\u0259liliyi olduqca a\u015fa\u011f\u0131d\u0131r v\u0259 yeni, daha m\u00fcasir isitm\u0259 sistemin\u0259 ke\u00e7m\u0259k laz\u0131md\u0131r.&hellip;","_links":{"self":[{"href":"https:\/\/arantv.az\/index.php?rest_route=\/wp\/v2\/posts\/770206"}],"collection":[{"href":"https:\/\/arantv.az\/index.php?rest_route=\/wp\/v2\/posts"}],"about":[{"href":"https:\/\/arantv.az\/index.php?rest_route=\/wp\/v2\/types\/post"}],"author":[{"embeddable":true,"href":"https:\/\/arantv.az\/index.php?rest_route=\/wp\/v2\/users\/2"}],"replies":[{"embeddable":true,"href":"https:\/\/arantv.az\/index.php?rest_route=%2Fwp%2Fv2%2Fcomments&post=770206"}],"version-history":[{"count":1,"href":"https:\/\/arantv.az\/index.php?rest_route=\/wp\/v2\/posts\/770206\/revisions"}],"predecessor-version":[{"id":770208,"href":"https:\/\/arantv.az\/index.php?rest_route=\/wp\/v2\/posts\/770206\/revisions\/770208"}],"wp:featuredmedia":[{"embeddable":true,"href":"https:\/\/arantv.az\/index.php?rest_route=\/wp\/v2\/media\/770207"}],"wp:attachment":[{"href":"https:\/\/arantv.az\/index.php?rest_route=%2Fwp%2Fv2%2Fmedia&parent=770206"}],"wp:term":[{"taxonomy":"category","embeddable":true,"href":"https:\/\/arantv.az\/index.php?rest_route=%2Fwp%2Fv2%2Fcategories&post=770206"},{"taxonomy":"post_tag","embeddable":true,"href":"https:\/\/arantv.az\/index.php?rest_route=%2Fwp%2Fv2%2Ftags&post=770206"}],"curies":[{"name":"wp","href":"https:\/\/api.w.org\/{rel}","templated":true}]}}