{"id":770217,"date":"2024-11-21T13:03:02","date_gmt":"2024-11-21T09:03:02","guid":{"rendered":"https:\/\/arantv.az\/?p=770217"},"modified":"2024-11-21T13:03:02","modified_gmt":"2024-11-21T09:03:02","slug":"az%c9%99rbaycan-ordusunun-bas-q%c9%99rargah-r%c9%99isi-pakistanin-quru-qosunlari-komandani-il%c9%99-gorusub","status":"publish","type":"post","link":"https:\/\/arantv.az\/?p=770217","title":{"rendered":"Az\u0259rbaycan Ordusunun Ba\u015f Q\u0259rargah r\u0259isi Pakistan\u0131n Quru Qo\u015funlar\u0131 komandan\u0131 il\u0259 g\u00f6r\u00fc\u015f\u00fcb"},"content":{"rendered":"<p><em><strong>Pakistan \u0130slam Respublikas\u0131nda s\u0259f\u0259rd\u0259 olan Az\u0259rbaycan Ordusunun Ba\u015f Q\u0259rargah r\u0259isi general-polkovnik K\u0259rim V\u0259liyev K\u0259ra\u00e7i \u015f\u0259h\u0259rind\u0259 bu \u00f6lk\u0259nin Silahl\u0131 Q\u00fcvv\u0259l\u0259rinin Quru Qo\u015funlar\u0131 komandan\u0131 general Asim Munir il\u0259 g\u00f6r\u00fc\u015f\u00fcb.<\/strong><\/em><\/p>\n<p><strong>ARANTV.AZ\u00a0 x\u0259b\u0259r verir ki,<\/strong>\u00a0\u00a0general-polkovnik K.V\u0259liyev dost v\u0259 qarda\u015f \u00f6lk\u0259 Pakistanla b\u00fct\u00fcn sah\u0259l\u0259rd\u0259, o c\u00fcml\u0259d\u0259n h\u0259rbi sah\u0259d\u0259 \u0259m\u0259kda\u015fl\u0131\u011f\u0131n inki\u015faf etdirilm\u0259sinin Az\u0259rbaycan Respublikas\u0131n\u0131n Prezidenti, Silahl\u0131 Q\u00fcvv\u0259l\u0259rin Ali Ba\u015f Komandan\u0131 c\u0259nab \u0130lham \u018fliyevin diqq\u0259t m\u0259rk\u0259zind\u0259 oldu\u011funu x\u00fcsusi vur\u011fulay\u0131b.<br \/>\nG\u00f6r\u00fc\u015fd\u0259 ikit\u0259r\u0259fli h\u0259rbi \u0259m\u0259kda\u015fl\u0131\u011f\u0131n geni\u015fl\u0259ndirilm\u0259si v\u0259 birg\u0259 t\u0259liml\u0259rin intensivliyinin art\u0131r\u0131lmas\u0131n\u0131n vacibliyi bildirilib, habel\u0259 \u00f6lk\u0259l\u0259rimiz aras\u0131nda strateji t\u0259r\u0259fda\u015fl\u0131\u011f\u0131n y\u00fcks\u0259l\u0259n x\u0259tl\u0259 inki\u015faf etdiyi qeyd olunub.<\/p>\n<p>Az\u0259rbaycan Ordusunun Ba\u015f Q\u0259rargah r\u0259isi Pakistan\u0131n \u015fimal-q\u0259rbind\u0259 yerl\u0259\u015f\u0259n Tirah vadisind\u0259 ba\u015f vermi\u015f terror h\u00fccumunu pisl\u0259yib, h\u0259lak olanlarla ba\u011fl\u0131 Pakistan t\u0259r\u0259fin\u0259 ba\u015fsa\u011fl\u0131\u011f\u0131 verib.<\/p>\n<p>Az\u0259rbaycan il\u0259 Pakistan aras\u0131nda h\u0259rbi sah\u0259d\u0259 \u0259m\u0259kda\u015fl\u0131\u011f\u0131n m\u00fczakir\u0259 edildiyi g\u00f6r\u00fc\u015fd\u0259 terrorla m\u00fcbariz\u0259 v\u0259 t\u0259hl\u00fck\u0259sizlik m\u0259s\u0259l\u0259l\u0259rin\u0259 dair \u0259trafl\u0131 fikir m\u00fcbadil\u0259si apar\u0131l\u0131b.<\/p>\n","protected":false},"excerpt":{"rendered":"<p>Pakistan \u0130slam Respublikas\u0131nda s\u0259f\u0259rd\u0259 olan Az\u0259rbaycan Ordusunun Ba\u015f Q\u0259rargah r\u0259isi general-polkovnik K\u0259rim V\u0259liyev K\u0259ra\u00e7i \u015f\u0259h\u0259rind\u0259 bu \u00f6lk\u0259nin Silahl\u0131 Q\u00fcvv\u0259l\u0259rinin Quru Qo\u015funlar\u0131 komandan\u0131 general Asim Munir il\u0259 g\u00f6r\u00fc\u015f\u00fcb. ARANTV.AZ\u00a0 x\u0259b\u0259r verir ki,\u00a0\u00a0general-polkovnik K.V\u0259liyev dost v\u0259 qarda\u015f \u00f6lk\u0259 Pakistanla b\u00fct\u00fcn sah\u0259l\u0259rd\u0259, o c\u00fcml\u0259d\u0259n h\u0259rbi sah\u0259d\u0259 \u0259m\u0259kda\u015fl\u0131\u011f\u0131n inki\u015faf etdirilm\u0259sinin Az\u0259rbaycan Respublikas\u0131n\u0131n Prezidenti, Silahl\u0131 Q\u00fcvv\u0259l\u0259rin Ali Ba\u015f Komandan\u0131 c\u0259nab \u0130lham \u018fliyevin diqq\u0259t m\u0259rk\u0259zind\u0259 oldu\u011funu x\u00fcsusi vur\u011fulay\u0131b. G\u00f6r\u00fc\u015fd\u0259 ikit\u0259r\u0259fli h\u0259rbi \u0259m\u0259kda\u015fl\u0131\u011f\u0131n geni\u015fl\u0259ndirilm\u0259si v\u0259 birg\u0259 t\u0259liml\u0259rin intensivliyinin art\u0131r\u0131lmas\u0131n\u0131n vacibliyi bildirilib, habel\u0259 \u00f6lk\u0259l\u0259rimiz aras\u0131nda strateji t\u0259r\u0259fda\u015fl\u0131\u011f\u0131n y\u00fcks\u0259l\u0259n x\u0259tl\u0259 inki\u015faf etdiyi qeyd olunub. Az\u0259rbaycan Ordusunun Ba\u015f Q\u0259rargah r\u0259isi&hellip;<\/p>\n","protected":false},"author":2,"featured_media":770218,"comment_status":"closed","ping_status":"closed","sticky":false,"template":"","format":"standard","meta":{"om_disable_all_campaigns":false,"_monsterinsights_skip_tracking":false,"_monsterinsights_sitenote_active":false,"_monsterinsights_sitenote_note":"","_monsterinsights_sitenote_category":0},"categories":[10],"tags":[],"aioseo_notices":[],"gutentor_comment":0,"rttpg_featured_image_url":{"full":["https:\/\/arantv.az\/wp-content\/uploads\/2024\/11\/167ccbe1173217672159473362510876242.jpg",975,540,false],"landscape":["https:\/\/arantv.az\/wp-content\/uploads\/2024\/11\/167ccbe1173217672159473362510876242.jpg",975,540,false],"portraits":["https:\/\/arantv.az\/wp-content\/uploads\/2024\/11\/167ccbe1173217672159473362510876242.jpg",975,540,false],"thumbnail":["https:\/\/arantv.az\/wp-content\/uploads\/2024\/11\/167ccbe1173217672159473362510876242-500x280.jpg",500,280,true],"medium":["https:\/\/arantv.az\/wp-content\/uploads\/2024\/11\/167ccbe1173217672159473362510876242-660x365.jpg",660,365,true],"large":["https:\/\/arantv.az\/wp-content\/uploads\/2024\/11\/167ccbe1173217672159473362510876242-840x465.jpg",640,354,true],"1536x1536":["https:\/\/arantv.az\/wp-content\/uploads\/2024\/11\/167ccbe1173217672159473362510876242.jpg",975,540,false],"2048x2048":["https:\/\/arantv.az\/wp-content\/uploads\/2024\/11\/167ccbe1173217672159473362510876242.jpg",975,540,false],"post-thumbnail":["https:\/\/arantv.az\/wp-content\/uploads\/2024\/11\/167ccbe1173217672159473362510876242-240x172.jpg",240,172,true],"advps-thumb-one":["https:\/\/arantv.az\/wp-content\/uploads\/2024\/11\/167ccbe1173217672159473362510876242.jpg",975,540,false]},"rttpg_author":{"display_name":"V\u00fcsal Rafiqo\u011flu","author_link":"https:\/\/arantv.az\/?author=2"},"rttpg_comment":0,"rttpg_category":"<a href=\"https:\/\/arantv.az\/?cat=10\" rel=\"category\">C\u0259bh\u0259d\u0259n X\u0259b\u0259r<\/a>","rttpg_excerpt":"Pakistan \u0130slam Respublikas\u0131nda s\u0259f\u0259rd\u0259 olan Az\u0259rbaycan Ordusunun Ba\u015f Q\u0259rargah r\u0259isi general-polkovnik K\u0259rim V\u0259liyev K\u0259ra\u00e7i \u015f\u0259h\u0259rind\u0259 bu \u00f6lk\u0259nin Silahl\u0131 Q\u00fcvv\u0259l\u0259rinin Quru Qo\u015funlar\u0131 komandan\u0131 general Asim Munir il\u0259 g\u00f6r\u00fc\u015f\u00fcb. ARANTV.AZ\u00a0 x\u0259b\u0259r verir ki,\u00a0\u00a0general-polkovnik K.V\u0259liyev dost v\u0259 qarda\u015f \u00f6lk\u0259 Pakistanla b\u00fct\u00fcn sah\u0259l\u0259rd\u0259, o c\u00fcml\u0259d\u0259n h\u0259rbi sah\u0259d\u0259 \u0259m\u0259kda\u015fl\u0131\u011f\u0131n inki\u015faf etdirilm\u0259sinin Az\u0259rbaycan Respublikas\u0131n\u0131n Prezidenti, Silahl\u0131 Q\u00fcvv\u0259l\u0259rin Ali Ba\u015f Komandan\u0131 c\u0259nab&hellip;","_links":{"self":[{"href":"https:\/\/arantv.az\/index.php?rest_route=\/wp\/v2\/posts\/770217"}],"collection":[{"href":"https:\/\/arantv.az\/index.php?rest_route=\/wp\/v2\/posts"}],"about":[{"href":"https:\/\/arantv.az\/index.php?rest_route=\/wp\/v2\/types\/post"}],"author":[{"embeddable":true,"href":"https:\/\/arantv.az\/index.php?rest_route=\/wp\/v2\/users\/2"}],"replies":[{"embeddable":true,"href":"https:\/\/arantv.az\/index.php?rest_route=%2Fwp%2Fv2%2Fcomments&post=770217"}],"version-history":[{"count":1,"href":"https:\/\/arantv.az\/index.php?rest_route=\/wp\/v2\/posts\/770217\/revisions"}],"predecessor-version":[{"id":770219,"href":"https:\/\/arantv.az\/index.php?rest_route=\/wp\/v2\/posts\/770217\/revisions\/770219"}],"wp:featuredmedia":[{"embeddable":true,"href":"https:\/\/arantv.az\/index.php?rest_route=\/wp\/v2\/media\/770218"}],"wp:attachment":[{"href":"https:\/\/arantv.az\/index.php?rest_route=%2Fwp%2Fv2%2Fmedia&parent=770217"}],"wp:term":[{"taxonomy":"category","embeddable":true,"href":"https:\/\/arantv.az\/index.php?rest_route=%2Fwp%2Fv2%2Fcategories&post=770217"},{"taxonomy":"post_tag","embeddable":true,"href":"https:\/\/arantv.az\/index.php?rest_route=%2Fwp%2Fv2%2Ftags&post=770217"}],"curies":[{"name":"wp","href":"https:\/\/api.w.org\/{rel}","templated":true}]}}