{"id":770220,"date":"2024-11-21T13:05:04","date_gmt":"2024-11-21T09:05:04","guid":{"rendered":"https:\/\/arantv.az\/?p=770220"},"modified":"2024-11-21T13:05:04","modified_gmt":"2024-11-21T09:05:04","slug":"qobustan-gun%c9%99s-elektrik-stansiyasinin-istismara-veril%c9%99c%c9%99yi-tarix-aciqlanib","status":"publish","type":"post","link":"https:\/\/arantv.az\/?p=770220","title":{"rendered":"&#8220;Qobustan&#8221; G\u00fcn\u0259\u015f Elektrik Stansiyas\u0131n\u0131n istismara veril\u0259c\u0259yi tarix a\u00e7\u0131qlan\u0131b"},"content":{"rendered":"<p><em><strong>Qobustan&#8221; G\u00fcn\u0259\u015f Elektrik Stansiyas\u0131n\u0131n 2026-c\u0131 ild\u0259 istismara verilm\u0259si g\u00f6zl\u0259nilir.<\/strong><\/em><\/p>\n<p><strong>ARANTV.AZ\u00a0 x\u0259b\u0259r verir ki, <\/strong>bunu Energetika Nazirliyi yan\u0131nda B\u0259rpa Olunan Enerji M\u0259nb\u0259l\u0259ri D\u00f6vl\u0259t Agentliyinin s\u0259dri Cavid Abdullayev COP29 \u00e7\u0259r\u00e7iv\u0259sind\u0259 jurnalistl\u0259r\u0259 a\u00e7\u0131qlamas\u0131nda deyib.<\/p>\n<p>&#8220;Az\u0259rbaycanda ilk b\u0259rpa olunan enerji h\u0259rrac\u0131nda i\u015ftirak \u00fc\u00e7\u00fcn\u00a0130-dan \u00e7ox \u015firk\u0259t\u0259 d\u0259v\u0259t g\u00f6nd\u0259rilmi\u015fdi. H\u0259rrac prosesi iki m\u0259rh\u0259l\u0259d\u0259n ibar\u0259t olub. Bu, \u00fcmumilikd\u0259\u00a06\u00a0saat davam edib v\u0259 n\u0259tic\u0259d\u0259 \u201cUniversal International Holdings Limited\u201d \u015firk\u0259ti qalib g\u0259l\u0259r\u0259k, &#8220;Qobustan&#8221; G\u00fcn\u0259\u015f Elektrik Stansiyas\u0131n\u0131 tikm\u0259k h\u00fcququ qazan\u0131b. Bu stansiya\u00a0100\u00a0meqavat g\u00fcc\u00fcnd\u0259 olacaq&#8221;, &#8211; o vur\u011fulay\u0131b.<\/p>\n<p>C. Abdullayev \u0259lav\u0259 edib ki,\u00a020-25\u00a0g\u00fcn \u0259rzind\u0259 m\u00fcqavil\u0259l\u0259r tam yekunla\u015facaq v\u0259 elektrik stansiyas\u0131n\u0131n daha d\u0259qiq istismara verilm\u0259 tarixi m\u0259lum olacaq.<\/p>\n","protected":false},"excerpt":{"rendered":"<p>Qobustan&#8221; G\u00fcn\u0259\u015f Elektrik Stansiyas\u0131n\u0131n 2026-c\u0131 ild\u0259 istismara verilm\u0259si g\u00f6zl\u0259nilir. ARANTV.AZ\u00a0 x\u0259b\u0259r verir ki, bunu Energetika Nazirliyi yan\u0131nda B\u0259rpa Olunan Enerji M\u0259nb\u0259l\u0259ri D\u00f6vl\u0259t Agentliyinin s\u0259dri Cavid Abdullayev COP29 \u00e7\u0259r\u00e7iv\u0259sind\u0259 jurnalistl\u0259r\u0259 a\u00e7\u0131qlamas\u0131nda deyib. &#8220;Az\u0259rbaycanda ilk b\u0259rpa olunan enerji h\u0259rrac\u0131nda i\u015ftirak \u00fc\u00e7\u00fcn\u00a0130-dan \u00e7ox \u015firk\u0259t\u0259 d\u0259v\u0259t g\u00f6nd\u0259rilmi\u015fdi. H\u0259rrac prosesi iki m\u0259rh\u0259l\u0259d\u0259n ibar\u0259t olub. Bu, \u00fcmumilikd\u0259\u00a06\u00a0saat davam edib v\u0259 n\u0259tic\u0259d\u0259 \u201cUniversal International Holdings Limited\u201d \u015firk\u0259ti qalib g\u0259l\u0259r\u0259k, &#8220;Qobustan&#8221; G\u00fcn\u0259\u015f Elektrik Stansiyas\u0131n\u0131 tikm\u0259k h\u00fcququ qazan\u0131b. Bu stansiya\u00a0100\u00a0meqavat g\u00fcc\u00fcnd\u0259 olacaq&#8221;, &#8211; o vur\u011fulay\u0131b. C. Abdullayev \u0259lav\u0259 edib ki,\u00a020-25\u00a0g\u00fcn \u0259rzind\u0259 m\u00fcqavil\u0259l\u0259r tam yekunla\u015facaq v\u0259 elektrik stansiyas\u0131n\u0131n daha d\u0259qiq&hellip;<\/p>\n","protected":false},"author":2,"featured_media":770221,"comment_status":"closed","ping_status":"closed","sticky":false,"template":"","format":"standard","meta":{"om_disable_all_campaigns":false,"_monsterinsights_skip_tracking":false,"_monsterinsights_sitenote_active":false,"_monsterinsights_sitenote_note":"","_monsterinsights_sitenote_category":0},"categories":[1],"tags":[],"aioseo_notices":[],"gutentor_comment":0,"rttpg_featured_image_url":{"full":["https:\/\/arantv.az\/wp-content\/uploads\/2024\/11\/801c14f017122245515737994021083856-1.jpg",975,540,false],"landscape":["https:\/\/arantv.az\/wp-content\/uploads\/2024\/11\/801c14f017122245515737994021083856-1.jpg",975,540,false],"portraits":["https:\/\/arantv.az\/wp-content\/uploads\/2024\/11\/801c14f017122245515737994021083856-1.jpg",975,540,false],"thumbnail":["https:\/\/arantv.az\/wp-content\/uploads\/2024\/11\/801c14f017122245515737994021083856-1-500x280.jpg",500,280,true],"medium":["https:\/\/arantv.az\/wp-content\/uploads\/2024\/11\/801c14f017122245515737994021083856-1-660x365.jpg",660,365,true],"large":["https:\/\/arantv.az\/wp-content\/uploads\/2024\/11\/801c14f017122245515737994021083856-1-840x465.jpg",640,354,true],"1536x1536":["https:\/\/arantv.az\/wp-content\/uploads\/2024\/11\/801c14f017122245515737994021083856-1.jpg",975,540,false],"2048x2048":["https:\/\/arantv.az\/wp-content\/uploads\/2024\/11\/801c14f017122245515737994021083856-1.jpg",975,540,false],"post-thumbnail":["https:\/\/arantv.az\/wp-content\/uploads\/2024\/11\/801c14f017122245515737994021083856-1-240x172.jpg",240,172,true],"advps-thumb-one":["https:\/\/arantv.az\/wp-content\/uploads\/2024\/11\/801c14f017122245515737994021083856-1.jpg",975,540,false]},"rttpg_author":{"display_name":"V\u00fcsal Rafiqo\u011flu","author_link":"https:\/\/arantv.az\/?author=2"},"rttpg_comment":0,"rttpg_category":"<a href=\"https:\/\/arantv.az\/?cat=1\" rel=\"category\">C\u0259miyy\u0259t<\/a>","rttpg_excerpt":"Qobustan&#8221; G\u00fcn\u0259\u015f Elektrik Stansiyas\u0131n\u0131n 2026-c\u0131 ild\u0259 istismara verilm\u0259si g\u00f6zl\u0259nilir. ARANTV.AZ\u00a0 x\u0259b\u0259r verir ki, bunu Energetika Nazirliyi yan\u0131nda B\u0259rpa Olunan Enerji M\u0259nb\u0259l\u0259ri D\u00f6vl\u0259t Agentliyinin s\u0259dri Cavid Abdullayev COP29 \u00e7\u0259r\u00e7iv\u0259sind\u0259 jurnalistl\u0259r\u0259 a\u00e7\u0131qlamas\u0131nda deyib. &#8220;Az\u0259rbaycanda ilk b\u0259rpa olunan enerji h\u0259rrac\u0131nda i\u015ftirak \u00fc\u00e7\u00fcn\u00a0130-dan \u00e7ox \u015firk\u0259t\u0259 d\u0259v\u0259t g\u00f6nd\u0259rilmi\u015fdi. H\u0259rrac prosesi iki m\u0259rh\u0259l\u0259d\u0259n ibar\u0259t olub. Bu, \u00fcmumilikd\u0259\u00a06\u00a0saat davam edib v\u0259 n\u0259tic\u0259d\u0259&hellip;","_links":{"self":[{"href":"https:\/\/arantv.az\/index.php?rest_route=\/wp\/v2\/posts\/770220"}],"collection":[{"href":"https:\/\/arantv.az\/index.php?rest_route=\/wp\/v2\/posts"}],"about":[{"href":"https:\/\/arantv.az\/index.php?rest_route=\/wp\/v2\/types\/post"}],"author":[{"embeddable":true,"href":"https:\/\/arantv.az\/index.php?rest_route=\/wp\/v2\/users\/2"}],"replies":[{"embeddable":true,"href":"https:\/\/arantv.az\/index.php?rest_route=%2Fwp%2Fv2%2Fcomments&post=770220"}],"version-history":[{"count":1,"href":"https:\/\/arantv.az\/index.php?rest_route=\/wp\/v2\/posts\/770220\/revisions"}],"predecessor-version":[{"id":770222,"href":"https:\/\/arantv.az\/index.php?rest_route=\/wp\/v2\/posts\/770220\/revisions\/770222"}],"wp:featuredmedia":[{"embeddable":true,"href":"https:\/\/arantv.az\/index.php?rest_route=\/wp\/v2\/media\/770221"}],"wp:attachment":[{"href":"https:\/\/arantv.az\/index.php?rest_route=%2Fwp%2Fv2%2Fmedia&parent=770220"}],"wp:term":[{"taxonomy":"category","embeddable":true,"href":"https:\/\/arantv.az\/index.php?rest_route=%2Fwp%2Fv2%2Fcategories&post=770220"},{"taxonomy":"post_tag","embeddable":true,"href":"https:\/\/arantv.az\/index.php?rest_route=%2Fwp%2Fv2%2Ftags&post=770220"}],"curies":[{"name":"wp","href":"https:\/\/api.w.org\/{rel}","templated":true}]}}