{"id":770237,"date":"2024-11-21T17:00:14","date_gmt":"2024-11-21T13:00:14","guid":{"rendered":"https:\/\/arantv.az\/?p=770237"},"modified":"2024-11-21T17:00:14","modified_gmt":"2024-11-21T13:00:14","slug":"niyam-r%c9%99misin-xanimini-isd%c9%99n-cixardib","status":"publish","type":"post","link":"https:\/\/arantv.az\/?p=770237","title":{"rendered":"Niyam R\u0259mi\u015fin xan\u0131m\u0131n\u0131 i\u015fd\u0259n \u00e7\u0131xard\u0131b?"},"content":{"rendered":"<p><strong>Apar\u0131c\u0131 Zaur Kamal m\u00fc\u011f\u0259nni Niyam Salaminin m\u0259rhum Xalq artisti Rafiq H\u00fcseynovun (R\u0259mi\u015f) h\u0259yat yolda\u015f\u0131 G\u00fcl\u00fcn\u00fc sahibi oldu\u011fu restoranda i\u015fd\u0259n \u00e7\u0131xartd\u0131\u011f\u0131n\u0131 deyib.<\/strong><\/p>\n<p>Bu haqda verili\u015find\u0259 dan\u0131\u015fan Zaur &#8220;2 il yan\u0131nda i\u015fl\u0259yib, indi \u00e7\u0131xard\u0131b. Deyir ki, m\u0259n\u0259 d\u0259st\u0259k oldu, i\u015f\u0259 g\u00f6t\u00fcrd\u00fc. \u0130ndi \u015fikay\u0259t edir ki, niy\u0259 m\u0259ni i\u015fd\u0259n \u00e7\u0131xartd\u0131&#8221; s\u00f6zl\u0259rini \u0259lav\u0259 edib.<\/p>\n<p>Niyam is\u0259 &#8220;Restoran h\u0259l\u0259 a\u00e7\u0131lmay\u0131b, nec\u0259 i\u015fd\u0259n \u00e7\u0131xartd\u0131m? Yalan dan\u0131\u015f\u0131r. El\u0259 bir s\u0259n\u0259tkar\u0131n xan\u0131m\u0131n\u0131 i\u015f\u0259 d\u0259v\u0259t ed\u0259nd\u0259 ad\u0131n\u0131 n\u0259 qoyum? G\u00fcl\u00fc yan\u0131mda n\u0259 i\u015fl\u0259yir? A\u015fpaz k\u00f6m\u0259k\u00e7isi? Yox. O, i\u015fl\u0259mir, ad\u0131 Niyam\u0131n yan\u0131nda olmaqd\u0131r. Yan\u0131mda sa\u011f \u0259lim olacaq&#8221; dey\u0259, cavab verib.<\/p>\n<p>Qeyd ed\u0259k ki, R\u0259mi\u015f d\u00fcnyas\u0131n\u0131 d\u0259yi\u015f\u0259nd\u0259n sonra xan\u0131m\u0131 restoranda \u00e7al\u0131\u015fma\u011fa ba\u015flay\u0131b.\/\/Ax\u015fam.az<\/p>\n","protected":false},"excerpt":{"rendered":"<p>Apar\u0131c\u0131 Zaur Kamal m\u00fc\u011f\u0259nni Niyam Salaminin m\u0259rhum Xalq artisti Rafiq H\u00fcseynovun (R\u0259mi\u015f) h\u0259yat yolda\u015f\u0131 G\u00fcl\u00fcn\u00fc sahibi oldu\u011fu restoranda i\u015fd\u0259n \u00e7\u0131xartd\u0131\u011f\u0131n\u0131 deyib. Bu haqda verili\u015find\u0259 dan\u0131\u015fan Zaur &#8220;2 il yan\u0131nda i\u015fl\u0259yib, indi \u00e7\u0131xard\u0131b. Deyir ki, m\u0259n\u0259 d\u0259st\u0259k oldu, i\u015f\u0259 g\u00f6t\u00fcrd\u00fc. \u0130ndi \u015fikay\u0259t edir ki, niy\u0259 m\u0259ni i\u015fd\u0259n \u00e7\u0131xartd\u0131&#8221; s\u00f6zl\u0259rini \u0259lav\u0259 edib. Niyam is\u0259 &#8220;Restoran h\u0259l\u0259 a\u00e7\u0131lmay\u0131b, nec\u0259 i\u015fd\u0259n \u00e7\u0131xartd\u0131m? Yalan dan\u0131\u015f\u0131r. El\u0259 bir s\u0259n\u0259tkar\u0131n xan\u0131m\u0131n\u0131 i\u015f\u0259 d\u0259v\u0259t ed\u0259nd\u0259 ad\u0131n\u0131 n\u0259 qoyum? G\u00fcl\u00fc yan\u0131mda n\u0259 i\u015fl\u0259yir? A\u015fpaz k\u00f6m\u0259k\u00e7isi? Yox. O, i\u015fl\u0259mir, ad\u0131 Niyam\u0131n yan\u0131nda olmaqd\u0131r. Yan\u0131mda sa\u011f \u0259lim olacaq&#8221; dey\u0259, cavab verib.&hellip;<\/p>\n","protected":false},"author":2,"featured_media":770239,"comment_status":"closed","ping_status":"closed","sticky":false,"template":"","format":"standard","meta":{"om_disable_all_campaigns":false,"_monsterinsights_skip_tracking":false,"_monsterinsights_sitenote_active":false,"_monsterinsights_sitenote_note":"","_monsterinsights_sitenote_category":0},"categories":[20],"tags":[],"aioseo_notices":[],"gutentor_comment":0,"rttpg_featured_image_url":{"full":["https:\/\/arantv.az\/wp-content\/uploads\/2024\/11\/56bc09b543fb971a1ebc10b4dcd01ede-1.jpg",735,462,false],"landscape":["https:\/\/arantv.az\/wp-content\/uploads\/2024\/11\/56bc09b543fb971a1ebc10b4dcd01ede-1.jpg",735,462,false],"portraits":["https:\/\/arantv.az\/wp-content\/uploads\/2024\/11\/56bc09b543fb971a1ebc10b4dcd01ede-1.jpg",735,462,false],"thumbnail":["https:\/\/arantv.az\/wp-content\/uploads\/2024\/11\/56bc09b543fb971a1ebc10b4dcd01ede-1-500x280.jpg",500,280,true],"medium":["https:\/\/arantv.az\/wp-content\/uploads\/2024\/11\/56bc09b543fb971a1ebc10b4dcd01ede-1-581x365.jpg",581,365,true],"large":["https:\/\/arantv.az\/wp-content\/uploads\/2024\/11\/56bc09b543fb971a1ebc10b4dcd01ede-1.jpg",640,402,false],"1536x1536":["https:\/\/arantv.az\/wp-content\/uploads\/2024\/11\/56bc09b543fb971a1ebc10b4dcd01ede-1.jpg",735,462,false],"2048x2048":["https:\/\/arantv.az\/wp-content\/uploads\/2024\/11\/56bc09b543fb971a1ebc10b4dcd01ede-1.jpg",735,462,false],"post-thumbnail":["https:\/\/arantv.az\/wp-content\/uploads\/2024\/11\/56bc09b543fb971a1ebc10b4dcd01ede-1-240x172.jpg",240,172,true],"advps-thumb-one":["https:\/\/arantv.az\/wp-content\/uploads\/2024\/11\/56bc09b543fb971a1ebc10b4dcd01ede-1.jpg",735,462,false]},"rttpg_author":{"display_name":"V\u00fcsal Rafiqo\u011flu","author_link":"https:\/\/arantv.az\/?author=2"},"rttpg_comment":0,"rttpg_category":"<a href=\"https:\/\/arantv.az\/?cat=20\" rel=\"category\">\u015eou biznes<\/a>","rttpg_excerpt":"Apar\u0131c\u0131 Zaur Kamal m\u00fc\u011f\u0259nni Niyam Salaminin m\u0259rhum Xalq artisti Rafiq H\u00fcseynovun (R\u0259mi\u015f) h\u0259yat yolda\u015f\u0131 G\u00fcl\u00fcn\u00fc sahibi oldu\u011fu restoranda i\u015fd\u0259n \u00e7\u0131xartd\u0131\u011f\u0131n\u0131 deyib. Bu haqda verili\u015find\u0259 dan\u0131\u015fan Zaur &#8220;2 il yan\u0131nda i\u015fl\u0259yib, indi \u00e7\u0131xard\u0131b. Deyir ki, m\u0259n\u0259 d\u0259st\u0259k oldu, i\u015f\u0259 g\u00f6t\u00fcrd\u00fc. \u0130ndi \u015fikay\u0259t edir ki, niy\u0259 m\u0259ni i\u015fd\u0259n \u00e7\u0131xartd\u0131&#8221; s\u00f6zl\u0259rini \u0259lav\u0259 edib. Niyam is\u0259 &#8220;Restoran h\u0259l\u0259 a\u00e7\u0131lmay\u0131b,&hellip;","_links":{"self":[{"href":"https:\/\/arantv.az\/index.php?rest_route=\/wp\/v2\/posts\/770237"}],"collection":[{"href":"https:\/\/arantv.az\/index.php?rest_route=\/wp\/v2\/posts"}],"about":[{"href":"https:\/\/arantv.az\/index.php?rest_route=\/wp\/v2\/types\/post"}],"author":[{"embeddable":true,"href":"https:\/\/arantv.az\/index.php?rest_route=\/wp\/v2\/users\/2"}],"replies":[{"embeddable":true,"href":"https:\/\/arantv.az\/index.php?rest_route=%2Fwp%2Fv2%2Fcomments&post=770237"}],"version-history":[{"count":1,"href":"https:\/\/arantv.az\/index.php?rest_route=\/wp\/v2\/posts\/770237\/revisions"}],"predecessor-version":[{"id":770240,"href":"https:\/\/arantv.az\/index.php?rest_route=\/wp\/v2\/posts\/770237\/revisions\/770240"}],"wp:featuredmedia":[{"embeddable":true,"href":"https:\/\/arantv.az\/index.php?rest_route=\/wp\/v2\/media\/770239"}],"wp:attachment":[{"href":"https:\/\/arantv.az\/index.php?rest_route=%2Fwp%2Fv2%2Fmedia&parent=770237"}],"wp:term":[{"taxonomy":"category","embeddable":true,"href":"https:\/\/arantv.az\/index.php?rest_route=%2Fwp%2Fv2%2Fcategories&post=770237"},{"taxonomy":"post_tag","embeddable":true,"href":"https:\/\/arantv.az\/index.php?rest_route=%2Fwp%2Fv2%2Ftags&post=770237"}],"curies":[{"name":"wp","href":"https:\/\/api.w.org\/{rel}","templated":true}]}}