{"id":770241,"date":"2024-11-21T17:01:22","date_gmt":"2024-11-21T13:01:22","guid":{"rendered":"https:\/\/arantv.az\/?p=770241"},"modified":"2024-11-21T17:01:22","modified_gmt":"2024-11-21T13:01:22","slug":"prezident-iki-qurumu-l%c9%99gv-etdi-s%c9%99r%c9%99ncam","status":"publish","type":"post","link":"https:\/\/arantv.az\/?p=770241","title":{"rendered":"Prezident iki qurumu l\u0259\u011fv etdi &#8211; S\u018fR\u018fNCAM"},"content":{"rendered":"<p><strong>Prezident \u0130lham \u018fliyev \u201cAz\u0259rbaycan D\u00f6vl\u0259t T\u0259rc\u00fcm\u0259 M\u0259rk\u0259zinin v\u0259 Az\u0259rbaycan Respublikas\u0131n\u0131n D\u00f6vl\u0259t Dil Komissiyas\u0131 yan\u0131nda Monitorinq M\u0259rk\u0259zinin l\u0259\u011fv edilm\u0259si haqq\u0131nda\u201d S\u0259r\u0259ncam imzalay\u0131b.<\/strong><\/p>\n<p><b>ARANTV.AZ <\/b>x\u0259b\u0259r verir ki, S\u0259r\u0259ncama \u0259sas\u0259n, \u201cAz\u0259rbaycan D\u00f6vl\u0259t T\u0259rc\u00fcm\u0259 M\u0259rk\u0259zi\u201d publik h\u00fcquqi \u015f\u0259xs l\u0259\u011fv edilir.<\/p>\n<p>S\u0259r\u0259ncama \u0259sas\u0259n, Nazirl\u0259r Kabinetin\u0259 \u201cAz\u0259rbaycan Respublikas\u0131n\u0131n D\u00f6vl\u0259t Dil Komissiyas\u0131 yan\u0131nda Monitorinq M\u0259rk\u0259zi\u201d publik h\u00fcquqi \u015f\u0259xsin l\u0259\u011fv edilm\u0259si il\u0259 ba\u011fl\u0131 on g\u00fcn m\u00fcdd\u0259tind\u0259 z\u0259ruri t\u0259dbirl\u0259ri g\u00f6rm\u0259k tap\u015f\u0131r\u0131l\u0131b.<\/p>\n<p>Nazirl\u0259r Kabineti l\u0259\u011fv edil\u0259n publik h\u00fcquqi \u015f\u0259xsl\u0259rin t\u0259rc\u00fcm\u0259 v\u0259 d\u00f6vl\u0259t dilinin t\u0259tbiqi sah\u0259sind\u0259 funksiyalar\u0131n\u0131n aidiyy\u0259ti d\u00f6vl\u0259t orqanlar\u0131na (qurumlar\u0131na) \u00f6t\u00fcr\u00fclm\u0259si il\u0259 ba\u011fl\u0131 t\u0259klifl\u0259rini iki ay m\u00fcdd\u0259tind\u0259 haz\u0131rlay\u0131b Az\u0259rbaycan Respublikas\u0131n\u0131n Prezidentin\u0259 t\u0259qdim etm\u0259lidir.<\/p>\n","protected":false},"excerpt":{"rendered":"<p>Prezident \u0130lham \u018fliyev \u201cAz\u0259rbaycan D\u00f6vl\u0259t T\u0259rc\u00fcm\u0259 M\u0259rk\u0259zinin v\u0259 Az\u0259rbaycan Respublikas\u0131n\u0131n D\u00f6vl\u0259t Dil Komissiyas\u0131 yan\u0131nda Monitorinq M\u0259rk\u0259zinin l\u0259\u011fv edilm\u0259si haqq\u0131nda\u201d S\u0259r\u0259ncam imzalay\u0131b. ARANTV.AZ x\u0259b\u0259r verir ki, S\u0259r\u0259ncama \u0259sas\u0259n, \u201cAz\u0259rbaycan D\u00f6vl\u0259t T\u0259rc\u00fcm\u0259 M\u0259rk\u0259zi\u201d publik h\u00fcquqi \u015f\u0259xs l\u0259\u011fv edilir. S\u0259r\u0259ncama \u0259sas\u0259n, Nazirl\u0259r Kabinetin\u0259 \u201cAz\u0259rbaycan Respublikas\u0131n\u0131n D\u00f6vl\u0259t Dil Komissiyas\u0131 yan\u0131nda Monitorinq M\u0259rk\u0259zi\u201d publik h\u00fcquqi \u015f\u0259xsin l\u0259\u011fv edilm\u0259si il\u0259 ba\u011fl\u0131 on g\u00fcn m\u00fcdd\u0259tind\u0259 z\u0259ruri t\u0259dbirl\u0259ri g\u00f6rm\u0259k tap\u015f\u0131r\u0131l\u0131b. Nazirl\u0259r Kabineti l\u0259\u011fv edil\u0259n publik h\u00fcquqi \u015f\u0259xsl\u0259rin t\u0259rc\u00fcm\u0259 v\u0259 d\u00f6vl\u0259t dilinin t\u0259tbiqi sah\u0259sind\u0259 funksiyalar\u0131n\u0131n aidiyy\u0259ti d\u00f6vl\u0259t orqanlar\u0131na (qurumlar\u0131na) \u00f6t\u00fcr\u00fclm\u0259si il\u0259 ba\u011fl\u0131 t\u0259klifl\u0259rini iki ay m\u00fcdd\u0259tind\u0259 haz\u0131rlay\u0131b Az\u0259rbaycan Respublikas\u0131n\u0131n&hellip;<\/p>\n","protected":false},"author":2,"featured_media":770242,"comment_status":"closed","ping_status":"closed","sticky":false,"template":"","format":"standard","meta":{"om_disable_all_campaigns":false,"_monsterinsights_skip_tracking":false,"_monsterinsights_sitenote_active":false,"_monsterinsights_sitenote_note":"","_monsterinsights_sitenote_category":0},"categories":[4],"tags":[],"aioseo_notices":[],"gutentor_comment":0,"rttpg_featured_image_url":{"full":["https:\/\/arantv.az\/wp-content\/uploads\/2024\/11\/2668eb76fb2848faf80ad78b1b3f442b.jpg",734,426,false],"landscape":["https:\/\/arantv.az\/wp-content\/uploads\/2024\/11\/2668eb76fb2848faf80ad78b1b3f442b.jpg",734,426,false],"portraits":["https:\/\/arantv.az\/wp-content\/uploads\/2024\/11\/2668eb76fb2848faf80ad78b1b3f442b.jpg",734,426,false],"thumbnail":["https:\/\/arantv.az\/wp-content\/uploads\/2024\/11\/2668eb76fb2848faf80ad78b1b3f442b-500x280.jpg",500,280,true],"medium":["https:\/\/arantv.az\/wp-content\/uploads\/2024\/11\/2668eb76fb2848faf80ad78b1b3f442b-629x365.jpg",629,365,true],"large":["https:\/\/arantv.az\/wp-content\/uploads\/2024\/11\/2668eb76fb2848faf80ad78b1b3f442b.jpg",640,371,false],"1536x1536":["https:\/\/arantv.az\/wp-content\/uploads\/2024\/11\/2668eb76fb2848faf80ad78b1b3f442b.jpg",734,426,false],"2048x2048":["https:\/\/arantv.az\/wp-content\/uploads\/2024\/11\/2668eb76fb2848faf80ad78b1b3f442b.jpg",734,426,false],"post-thumbnail":["https:\/\/arantv.az\/wp-content\/uploads\/2024\/11\/2668eb76fb2848faf80ad78b1b3f442b-240x172.jpg",240,172,true],"advps-thumb-one":["https:\/\/arantv.az\/wp-content\/uploads\/2024\/11\/2668eb76fb2848faf80ad78b1b3f442b.jpg",734,426,false]},"rttpg_author":{"display_name":"V\u00fcsal Rafiqo\u011flu","author_link":"https:\/\/arantv.az\/?author=2"},"rttpg_comment":0,"rttpg_category":"<a href=\"https:\/\/arantv.az\/?cat=4\" rel=\"category\">Siyas\u0259t<\/a>","rttpg_excerpt":"Prezident \u0130lham \u018fliyev \u201cAz\u0259rbaycan D\u00f6vl\u0259t T\u0259rc\u00fcm\u0259 M\u0259rk\u0259zinin v\u0259 Az\u0259rbaycan Respublikas\u0131n\u0131n D\u00f6vl\u0259t Dil Komissiyas\u0131 yan\u0131nda Monitorinq M\u0259rk\u0259zinin l\u0259\u011fv edilm\u0259si haqq\u0131nda\u201d S\u0259r\u0259ncam imzalay\u0131b. ARANTV.AZ x\u0259b\u0259r verir ki, S\u0259r\u0259ncama \u0259sas\u0259n, \u201cAz\u0259rbaycan D\u00f6vl\u0259t T\u0259rc\u00fcm\u0259 M\u0259rk\u0259zi\u201d publik h\u00fcquqi \u015f\u0259xs l\u0259\u011fv edilir. S\u0259r\u0259ncama \u0259sas\u0259n, Nazirl\u0259r Kabinetin\u0259 \u201cAz\u0259rbaycan Respublikas\u0131n\u0131n D\u00f6vl\u0259t Dil Komissiyas\u0131 yan\u0131nda Monitorinq M\u0259rk\u0259zi\u201d publik h\u00fcquqi \u015f\u0259xsin l\u0259\u011fv edilm\u0259si il\u0259 ba\u011fl\u0131&hellip;","_links":{"self":[{"href":"https:\/\/arantv.az\/index.php?rest_route=\/wp\/v2\/posts\/770241"}],"collection":[{"href":"https:\/\/arantv.az\/index.php?rest_route=\/wp\/v2\/posts"}],"about":[{"href":"https:\/\/arantv.az\/index.php?rest_route=\/wp\/v2\/types\/post"}],"author":[{"embeddable":true,"href":"https:\/\/arantv.az\/index.php?rest_route=\/wp\/v2\/users\/2"}],"replies":[{"embeddable":true,"href":"https:\/\/arantv.az\/index.php?rest_route=%2Fwp%2Fv2%2Fcomments&post=770241"}],"version-history":[{"count":1,"href":"https:\/\/arantv.az\/index.php?rest_route=\/wp\/v2\/posts\/770241\/revisions"}],"predecessor-version":[{"id":770243,"href":"https:\/\/arantv.az\/index.php?rest_route=\/wp\/v2\/posts\/770241\/revisions\/770243"}],"wp:featuredmedia":[{"embeddable":true,"href":"https:\/\/arantv.az\/index.php?rest_route=\/wp\/v2\/media\/770242"}],"wp:attachment":[{"href":"https:\/\/arantv.az\/index.php?rest_route=%2Fwp%2Fv2%2Fmedia&parent=770241"}],"wp:term":[{"taxonomy":"category","embeddable":true,"href":"https:\/\/arantv.az\/index.php?rest_route=%2Fwp%2Fv2%2Fcategories&post=770241"},{"taxonomy":"post_tag","embeddable":true,"href":"https:\/\/arantv.az\/index.php?rest_route=%2Fwp%2Fv2%2Ftags&post=770241"}],"curies":[{"name":"wp","href":"https:\/\/api.w.org\/{rel}","templated":true}]}}