{"id":770244,"date":"2024-11-21T17:03:36","date_gmt":"2024-11-21T13:03:36","guid":{"rendered":"https:\/\/arantv.az\/?p=770244"},"modified":"2024-11-21T17:03:36","modified_gmt":"2024-11-21T13:03:36","slug":"az%c9%99rbaycan-xin-pakistana-bassagligi-verib-3","status":"publish","type":"post","link":"https:\/\/arantv.az\/?p=770244","title":{"rendered":"Az\u0259rbaycan X\u0130N Pakistana ba\u015fsa\u011fl\u0131\u011f\u0131 verib"},"content":{"rendered":"<p><strong>Az\u0259rbaycan Pakistanda t\u00f6r\u0259dil\u0259n terror akt\u0131 il\u0259 ba\u011fl\u0131 bu \u00f6lk\u0259y\u0259 ba\u015fsa\u011fl\u0131\u011f\u0131 verib.<\/strong><\/p>\n<p><strong>ARANTV.AZ <\/strong>\u00a0x\u0259b\u0259r verir ki, bu bar\u0259d\u0259 Az\u0259rbaycan Xarici \u0130\u015fl\u0259r Nazirliyinin (X\u0130N) &#8220;X&#8221; hesab\u0131nda bildirilib.<\/p>\n<p>&#8220;Pakistan\u0131n Kurram b\u00f6lg\u0259sind\u0259 \u00e7oxlu dinc sakinin silahl\u0131 h\u00fccum n\u0259tic\u0259sind\u0259 \u00f6lm\u0259si v\u0259 yaralanmas\u0131 x\u0259b\u0259rind\u0259n t\u0259sirl\u0259ndik. Bu d\u0259h\u015f\u0259tli h\u00fccumla \u0259laq\u0259dar h\u0259lak olanlar\u0131n ail\u0259l\u0259rin\u0259 v\u0259 Pakistan h\u00f6kum\u0259tin\u0259 d\u0259rin h\u00fcznl\u0259 ba\u015fsa\u011fl\u0131\u011f\u0131 veririk&#8221;, &#8211; payla\u015f\u0131mda qeyd olunub.<\/p>\n","protected":false},"excerpt":{"rendered":"<p>Az\u0259rbaycan Pakistanda t\u00f6r\u0259dil\u0259n terror akt\u0131 il\u0259 ba\u011fl\u0131 bu \u00f6lk\u0259y\u0259 ba\u015fsa\u011fl\u0131\u011f\u0131 verib. ARANTV.AZ \u00a0x\u0259b\u0259r verir ki, bu bar\u0259d\u0259 Az\u0259rbaycan Xarici \u0130\u015fl\u0259r Nazirliyinin (X\u0130N) &#8220;X&#8221; hesab\u0131nda bildirilib. &#8220;Pakistan\u0131n Kurram b\u00f6lg\u0259sind\u0259 \u00e7oxlu dinc sakinin silahl\u0131 h\u00fccum n\u0259tic\u0259sind\u0259 \u00f6lm\u0259si v\u0259 yaralanmas\u0131 x\u0259b\u0259rind\u0259n t\u0259sirl\u0259ndik. Bu d\u0259h\u015f\u0259tli h\u00fccumla \u0259laq\u0259dar h\u0259lak olanlar\u0131n ail\u0259l\u0259rin\u0259 v\u0259 Pakistan h\u00f6kum\u0259tin\u0259 d\u0259rin h\u00fcznl\u0259 ba\u015fsa\u011fl\u0131\u011f\u0131 veririk&#8221;, &#8211; payla\u015f\u0131mda qeyd olunub.<\/p>\n","protected":false},"author":2,"featured_media":770245,"comment_status":"closed","ping_status":"closed","sticky":false,"template":"","format":"standard","meta":{"om_disable_all_campaigns":false,"_monsterinsights_skip_tracking":false,"_monsterinsights_sitenote_active":false,"_monsterinsights_sitenote_note":"","_monsterinsights_sitenote_category":0},"categories":[4],"tags":[],"aioseo_notices":[],"gutentor_comment":0,"rttpg_featured_image_url":{"full":["https:\/\/arantv.az\/wp-content\/uploads\/2024\/11\/b90a09307122495a5e3cd49c572657c7.jpg",870,500,false],"landscape":["https:\/\/arantv.az\/wp-content\/uploads\/2024\/11\/b90a09307122495a5e3cd49c572657c7.jpg",870,500,false],"portraits":["https:\/\/arantv.az\/wp-content\/uploads\/2024\/11\/b90a09307122495a5e3cd49c572657c7.jpg",870,500,false],"thumbnail":["https:\/\/arantv.az\/wp-content\/uploads\/2024\/11\/b90a09307122495a5e3cd49c572657c7-500x280.jpg",500,280,true],"medium":["https:\/\/arantv.az\/wp-content\/uploads\/2024\/11\/b90a09307122495a5e3cd49c572657c7-635x365.jpg",635,365,true],"large":["https:\/\/arantv.az\/wp-content\/uploads\/2024\/11\/b90a09307122495a5e3cd49c572657c7-840x483.jpg",640,368,true],"1536x1536":["https:\/\/arantv.az\/wp-content\/uploads\/2024\/11\/b90a09307122495a5e3cd49c572657c7.jpg",870,500,false],"2048x2048":["https:\/\/arantv.az\/wp-content\/uploads\/2024\/11\/b90a09307122495a5e3cd49c572657c7.jpg",870,500,false],"post-thumbnail":["https:\/\/arantv.az\/wp-content\/uploads\/2024\/11\/b90a09307122495a5e3cd49c572657c7-240x172.jpg",240,172,true],"advps-thumb-one":["https:\/\/arantv.az\/wp-content\/uploads\/2024\/11\/b90a09307122495a5e3cd49c572657c7.jpg",870,500,false]},"rttpg_author":{"display_name":"V\u00fcsal Rafiqo\u011flu","author_link":"https:\/\/arantv.az\/?author=2"},"rttpg_comment":0,"rttpg_category":"<a href=\"https:\/\/arantv.az\/?cat=4\" rel=\"category\">Siyas\u0259t<\/a>","rttpg_excerpt":"Az\u0259rbaycan Pakistanda t\u00f6r\u0259dil\u0259n terror akt\u0131 il\u0259 ba\u011fl\u0131 bu \u00f6lk\u0259y\u0259 ba\u015fsa\u011fl\u0131\u011f\u0131 verib. ARANTV.AZ \u00a0x\u0259b\u0259r verir ki, bu bar\u0259d\u0259 Az\u0259rbaycan Xarici \u0130\u015fl\u0259r Nazirliyinin (X\u0130N) &#8220;X&#8221; hesab\u0131nda bildirilib. &#8220;Pakistan\u0131n Kurram b\u00f6lg\u0259sind\u0259 \u00e7oxlu dinc sakinin silahl\u0131 h\u00fccum n\u0259tic\u0259sind\u0259 \u00f6lm\u0259si v\u0259 yaralanmas\u0131 x\u0259b\u0259rind\u0259n t\u0259sirl\u0259ndik. Bu d\u0259h\u015f\u0259tli h\u00fccumla \u0259laq\u0259dar h\u0259lak olanlar\u0131n ail\u0259l\u0259rin\u0259 v\u0259 Pakistan h\u00f6kum\u0259tin\u0259 d\u0259rin h\u00fcznl\u0259 ba\u015fsa\u011fl\u0131\u011f\u0131 veririk&#8221;, &#8211; payla\u015f\u0131mda&hellip;","_links":{"self":[{"href":"https:\/\/arantv.az\/index.php?rest_route=\/wp\/v2\/posts\/770244"}],"collection":[{"href":"https:\/\/arantv.az\/index.php?rest_route=\/wp\/v2\/posts"}],"about":[{"href":"https:\/\/arantv.az\/index.php?rest_route=\/wp\/v2\/types\/post"}],"author":[{"embeddable":true,"href":"https:\/\/arantv.az\/index.php?rest_route=\/wp\/v2\/users\/2"}],"replies":[{"embeddable":true,"href":"https:\/\/arantv.az\/index.php?rest_route=%2Fwp%2Fv2%2Fcomments&post=770244"}],"version-history":[{"count":2,"href":"https:\/\/arantv.az\/index.php?rest_route=\/wp\/v2\/posts\/770244\/revisions"}],"predecessor-version":[{"id":770247,"href":"https:\/\/arantv.az\/index.php?rest_route=\/wp\/v2\/posts\/770244\/revisions\/770247"}],"wp:featuredmedia":[{"embeddable":true,"href":"https:\/\/arantv.az\/index.php?rest_route=\/wp\/v2\/media\/770245"}],"wp:attachment":[{"href":"https:\/\/arantv.az\/index.php?rest_route=%2Fwp%2Fv2%2Fmedia&parent=770244"}],"wp:term":[{"taxonomy":"category","embeddable":true,"href":"https:\/\/arantv.az\/index.php?rest_route=%2Fwp%2Fv2%2Fcategories&post=770244"},{"taxonomy":"post_tag","embeddable":true,"href":"https:\/\/arantv.az\/index.php?rest_route=%2Fwp%2Fv2%2Ftags&post=770244"}],"curies":[{"name":"wp","href":"https:\/\/api.w.org\/{rel}","templated":true}]}}