{"id":770411,"date":"2024-11-22T07:09:03","date_gmt":"2024-11-22T03:09:03","guid":{"rendered":"https:\/\/arantv.az\/?p=770411"},"modified":"2024-11-22T07:09:03","modified_gmt":"2024-11-22T03:09:03","slug":"hikm%c9%99t-haciyev-politiconun-m%c9%99qal%c9%99si-dezinformasiyadir-uzr-ist%c9%99nm%c9%99lidir","status":"publish","type":"post","link":"https:\/\/arantv.az\/?p=770411","title":{"rendered":"Hikm\u0259t Hac\u0131yev: &#8220;Politico&#8221;nun m\u0259qal\u0259si dezinformasiyad\u0131r, \u00fczr ist\u0259nm\u0259lidir"},"content":{"rendered":"<p>&#8220;Politico&#8221;nun Avropa n\u0259\u015frind\u0259ki &#8220;Az\u0259rbaycan\u0131n Avropaya qaz qambiti &#8211; Rusiya \u00fc\u00e7\u00fcn yax\u015f\u0131 x\u0259b\u0259rdir&#8221; ba\u015fl\u0131ql\u0131 m\u0259qal\u0259, Az\u0259rbaycan\u0131n Prezident Administrasiyas\u0131n\u0131n Xarici siyas\u0259t m\u0259s\u0259l\u0259l\u0259ri \u015f\u00f6b\u0259sinin m\u00fcdiri Hikm\u0259t Hac\u0131yev t\u0259r\u0259find\u0259n dezinformasiyan\u0131n \u00e7irkin n\u00fcmun\u0259si kimi t\u0259nqid edilib.<\/p>\n<p><strong>ARANTV.AZ\u00a0<\/strong> x\u0259b\u0259r verir ki, Hikm\u0259t Hac\u0131yev &#8220;X&#8221; sosial \u015f\u0259b\u0259k\u0259 platformas\u0131nda yazd\u0131\u011f\u0131 \u015f\u0259rhd\u0259, m\u0259qal\u0259d\u0259 pe\u015f\u0259kar fakt yoxlan\u0131\u015f\u0131n\u0131n olmad\u0131\u011f\u0131n\u0131 v\u0259 yaz\u0131n\u0131n spekulyasiya v\u0259 \u015fayi\u0259l\u0259rl\u0259 dolu oldu\u011funu vur\u011fulay\u0131b. O, Avropa medias\u0131n\u0131n bu c\u00fcr saxta x\u0259b\u0259rl\u0259r\u0259 qar\u015f\u0131 nec\u0259 reaksiya verdiyini soru\u015faraq, bel\u0259 jurnalistikan\u0131n Avropa standartlar\u0131na uy\u011fun olmad\u0131\u011f\u0131n\u0131 bildirib.<\/p>\n<p>Hikm\u0259t Hac\u0131yev, 2024-c\u00fc ild\u0259 Az\u0259rbaycan\u0131n Rusiyadan qaz idxal etm\u0259diyini bir fakt olaraq qeyd ed\u0259r\u0259k, bu yaz\u0131n\u0131 tamamil\u0259 t\u0259kzib edib. O, h\u0259m\u00e7inin Az\u0259rbaycan\u0131n qaz hasilat\u0131n\u0131n beyn\u0259lxalq t\u0259r\u0259fda\u015flarla \u0259m\u0259kda\u015fl\u0131q \u00e7\u0259r\u00e7iv\u0259sind\u0259 h\u0259yata ke\u00e7irildiyini v\u0259 bu sah\u0259d\u0259ki f\u0259aliyy\u0259tin a\u00e7\u0131q oldu\u011funu qeyd edib.<\/p>\n<p>Son olaraq, Hikm\u0259t Hac\u0131yev &#8220;Politico&#8221;nun Avropa n\u0259\u015frind\u0259n bu saxta m\u0259qal\u0259ni geri \u00e7\u0259km\u0259sini v\u0259 \u00fczr ist\u0259m\u0259sini t\u0259l\u0259b edib.<\/p>\n<p>&nbsp;<\/p>\n<p>&nbsp;<\/p>\n<p><strong><img loading=\"lazy\" src=\"https:\/\/cdn.musavat.com\/news\/thumbnails\/0ba39e0e019bdd203ffe5ee5164796be.jpg\" alt=\"Screenshot_1.png (117 KB)\" width=\"592\" height=\"472\" \/><\/strong><\/p>\n","protected":false},"excerpt":{"rendered":"<p>&#8220;Politico&#8221;nun Avropa n\u0259\u015frind\u0259ki &#8220;Az\u0259rbaycan\u0131n Avropaya qaz qambiti &#8211; Rusiya \u00fc\u00e7\u00fcn yax\u015f\u0131 x\u0259b\u0259rdir&#8221; ba\u015fl\u0131ql\u0131 m\u0259qal\u0259, Az\u0259rbaycan\u0131n Prezident Administrasiyas\u0131n\u0131n Xarici siyas\u0259t m\u0259s\u0259l\u0259l\u0259ri \u015f\u00f6b\u0259sinin m\u00fcdiri Hikm\u0259t Hac\u0131yev t\u0259r\u0259find\u0259n dezinformasiyan\u0131n \u00e7irkin n\u00fcmun\u0259si kimi t\u0259nqid edilib. ARANTV.AZ\u00a0 x\u0259b\u0259r verir ki, Hikm\u0259t Hac\u0131yev &#8220;X&#8221; sosial \u015f\u0259b\u0259k\u0259 platformas\u0131nda yazd\u0131\u011f\u0131 \u015f\u0259rhd\u0259, m\u0259qal\u0259d\u0259 pe\u015f\u0259kar fakt yoxlan\u0131\u015f\u0131n\u0131n olmad\u0131\u011f\u0131n\u0131 v\u0259 yaz\u0131n\u0131n spekulyasiya v\u0259 \u015fayi\u0259l\u0259rl\u0259 dolu oldu\u011funu vur\u011fulay\u0131b. O, Avropa medias\u0131n\u0131n bu c\u00fcr saxta x\u0259b\u0259rl\u0259r\u0259 qar\u015f\u0131 nec\u0259 reaksiya verdiyini soru\u015faraq, bel\u0259 jurnalistikan\u0131n Avropa standartlar\u0131na uy\u011fun olmad\u0131\u011f\u0131n\u0131 bildirib. Hikm\u0259t Hac\u0131yev, 2024-c\u00fc ild\u0259 Az\u0259rbaycan\u0131n Rusiyadan qaz idxal etm\u0259diyini bir fakt olaraq qeyd ed\u0259r\u0259k, bu&hellip;<\/p>\n","protected":false},"author":2,"featured_media":770412,"comment_status":"closed","ping_status":"closed","sticky":false,"template":"","format":"standard","meta":{"om_disable_all_campaigns":false,"_monsterinsights_skip_tracking":false,"_monsterinsights_sitenote_active":false,"_monsterinsights_sitenote_note":"","_monsterinsights_sitenote_category":0},"categories":[19],"tags":[],"aioseo_notices":[],"gutentor_comment":0,"rttpg_featured_image_url":{"full":["https:\/\/arantv.az\/wp-content\/uploads\/2024\/11\/c58fcfe4de177530e11a71ab4a71bf21.jpg",800,450,false],"landscape":["https:\/\/arantv.az\/wp-content\/uploads\/2024\/11\/c58fcfe4de177530e11a71ab4a71bf21.jpg",800,450,false],"portraits":["https:\/\/arantv.az\/wp-content\/uploads\/2024\/11\/c58fcfe4de177530e11a71ab4a71bf21.jpg",800,450,false],"thumbnail":["https:\/\/arantv.az\/wp-content\/uploads\/2024\/11\/c58fcfe4de177530e11a71ab4a71bf21-500x280.jpg",500,280,true],"medium":["https:\/\/arantv.az\/wp-content\/uploads\/2024\/11\/c58fcfe4de177530e11a71ab4a71bf21-649x365.jpg",649,365,true],"large":["https:\/\/arantv.az\/wp-content\/uploads\/2024\/11\/c58fcfe4de177530e11a71ab4a71bf21.jpg",640,360,false],"1536x1536":["https:\/\/arantv.az\/wp-content\/uploads\/2024\/11\/c58fcfe4de177530e11a71ab4a71bf21.jpg",800,450,false],"2048x2048":["https:\/\/arantv.az\/wp-content\/uploads\/2024\/11\/c58fcfe4de177530e11a71ab4a71bf21.jpg",800,450,false],"post-thumbnail":["https:\/\/arantv.az\/wp-content\/uploads\/2024\/11\/c58fcfe4de177530e11a71ab4a71bf21-240x172.jpg",240,172,true],"advps-thumb-one":["https:\/\/arantv.az\/wp-content\/uploads\/2024\/11\/c58fcfe4de177530e11a71ab4a71bf21.jpg",800,450,false]},"rttpg_author":{"display_name":"V\u00fcsal Rafiqo\u011flu","author_link":"https:\/\/arantv.az\/?author=2"},"rttpg_comment":0,"rttpg_category":"<a href=\"https:\/\/arantv.az\/?cat=19\" rel=\"category\">G\u00fcnd\u0259m<\/a>","rttpg_excerpt":"&#8220;Politico&#8221;nun Avropa n\u0259\u015frind\u0259ki &#8220;Az\u0259rbaycan\u0131n Avropaya qaz qambiti &#8211; Rusiya \u00fc\u00e7\u00fcn yax\u015f\u0131 x\u0259b\u0259rdir&#8221; ba\u015fl\u0131ql\u0131 m\u0259qal\u0259, Az\u0259rbaycan\u0131n Prezident Administrasiyas\u0131n\u0131n Xarici siyas\u0259t m\u0259s\u0259l\u0259l\u0259ri \u015f\u00f6b\u0259sinin m\u00fcdiri Hikm\u0259t Hac\u0131yev t\u0259r\u0259find\u0259n dezinformasiyan\u0131n \u00e7irkin n\u00fcmun\u0259si kimi t\u0259nqid edilib. ARANTV.AZ\u00a0 x\u0259b\u0259r verir ki, Hikm\u0259t Hac\u0131yev &#8220;X&#8221; sosial \u015f\u0259b\u0259k\u0259 platformas\u0131nda yazd\u0131\u011f\u0131 \u015f\u0259rhd\u0259, m\u0259qal\u0259d\u0259 pe\u015f\u0259kar fakt yoxlan\u0131\u015f\u0131n\u0131n olmad\u0131\u011f\u0131n\u0131 v\u0259 yaz\u0131n\u0131n spekulyasiya v\u0259 \u015fayi\u0259l\u0259rl\u0259 dolu oldu\u011funu&hellip;","_links":{"self":[{"href":"https:\/\/arantv.az\/index.php?rest_route=\/wp\/v2\/posts\/770411"}],"collection":[{"href":"https:\/\/arantv.az\/index.php?rest_route=\/wp\/v2\/posts"}],"about":[{"href":"https:\/\/arantv.az\/index.php?rest_route=\/wp\/v2\/types\/post"}],"author":[{"embeddable":true,"href":"https:\/\/arantv.az\/index.php?rest_route=\/wp\/v2\/users\/2"}],"replies":[{"embeddable":true,"href":"https:\/\/arantv.az\/index.php?rest_route=%2Fwp%2Fv2%2Fcomments&post=770411"}],"version-history":[{"count":1,"href":"https:\/\/arantv.az\/index.php?rest_route=\/wp\/v2\/posts\/770411\/revisions"}],"predecessor-version":[{"id":770413,"href":"https:\/\/arantv.az\/index.php?rest_route=\/wp\/v2\/posts\/770411\/revisions\/770413"}],"wp:featuredmedia":[{"embeddable":true,"href":"https:\/\/arantv.az\/index.php?rest_route=\/wp\/v2\/media\/770412"}],"wp:attachment":[{"href":"https:\/\/arantv.az\/index.php?rest_route=%2Fwp%2Fv2%2Fmedia&parent=770411"}],"wp:term":[{"taxonomy":"category","embeddable":true,"href":"https:\/\/arantv.az\/index.php?rest_route=%2Fwp%2Fv2%2Fcategories&post=770411"},{"taxonomy":"post_tag","embeddable":true,"href":"https:\/\/arantv.az\/index.php?rest_route=%2Fwp%2Fv2%2Ftags&post=770411"}],"curies":[{"name":"wp","href":"https:\/\/api.w.org\/{rel}","templated":true}]}}