{"id":770414,"date":"2024-11-22T07:10:23","date_gmt":"2024-11-22T03:10:23","guid":{"rendered":"https:\/\/arantv.az\/?p=770414"},"modified":"2024-11-22T07:10:23","modified_gmt":"2024-11-22T03:10:23","slug":"ceyhun-bayramov-ozb%c9%99kistanli-h%c9%99mkari-il%c9%99-%c9%99m%c9%99kdasliq-gund%c9%99liyind%c9%99-duran-m%c9%99s%c9%99l%c9%99l%c9%99ri-muzakir%c9%99-edib","status":"publish","type":"post","link":"https:\/\/arantv.az\/?p=770414","title":{"rendered":"Ceyhun Bayramov \u00f6zb\u0259kistanl\u0131 h\u0259mkar\u0131 il\u0259 \u0259m\u0259kda\u015fl\u0131q g\u00fcnd\u0259liyind\u0259 duran m\u0259s\u0259l\u0259l\u0259ri m\u00fczakir\u0259 edib"},"content":{"rendered":"<p>Az\u0259rbaycan\u0131n xarici i\u015fl\u0259r naziri Ceyhun Bayramov v\u0259 \u00d6zb\u0259kistan\u0131n xarici i\u015fl\u0259r naziri Baxtiyor Saidov aras\u0131nda telefon dan\u0131\u015f\u0131\u011f\u0131 ba\u015f tutub.<\/p>\n<p>Bu bar\u0259d\u0259 Musavat.com-a Az\u0259rbaycan\u0131n Xarici \u0130\u015fl\u0259r Nazirliyind\u0259n m\u0259lumat verilib.<\/p>\n<p>Bildirilib ki, C.Bayramov h\u0259mkar\u0131 Baxtiyor Saidovu yenid\u0259n xarici i\u015fl\u0259r naziri t\u0259yin olunmas\u0131 m\u00fcnasib\u0259til\u0259 t\u0259brik edib v\u0259 ona f\u0259aliyy\u0259tind\u0259 davaml\u0131 u\u011furlar arzulay\u0131b.<\/p>\n<p>Nazirl\u0259r iki \u00f6lk\u0259 aras\u0131nda qarda\u015fl\u0131q, dostluq v\u0259 m\u00fctt\u0259fiqlik m\u00fcnasib\u0259tl\u0259ri \u00e7\u0259r\u00e7iv\u0259sind\u0259 \u0259m\u0259kda\u015fl\u0131q g\u00fcnd\u0259liyind\u0259 duran m\u0259s\u0259l\u0259l\u0259ri, habel\u0259 m\u00f6vcud regional v\u0259ziyy\u0259ti m\u00fczakir\u0259 edibl\u0259r.<\/p>\n<p>Telefon dan\u0131\u015f\u0131\u011f\u0131nda, h\u0259m\u00e7inin beyn\u0259lxalq platformalarda da \u0259m\u0259kda\u015fl\u0131q v\u0259 qar\u015f\u0131l\u0131ql\u0131 d\u0259st\u0259k m\u0259s\u0259l\u0259l\u0259ri m\u0259mnunluqla vur\u011fulan\u0131b.<\/p>\n","protected":false},"excerpt":{"rendered":"<p>Az\u0259rbaycan\u0131n xarici i\u015fl\u0259r naziri Ceyhun Bayramov v\u0259 \u00d6zb\u0259kistan\u0131n xarici i\u015fl\u0259r naziri Baxtiyor Saidov aras\u0131nda telefon dan\u0131\u015f\u0131\u011f\u0131 ba\u015f tutub. Bu bar\u0259d\u0259 Musavat.com-a Az\u0259rbaycan\u0131n Xarici \u0130\u015fl\u0259r Nazirliyind\u0259n m\u0259lumat verilib. Bildirilib ki, C.Bayramov h\u0259mkar\u0131 Baxtiyor Saidovu yenid\u0259n xarici i\u015fl\u0259r naziri t\u0259yin olunmas\u0131 m\u00fcnasib\u0259til\u0259 t\u0259brik edib v\u0259 ona f\u0259aliyy\u0259tind\u0259 davaml\u0131 u\u011furlar arzulay\u0131b. Nazirl\u0259r iki \u00f6lk\u0259 aras\u0131nda qarda\u015fl\u0131q, dostluq v\u0259 m\u00fctt\u0259fiqlik m\u00fcnasib\u0259tl\u0259ri \u00e7\u0259r\u00e7iv\u0259sind\u0259 \u0259m\u0259kda\u015fl\u0131q g\u00fcnd\u0259liyind\u0259 duran m\u0259s\u0259l\u0259l\u0259ri, habel\u0259 m\u00f6vcud regional v\u0259ziyy\u0259ti m\u00fczakir\u0259 edibl\u0259r. Telefon dan\u0131\u015f\u0131\u011f\u0131nda, h\u0259m\u00e7inin beyn\u0259lxalq platformalarda da \u0259m\u0259kda\u015fl\u0131q v\u0259 qar\u015f\u0131l\u0131ql\u0131 d\u0259st\u0259k m\u0259s\u0259l\u0259l\u0259ri m\u0259mnunluqla vur\u011fulan\u0131b.<\/p>\n","protected":false},"author":2,"featured_media":770415,"comment_status":"closed","ping_status":"closed","sticky":false,"template":"","format":"standard","meta":{"om_disable_all_campaigns":false,"_monsterinsights_skip_tracking":false,"_monsterinsights_sitenote_active":false,"_monsterinsights_sitenote_note":"","_monsterinsights_sitenote_category":0},"categories":[4],"tags":[],"aioseo_notices":[],"gutentor_comment":0,"rttpg_featured_image_url":{"full":["https:\/\/arantv.az\/wp-content\/uploads\/2024\/11\/b884849684c232f2a78e91eb13e2d95f.jpg",850,500,false],"landscape":["https:\/\/arantv.az\/wp-content\/uploads\/2024\/11\/b884849684c232f2a78e91eb13e2d95f.jpg",850,500,false],"portraits":["https:\/\/arantv.az\/wp-content\/uploads\/2024\/11\/b884849684c232f2a78e91eb13e2d95f.jpg",850,500,false],"thumbnail":["https:\/\/arantv.az\/wp-content\/uploads\/2024\/11\/b884849684c232f2a78e91eb13e2d95f-500x280.jpg",500,280,true],"medium":["https:\/\/arantv.az\/wp-content\/uploads\/2024\/11\/b884849684c232f2a78e91eb13e2d95f-621x365.jpg",621,365,true],"large":["https:\/\/arantv.az\/wp-content\/uploads\/2024\/11\/b884849684c232f2a78e91eb13e2d95f-840x494.jpg",640,376,true],"1536x1536":["https:\/\/arantv.az\/wp-content\/uploads\/2024\/11\/b884849684c232f2a78e91eb13e2d95f.jpg",850,500,false],"2048x2048":["https:\/\/arantv.az\/wp-content\/uploads\/2024\/11\/b884849684c232f2a78e91eb13e2d95f.jpg",850,500,false],"post-thumbnail":["https:\/\/arantv.az\/wp-content\/uploads\/2024\/11\/b884849684c232f2a78e91eb13e2d95f-240x172.jpg",240,172,true],"advps-thumb-one":["https:\/\/arantv.az\/wp-content\/uploads\/2024\/11\/b884849684c232f2a78e91eb13e2d95f.jpg",850,500,false]},"rttpg_author":{"display_name":"V\u00fcsal Rafiqo\u011flu","author_link":"https:\/\/arantv.az\/?author=2"},"rttpg_comment":0,"rttpg_category":"<a href=\"https:\/\/arantv.az\/?cat=4\" rel=\"category\">Siyas\u0259t<\/a>","rttpg_excerpt":"Az\u0259rbaycan\u0131n xarici i\u015fl\u0259r naziri Ceyhun Bayramov v\u0259 \u00d6zb\u0259kistan\u0131n xarici i\u015fl\u0259r naziri Baxtiyor Saidov aras\u0131nda telefon dan\u0131\u015f\u0131\u011f\u0131 ba\u015f tutub. Bu bar\u0259d\u0259 Musavat.com-a Az\u0259rbaycan\u0131n Xarici \u0130\u015fl\u0259r Nazirliyind\u0259n m\u0259lumat verilib. Bildirilib ki, C.Bayramov h\u0259mkar\u0131 Baxtiyor Saidovu yenid\u0259n xarici i\u015fl\u0259r naziri t\u0259yin olunmas\u0131 m\u00fcnasib\u0259til\u0259 t\u0259brik edib v\u0259 ona f\u0259aliyy\u0259tind\u0259 davaml\u0131 u\u011furlar arzulay\u0131b. Nazirl\u0259r iki \u00f6lk\u0259 aras\u0131nda qarda\u015fl\u0131q, dostluq v\u0259&hellip;","_links":{"self":[{"href":"https:\/\/arantv.az\/index.php?rest_route=\/wp\/v2\/posts\/770414"}],"collection":[{"href":"https:\/\/arantv.az\/index.php?rest_route=\/wp\/v2\/posts"}],"about":[{"href":"https:\/\/arantv.az\/index.php?rest_route=\/wp\/v2\/types\/post"}],"author":[{"embeddable":true,"href":"https:\/\/arantv.az\/index.php?rest_route=\/wp\/v2\/users\/2"}],"replies":[{"embeddable":true,"href":"https:\/\/arantv.az\/index.php?rest_route=%2Fwp%2Fv2%2Fcomments&post=770414"}],"version-history":[{"count":1,"href":"https:\/\/arantv.az\/index.php?rest_route=\/wp\/v2\/posts\/770414\/revisions"}],"predecessor-version":[{"id":770416,"href":"https:\/\/arantv.az\/index.php?rest_route=\/wp\/v2\/posts\/770414\/revisions\/770416"}],"wp:featuredmedia":[{"embeddable":true,"href":"https:\/\/arantv.az\/index.php?rest_route=\/wp\/v2\/media\/770415"}],"wp:attachment":[{"href":"https:\/\/arantv.az\/index.php?rest_route=%2Fwp%2Fv2%2Fmedia&parent=770414"}],"wp:term":[{"taxonomy":"category","embeddable":true,"href":"https:\/\/arantv.az\/index.php?rest_route=%2Fwp%2Fv2%2Fcategories&post=770414"},{"taxonomy":"post_tag","embeddable":true,"href":"https:\/\/arantv.az\/index.php?rest_route=%2Fwp%2Fv2%2Ftags&post=770414"}],"curies":[{"name":"wp","href":"https:\/\/api.w.org\/{rel}","templated":true}]}}