{"id":770492,"date":"2024-11-22T15:25:39","date_gmt":"2024-11-22T11:25:39","guid":{"rendered":"https:\/\/arantv.az\/?p=770492"},"modified":"2024-11-22T15:25:39","modified_gmt":"2024-11-22T11:25:39","slug":"kicik-ada-dovl%c9%99tl%c9%99rinin-uzl%c9%99sdiyi-cagirislarin-aradan-qaldirilmasi-cop29-da-az%c9%99rbaycanin-gost%c9%99rdiyi-s%c9%99yl%c9%99rin-%c9%99sasini-t%c9%99skil-edir","status":"publish","type":"post","link":"https:\/\/arantv.az\/?p=770492","title":{"rendered":"Ki\u00e7ik ada D\u00f6vl\u0259tl\u0259rinin \u00fczl\u0259\u015fdiyi \u00e7a\u011f\u0131r\u0131\u015flar\u0131n aradan qald\u0131r\u0131lmas\u0131 COP29-da Az\u0259rbaycan\u0131n g\u00f6st\u0259rdiyi s\u0259yl\u0259rin \u0259sas\u0131n\u0131 t\u0259\u015fkil edir"},"content":{"rendered":"<p>Noyabr\u0131n 13-d\u0259 Bak\u0131da COP29 \u00e7\u0259r\u00e7iv\u0259sind\u0259 inki\u015faf etm\u0259kd\u0259 olan ki\u00e7ik ada d\u00f6vl\u0259tl\u0259rinin Sammiti ke\u00e7irilib. Az\u0259rbaycan Respublikas\u0131n\u0131n Prezidenti \u0130lham \u018fliyev t\u0259dbird\u0259 i\u015ftirak edib. \u0130qlim d\u0259yi\u015fm\u0259l\u0259rinin \u0259n k\u0259skin t\u0259siri il\u0259 \u00fczl\u0259\u015f\u0259n \u00f6lk\u0259l\u0259rin s\u0259si ilk d\u0259f\u0259 m\u0259hz Bak\u0131da t\u0259\u015fkil edil\u0259n qlobal arenada e\u015fidildi. T\u0259dbird\u0259ki \u00e7\u0131x\u0131\u015f\u0131nda \u201cAz\u0259rbaycan ki\u00e7ik ada d\u00f6vl\u0259tl\u0259rin\u0259 \u00f6z\u00fcn\u00fcn birm\u0259nal\u0131 d\u0259st\u0259yini n\u00fcmayi\u015f etdirir\u201d dey\u0259n d\u00f6vl\u0259timizin ba\u015f\u00e7\u0131s\u0131 bildirdi ki, h\u0259min \u00f6lk\u0259l\u0259rin \u00fczl\u0259\u015fdiyi \u00e7a\u011f\u0131r\u0131\u015flar\u0131n aradan qald\u0131r\u0131lmas\u0131 COP29-da Az\u0259rbaycan\u0131n g\u00f6st\u0259rdiyi s\u0259yl\u0259rin \u0259sas\u0131n\u0131 t\u0259\u015fkil edir.<\/p>\n<p>Sammit iqlim d\u0259yi\u015fm\u0259l\u0259rinin m\u0259nfi t\u0259sirin\u0259 x\u00fcsus\u0259n m\u0259ruz qalan inki\u015faf etm\u0259kd\u0259 olan ki\u00e7ik ada d\u00f6vl\u0259tl\u0259rin\u0259 h\u0259sr olunmu\u015fdur, geni\u015f m\u00fczakir\u0259l\u0259r iqlim d\u0259yi\u015fm\u0259l\u0259rinin \u0259n k\u0259skin t\u0259siri il\u0259 \u00fczl\u0259\u015f\u0259n \u00f6lk\u0259l\u0259rin r\u0259hb\u0259rl\u0259ri il\u0259 apar\u0131lm\u0131\u015fd\u0131r. H\u0259m\u00e7inin vur\u011fulanm\u0131\u015fd\u0131r ki, Az\u0259rbaycan iqtisadiyyat\u0131n\u0131n tam v\u0259 yaddaqalan transformasiyas\u0131na nail olmu\u015fdur, iqlim f\u0259aliyy\u0259tind\u0259 rolunun artmas\u0131, g\u00fccl\u00fc beyn\u0259lxalq t\u0259r\u0259fda\u015fl\u0131qlar\u0131n qurulmas\u0131, x\u00fcsus\u0259n d\u0259 BMT, Qo\u015fulmama H\u0259r\u0259kat\u0131 v\u0259 Mill\u0259tl\u0259r Birliyi kimi t\u0259\u015fkilatlar vasit\u0259sil\u0259 \u0259m\u0259kda\u015fl\u0131\u011f\u0131n g\u00fccl\u0259ndirilm\u0259si son ill\u0259rd\u0259 \u015fahid oldu\u011fumuz u\u011furlar\u0131n ki\u00e7ik bir hiss\u0259sidir. H\u0259min t\u0259\u015fkilatlarda Az\u0259rbaycan dayan\u0131ql\u0131 iqtisadi art\u0131m v\u0259 m\u00fcqavim\u0259t g\u00fcc\u00fcn\u00fc t\u0259\u015fviq edib.<\/p>\n<p>Prezident \u0130lham \u018fliyevin h\u0259r bir \u00e7\u0131x\u0131\u015f\u0131 b\u0259zi d\u00fcnya g\u00fccl\u0259rin\u0259 \u00e7a\u011f\u0131r\u0131\u015flar\u0131 il\u0259 z\u0259ngindir. Prezident \u0130lham \u018fliyev Sammitd\u0259ki \u00e7\u0131x\u0131\u015f\u0131nda da Avropa t\u0259sisatlar\u0131na x\u0259b\u0259rdarl\u0131q etdi. Bildirdi ki, \u0259g\u0259r Avropan\u0131n \u0259sas diplomat\u0131 Cozep Borrell Avropan\u0131 ba\u011f, d\u00fcnyan\u0131n qalan hiss\u0259sini is\u0259 c\u0259ng\u0259llik adland\u0131r\u0131rsa, onda Avropa Parlamenti il\u0259 Avropa \u015euras\u0131 Parlament Assambleyas\u0131ndan daha n\u0259 g\u00f6zl\u0259m\u0259k olar?! \u018fg\u0259r biz c\u0259ng\u0259llikiks\u0259, onda bizd\u0259n k\u0259nar durun v\u0259 i\u015fl\u0259rimiz\u0259 qar\u0131\u015fmay\u0131n. Az\u0259rbaycan Qo\u015fulmama H\u0259r\u0259kat\u0131n\u0131n s\u0259dri kimi ki\u00e7ik ada d\u00f6vl\u0259tl\u0259rin\u0259 d\u0259st\u0259k verib, COP29-un s\u0259dri kimi onlar\u0131 d\u0259st\u0259kl\u0259y\u0259c\u0259k v\u0259 g\u0259l\u0259c\u0259kd\u0259 dostlar\u0131m\u0131z\u0131 d\u0259st\u0259kl\u0259m\u0259kd\u0259 davam ed\u0259c\u0259k. Prezident \u0130lham \u018fliyevin h\u0259r iki t\u0259dbird\u0259ki \u00e7\u0131x\u0131\u015f\u0131nda s\u0259sl\u0259ndirdiyi \u00f6n\u0259mli fikirl\u0259r D\u00f6vl\u0259timizin ba\u015f\u00e7\u0131s\u0131 inki\u015faf etm\u0259kd\u0259 olan ki\u00e7ik ada d\u00f6vl\u0259tl\u0259rinin Sammitind\u0259ki \u00e7\u0131x\u0131\u015f\u0131nda x\u00fcsusi qeyd etdi ki, COP29-un ev sahibi se\u00e7ildikd\u0259n sonra Az\u0259rbaycan\u0131n inki\u015faf ed\u0259n ki\u00e7ik ada d\u00f6vl\u0259tl\u0259ri il\u0259 m\u00fcnasib\u0259tl\u0259ri yeni, daha y\u00fcks\u0259k s\u0259viyy\u0259y\u0259 qalx\u0131b. Ki\u00e7ik ada d\u00f6vl\u0259tl\u0259rinin s\u0259si qlobal arenada e\u015fidilm\u0259lidir. Prezident \u0130lham \u018fliyev inki\u015faf etmi\u015f b\u00fct\u00fcn \u00f6lk\u0259l\u0259r\u0259, x\u00fcsus\u0259n d\u0259 m\u00fcst\u0259ml\u0259k\u0259 ke\u00e7mi\u015fi olan \u00f6lk\u0259l\u0259r\u0259 m\u00fcraci\u0259t etdi ki, ki\u00e7ik ada d\u00f6vl\u0259tl\u0259rin\u0259 maddi v\u0259 texniki d\u0259st\u0259k g\u00f6st\u0259rsinl\u0259r ki, onlar \u00f6lk\u0259l\u0259rini iqlim d\u0259yi\u015fm\u0259l\u0259rinin f\u0259sadlar\u0131ndan qoruya bilsinl\u0259r. Az\u0259rbaycan ki\u00e7ik ada d\u00f6vl\u0259tl\u0259rin\u0259 \u00f6z\u00fcn\u00fcn birm\u0259nal\u0131 d\u0259st\u0259yini n\u00fcmayi\u015f etdirir.<\/p>\n<p>Biz Qo\u015fulmama H\u0259r\u0259kat\u0131na s\u0259drliyimiz zaman\u0131 80-d\u0259n art\u0131q \u00f6lk\u0259y\u0259, o c\u00fcml\u0259d\u0259n 20 ki\u00e7ik ada \u00f6lk\u0259sin\u0259 yard\u0131m g\u00f6st\u0259rmi\u015fik. H\u0259min \u00f6lk\u0259l\u0259rin \u00fczl\u0259\u015fdiyi probleml\u0259rin aradan qald\u0131r\u0131lmas\u0131 Az\u0259rbaycan\u0131n COP29-da g\u00f6st\u0259rdiyi s\u0259yl\u0259rin m\u0259rk\u0259zind\u0259dir. Baham Adalar\u0131, Tonqa v\u0259 Tuvalunun r\u0259hb\u0259rl\u0259rinin bu ilin may\u0131nda \u00f6lk\u0259miz\u0259 s\u0259f\u0259ri \u00e7\u0259r\u00e7iv\u0259sind\u0259 q\u0259bul olunmu\u015f Bak\u0131 Komm\u00fcnikesind\u0259 COP29-un v\u0259 iqlim maliyy\u0259l\u0259\u015fm\u0259sin\u0259 \u00e7\u0131x\u0131\u015f\u0131n vacibliyinin x\u00fcsusi vur\u011fuland\u0131\u011f\u0131n\u0131 xat\u0131rladan d\u00f6vl\u0259timizin ba\u015f\u00e7\u0131s\u0131 bildirib: \u201cBu ilin sentyabr\u0131nda \u0130tki v\u0259 Z\u0259r\u0259rl\u0259r Fondunun f\u0259aliyy\u0259t\u0259 ba\u015flamas\u0131 il\u0259 \u0259laq\u0259dar Bak\u0131da ciddi ir\u0259lil\u0259yi\u015f \u0259ld\u0259 olundu. Haz\u0131rda proses ehtiyac duyan \u00f6lk\u0259l\u0259r\u0259, x\u00fcsus\u0259n d\u0259 ki\u00e7ik ada d\u00f6vl\u0259tl\u0259rin\u0259 maliyy\u0259nin verilm\u0259si \u00fc\u00e7\u00fcn tamamlanmal\u0131d\u0131r\u201d.<\/p>\n<p>\u018flav\u0259 olaraq qeyd etm\u0259k laz\u0131md\u0131r ki, \u00f6lk\u0259l\u0259rin 73%-i iqlim x\u0259rcl\u0259rini i\u015far\u0259l\u0259mir v\u0259 ya yaln\u0131z daxili iqlim maliyy\u0259sini izl\u0259m\u0259k \u00fc\u00e7\u00fcn mexanizml\u0259r\u0259 malikdir. Bu is\u0259 \u00f6z n\u00f6vb\u0259sind\u0259 h\u00f6kum\u0259tin birba\u015fa v\u0259 dolay\u0131 iqlim x\u0259rcl\u0259rinin izl\u0259nm\u0259sini z\u0259ifl\u0259dir. Eyni zamanda, iqlim f\u0259aliyy\u0259tin\u0259 c\u0259lb olunan \u00f6z\u0259l sektorun investisiyalar\u0131 \u00fczr\u0259 d\u0259 izl\u0259nm\u0259 mexanizml\u0259rind\u0259 \u00e7at\u0131\u015fmazl\u0131qlar m\u00f6vcuddur.<\/p>\n<p>Az\u0259rbaycan COVID-19 pandemiyas\u0131 d\u00f6vr\u00fcnd\u0259 Afrika v\u0259 inki\u015faf etm\u0259kd\u0259 olan ki\u00e7ik ada d\u00f6vl\u0259tl\u0259rin\u0259 maddi yard\u0131mlar g\u00f6st\u0259rdi. Prezident \u0130lham \u018fliyev \u201cpeyv\u0259nd mill\u0259t\u00e7iliyi\u201dn\u0259 qar\u015f\u0131 m\u00fcbariz\u0259 \u00e7a\u011f\u0131r\u0131\u015f\u0131 il\u0259 vaksinl\u0259rin \u0259dal\u0259tli b\u00f6l\u00fcnm\u0259si t\u0259\u015f\u0259bb\u00fcs\u00fcn\u00fc ir\u0259li s\u00fcrd\u00fc. Haz\u0131rki d\u00f6vrd\u0259 neokolonializm meyill\u0259rinin artmas\u0131ndan narahatl\u0131\u011f\u0131n\u0131 Bak\u0131 T\u0259\u015f\u0259bb\u00fcs Qrupunu yaratmaqla bildir\u0259n Az\u0259rbaycan\u0131n q\u0131sa m\u00fcdd\u0259td\u0259 g\u00f6rd\u00fcy\u00fc i\u015fl\u0259r beyn\u0259lxalq s\u0259viyy\u0259d\u0259 d\u0259st\u0259kl\u0259nir. Fransan\u0131n beyn\u0259lxalq h\u00fcquqa v\u0259 \u0259dal\u0259t\u0259 zidd olan m\u00fcst\u0259ml\u0259k\u0259\u00e7ilik siyas\u0259ti Prezident \u0130lham \u018fliyev t\u0259r\u0259find\u0259n Qo\u015fulmama H\u0259r\u0259kat\u0131n\u0131n sammitl\u0259rind\u0259 d\u0259 g\u00fcnd\u0259m\u0259 g\u0259tirildi, q\u0131nan\u0131ld\u0131. T\u0259bii ki, Fransan\u0131n bu m\u0259nfur siyas\u0259tin\u0259 son qoymas\u0131 \u00fc\u00e7\u00fcn dig\u0259r d\u00f6vl\u0259tl\u0259rin d\u0259 Az\u0259rbaycan\u0131n \u0259dal\u0259tli m\u00f6vqeyini d\u0259st\u0259kl\u0259m\u0259sin\u0259 b\u00f6y\u00fck z\u0259rur\u0259t var. Son ill\u0259rd\u0259 neokolonializm\u0259 qar\u015f\u0131 m\u00fcbariz\u0259 b\u00fct\u00fcn Afrika \u00f6lk\u0259l\u0259rini b\u00fcr\u00fcy\u00fcb. Fransan\u0131n Avropadan k\u0259narda idar\u0259 etdiyi \u0259razil\u0259rd\u0259 t\u00f6r\u0259tdiyi q\u0259tliamlar\u0131, soyq\u0131r\u0131mlar\u0131 t\u0259sdiql\u0259y\u0259n xeyli sayda faktlar var. D\u00f6vl\u0259timizin ba\u015f\u00e7\u0131s\u0131 s\u00f6z\u00fcged\u0259n Sammitd\u0259ki \u00e7\u0131x\u0131\u015f\u0131nda bu faktlar\u0131 da diqq\u0259t\u0259 \u00e7atd\u0131rd\u0131 ki, Yeni Kaledoniya, Fransa Polineziyas\u0131, Mayot, Vallis v\u0259 Futuna, Korsika, Reunion, Qvadelupa, Martinika, Fransa Qvianas\u0131, Sen-Pyer v\u0259 Mikelon, Sent-Mert v\u0259 Sent Varfolomey kimi Fransa m\u00fcst\u0259ml\u0259k\u0259l\u0259rinin xalqlar\u0131, el\u0259c\u0259 d\u0259 Niderland\u0131n Aruba, Kurasao, S\u0259nt-Maarten, Boneyr, Sent Yefstaxiy v\u0259 Saba kimi m\u00fcst\u0259ml\u0259k\u0259l\u0259rinin xalqlar\u0131 bu g\u00fcn &#8211; XXI \u0259srd\u0259 d\u0259 m\u00fcst\u0259ml\u0259k\u0259 hakimiyy\u0259tind\u0259n \u0259ziyy\u0259t \u00e7\u0259kirl\u0259r. Haz\u0131rda Fransa Polineziyas\u0131 v\u0259 Yeni Kaledoniya 1946-1947-ci ill\u0259rd\u0259 BMT t\u0259r\u0259find\u0259n qeyri-\u00f6z\u00fcn\u00fc idar\u0259 ed\u0259n \u0259razil\u0259r kimi tan\u0131n\u0131r. Bununla bel\u0259, onlar\u0131n dekolonizasiya prosesi h\u0259l\u0259 d\u0259 yuban\u0131r. 1966-1996-c\u0131 ill\u0259r \u0259rzind\u0259 Fransa Polineziyas\u0131 Fransan\u0131n apard\u0131\u011f\u0131 193 n\u00fcv\u0259 s\u0131na\u011f\u0131 s\u0259b\u0259bind\u0259n \u0259traf m\u00fchitin ciddi pozulmas\u0131 il\u0259 \u00fczl\u0259\u015fib. Fransa orada torpaq v\u0259 suyun k\u0259skin d\u0259r\u0259c\u0259d\u0259 z\u0259h\u0259rl\u0259nm\u0259si v\u0259 radiasiyas\u0131na g\u00f6r\u0259 m\u0259suliyy\u0259t da\u015f\u0131y\u0131r. Radiasiya s\u0259viyy\u0259si 4900 faizi ke\u00e7ib. \u018fg\u0259r buna Fransan\u0131n \u018flc\u0259zaird\u0259 ill\u0259r boyu i\u015f\u011fal\u0131 zaman\u0131 h\u0259yata ke\u00e7irdiyi 17 n\u00fcv\u0259 s\u0131na\u011f\u0131n\u0131 da \u0259lav\u0259 ets\u0259k, h\u0259min \u00f6lk\u0259 t\u0259r\u0259find\u0259n planetin ekosistemin\u0259 hans\u0131 z\u0259r\u0259rin vuruldu\u011funu g\u00f6r\u0259rik.<\/p>\n<p>\u00dcmumiyy\u0259tl\u0259 apar\u0131lan m\u00fczakir\u0259l\u0259rin dayan\u0131ql\u0131 v\u0259 uzunm\u00fcdd\u0259tli n\u0259tic\u0259l\u0259r ver\u0259c\u0259yin\u0259 \u00fcmid edirik. COP29 iqlim d\u0259yi\u015fikliyind\u0259n \u0259ziyy\u0259t \u00e7\u0259k\u0259n h\u0259r k\u0259sin s\u0259sini \u00e7atd\u0131rmaq \u00fc\u00e7\u00fcn \u0259n effektiv platforma olaraq yadda qalacaqd\u0131r.<\/p>\n<p>&nbsp;<\/p>\n<p>V\u00fcqar Babayev, YAP B\u0259rd\u0259 rayon t\u0259\u015fkilat\u0131 f\u0259al\u0131, B\u0259rd\u0259 D\u00f6vl\u0259t Pe\u015f\u0259 T\u0259hsil M\u0259rk\u0259zinin \u0130nsan resurslar\u0131 v\u0259 x\u00fcsusi i\u015fl\u0259r \u00fczr\u0259 m\u00fct\u0259x\u0259sisi<\/p>\n","protected":false},"excerpt":{"rendered":"<p>Noyabr\u0131n 13-d\u0259 Bak\u0131da COP29 \u00e7\u0259r\u00e7iv\u0259sind\u0259 inki\u015faf etm\u0259kd\u0259 olan ki\u00e7ik ada d\u00f6vl\u0259tl\u0259rinin Sammiti ke\u00e7irilib. Az\u0259rbaycan Respublikas\u0131n\u0131n Prezidenti \u0130lham \u018fliyev t\u0259dbird\u0259 i\u015ftirak edib. \u0130qlim d\u0259yi\u015fm\u0259l\u0259rinin \u0259n k\u0259skin t\u0259siri il\u0259 \u00fczl\u0259\u015f\u0259n \u00f6lk\u0259l\u0259rin s\u0259si ilk d\u0259f\u0259 m\u0259hz Bak\u0131da t\u0259\u015fkil edil\u0259n qlobal arenada e\u015fidildi. T\u0259dbird\u0259ki \u00e7\u0131x\u0131\u015f\u0131nda \u201cAz\u0259rbaycan ki\u00e7ik ada d\u00f6vl\u0259tl\u0259rin\u0259 \u00f6z\u00fcn\u00fcn birm\u0259nal\u0131 d\u0259st\u0259yini n\u00fcmayi\u015f etdirir\u201d dey\u0259n d\u00f6vl\u0259timizin ba\u015f\u00e7\u0131s\u0131 bildirdi ki, h\u0259min \u00f6lk\u0259l\u0259rin \u00fczl\u0259\u015fdiyi \u00e7a\u011f\u0131r\u0131\u015flar\u0131n aradan qald\u0131r\u0131lmas\u0131 COP29-da Az\u0259rbaycan\u0131n g\u00f6st\u0259rdiyi s\u0259yl\u0259rin \u0259sas\u0131n\u0131 t\u0259\u015fkil edir. Sammit iqlim d\u0259yi\u015fm\u0259l\u0259rinin m\u0259nfi t\u0259sirin\u0259 x\u00fcsus\u0259n m\u0259ruz qalan inki\u015faf etm\u0259kd\u0259 olan ki\u00e7ik ada d\u00f6vl\u0259tl\u0259rin\u0259 h\u0259sr olunmu\u015fdur, geni\u015f m\u00fczakir\u0259l\u0259r iqlim d\u0259yi\u015fm\u0259l\u0259rinin \u0259n k\u0259skin&hellip;<\/p>\n","protected":false},"author":2,"featured_media":770493,"comment_status":"closed","ping_status":"closed","sticky":false,"template":"","format":"standard","meta":{"om_disable_all_campaigns":false,"_monsterinsights_skip_tracking":false,"_monsterinsights_sitenote_active":false,"_monsterinsights_sitenote_note":"","_monsterinsights_sitenote_category":0},"categories":[2],"tags":[],"aioseo_notices":[],"gutentor_comment":0,"rttpg_featured_image_url":{"full":["https:\/\/arantv.az\/wp-content\/uploads\/2024\/11\/IMG-20241122-WA0036.jpg",1147,1200,false],"landscape":["https:\/\/arantv.az\/wp-content\/uploads\/2024\/11\/IMG-20241122-WA0036.jpg",1147,1200,false],"portraits":["https:\/\/arantv.az\/wp-content\/uploads\/2024\/11\/IMG-20241122-WA0036.jpg",1147,1200,false],"thumbnail":["https:\/\/arantv.az\/wp-content\/uploads\/2024\/11\/IMG-20241122-WA0036-500x280.jpg",500,280,true],"medium":["https:\/\/arantv.az\/wp-content\/uploads\/2024\/11\/IMG-20241122-WA0036-349x365.jpg",349,365,true],"large":["https:\/\/arantv.az\/wp-content\/uploads\/2024\/11\/IMG-20241122-WA0036-803x840.jpg",640,669,true],"1536x1536":["https:\/\/arantv.az\/wp-content\/uploads\/2024\/11\/IMG-20241122-WA0036.jpg",1147,1200,false],"2048x2048":["https:\/\/arantv.az\/wp-content\/uploads\/2024\/11\/IMG-20241122-WA0036.jpg",1147,1200,false],"post-thumbnail":["https:\/\/arantv.az\/wp-content\/uploads\/2024\/11\/IMG-20241122-WA0036-240x172.jpg",240,172,true],"advps-thumb-one":["https:\/\/arantv.az\/wp-content\/uploads\/2024\/11\/IMG-20241122-WA0036-1147x620.jpg",1147,620,true]},"rttpg_author":{"display_name":"V\u00fcsal Rafiqo\u011flu","author_link":"https:\/\/arantv.az\/?author=2"},"rttpg_comment":0,"rttpg_category":"<a href=\"https:\/\/arantv.az\/?cat=2\" rel=\"category\">Region X\u0259b\u0259rl\u0259ri<\/a>","rttpg_excerpt":"Noyabr\u0131n 13-d\u0259 Bak\u0131da COP29 \u00e7\u0259r\u00e7iv\u0259sind\u0259 inki\u015faf etm\u0259kd\u0259 olan ki\u00e7ik ada d\u00f6vl\u0259tl\u0259rinin Sammiti ke\u00e7irilib. Az\u0259rbaycan Respublikas\u0131n\u0131n Prezidenti \u0130lham \u018fliyev t\u0259dbird\u0259 i\u015ftirak edib. \u0130qlim d\u0259yi\u015fm\u0259l\u0259rinin \u0259n k\u0259skin t\u0259siri il\u0259 \u00fczl\u0259\u015f\u0259n \u00f6lk\u0259l\u0259rin s\u0259si ilk d\u0259f\u0259 m\u0259hz Bak\u0131da t\u0259\u015fkil edil\u0259n qlobal arenada e\u015fidildi. T\u0259dbird\u0259ki \u00e7\u0131x\u0131\u015f\u0131nda \u201cAz\u0259rbaycan ki\u00e7ik ada d\u00f6vl\u0259tl\u0259rin\u0259 \u00f6z\u00fcn\u00fcn birm\u0259nal\u0131 d\u0259st\u0259yini n\u00fcmayi\u015f etdirir\u201d dey\u0259n d\u00f6vl\u0259timizin ba\u015f\u00e7\u0131s\u0131 bildirdi ki,&hellip;","_links":{"self":[{"href":"https:\/\/arantv.az\/index.php?rest_route=\/wp\/v2\/posts\/770492"}],"collection":[{"href":"https:\/\/arantv.az\/index.php?rest_route=\/wp\/v2\/posts"}],"about":[{"href":"https:\/\/arantv.az\/index.php?rest_route=\/wp\/v2\/types\/post"}],"author":[{"embeddable":true,"href":"https:\/\/arantv.az\/index.php?rest_route=\/wp\/v2\/users\/2"}],"replies":[{"embeddable":true,"href":"https:\/\/arantv.az\/index.php?rest_route=%2Fwp%2Fv2%2Fcomments&post=770492"}],"version-history":[{"count":1,"href":"https:\/\/arantv.az\/index.php?rest_route=\/wp\/v2\/posts\/770492\/revisions"}],"predecessor-version":[{"id":770494,"href":"https:\/\/arantv.az\/index.php?rest_route=\/wp\/v2\/posts\/770492\/revisions\/770494"}],"wp:featuredmedia":[{"embeddable":true,"href":"https:\/\/arantv.az\/index.php?rest_route=\/wp\/v2\/media\/770493"}],"wp:attachment":[{"href":"https:\/\/arantv.az\/index.php?rest_route=%2Fwp%2Fv2%2Fmedia&parent=770492"}],"wp:term":[{"taxonomy":"category","embeddable":true,"href":"https:\/\/arantv.az\/index.php?rest_route=%2Fwp%2Fv2%2Fcategories&post=770492"},{"taxonomy":"post_tag","embeddable":true,"href":"https:\/\/arantv.az\/index.php?rest_route=%2Fwp%2Fv2%2Ftags&post=770492"}],"curies":[{"name":"wp","href":"https:\/\/api.w.org\/{rel}","templated":true}]}}