{"id":770581,"date":"2024-11-22T21:57:06","date_gmt":"2024-11-22T17:57:06","guid":{"rendered":"https:\/\/arantv.az\/?p=770581"},"modified":"2024-11-22T21:57:06","modified_gmt":"2024-11-22T17:57:06","slug":"bu-tarix%c9%99d%c9%99k-300-milyon-insan-ol%c9%99c%c9%99k-aliml%c9%99r","status":"publish","type":"post","link":"https:\/\/arantv.az\/?p=770581","title":{"rendered":"Bu tarix\u0259d\u0259k 300 milyon insan \u00f6l\u0259c\u0259k &#8211; Aliml\u0259r"},"content":{"rendered":"<p>Yeni ara\u015fd\u0131rmalar iqlim d\u0259yi\u015fikliyinin insan h\u0259yat\u0131 \u00fc\u00e7\u00fcn ciddi t\u0259hdid oldu\u011funu bir daha ortaya qoyub. Almaniyan\u0131n Maks Plank Kimya \u0130nstitutunun t\u0259dqiqat\u00e7\u0131lar\u0131 inki\u015faf etmi\u015f r\u0259q\u0259msal modell\u0259rd\u0259n istifad\u0259 ed\u0259r\u0259k 2100-c\u00fc il\u0259 q\u0259d\u0259r havan\u0131n \u00e7irkl\u0259nm\u0259si v\u0259 ekstremal temperatur s\u0259b\u0259bind\u0259n 30 milyon insan\u0131n h\u0259yat\u0131n\u0131 itir\u0259c\u0259yini proqnozla\u015fd\u0131r\u0131blar.<\/p>\n<p>Ara\u015fd\u0131rma qrupunun r\u0259hb\u0259ri Dr. Andrea Pozzer bildirib ki, 2000-ci ild\u0259 h\u0259m soyuq, h\u0259m d\u0259 isti havan\u0131n t\u0259sirind\u0259n h\u0259r il t\u0259xmin\u0259n 1.6 milyon insan d\u00fcnyas\u0131n\u0131 d\u0259yi\u015fib. Bu r\u0259q\u0259min \u0259srin sonunda 10.8 milyona \u00e7ataca\u011f\u0131 ehtimal edilir ki, bu da yeddi d\u0259f\u0259 art\u0131m dem\u0259kdir. Havan\u0131n \u00e7irkl\u0259nm\u0259si il\u0259 ba\u011fl\u0131 is\u0259 illik \u00f6l\u00fcm hallar\u0131 4.1 milyondan 19.5 milyona y\u00fcks\u0259l\u0259c\u0259k.<\/p>\n<p>Maks Plank aliml\u0259rinin ara\u015fd\u0131rmas\u0131, h\u0259m\u00e7inin, regional f\u0259rqlilikl\u0259ri d\u0259 g\u00f6st\u0259rib. C\u0259nubi v\u0259 \u015e\u0259rqi Asiyada \u00f6l\u00fcm hallar\u0131 daha y\u00fcks\u0259k olacaq, \u00e7\u00fcnki ya\u015flanan \u0259hali il\u0259 birg\u0259 havan\u0131n \u00e7irkl\u0259nm\u0259si b\u00f6y\u00fck rol oynayacaq. Dig\u0259r t\u0259r\u0259fd\u0259n, Q\u0259rbi Avropa, \u015eimali Amerika v\u0259 Okeaniya kimi y\u00fcks\u0259k g\u0259lirli b\u00f6lg\u0259l\u0259rd\u0259 ekstremal temperaturdan \u00f6l\u0259nl\u0259rin say\u0131 havan\u0131n \u00e7irkl\u0259nm\u0259si s\u0259b\u0259bind\u0259n \u00f6l\u0259nl\u0259ri \u00f6t\u0259c\u0259k. Bu tendensiya art\u0131q AB\u015e, \u0130ngilt\u0259r\u0259, Fransa, Yaponiya v\u0259 Yeni Zelandiyada m\u00fc\u015fahid\u0259 edilir.<\/p>\n<p>Ara\u015fd\u0131rma, h\u0259m\u00e7inin, qlobal s\u0259viyy\u0259d\u0259 \u0259halinin be\u015fd\u0259 birinin 2100-c\u00fc il\u0259 q\u0259d\u0259r temperaturla ba\u011fl\u0131 sa\u011flaml\u0131q riskl\u0259rind\u0259n daha \u00e7ox t\u0259sirl\u0259n\u0259c\u0259yini g\u00f6st\u0259rir. T\u0259dqiqat\u00e7\u0131lar bu n\u0259tic\u0259l\u0259rin iqlim d\u0259yi\u015fikliyinin qar\u015f\u0131s\u0131n\u0131 almaq \u00fc\u00e7\u00fcn t\u0259cili t\u0259dbirl\u0259rin z\u0259ruriliyini vur\u011fulad\u0131\u011f\u0131n\u0131 bildirirl\u0259r.<\/p>\n<p>BMT-nin iqlim d\u0259yi\u015fikliyi il\u0259 ba\u011fl\u0131 son hesabat\u0131na \u0259sas\u0259n, d\u00fcnya temperatur art\u0131m\u0131n\u0131 1.5\u00b0C-d\u0259 saxlamaq \u00fc\u00e7\u00fcn kifay\u0259t q\u0259d\u0259r t\u0259dbir g\u00f6rm\u0259diyi halda 2.6\u00b0C-d\u0259n 3.1\u00b0C-\u0259 q\u0259d\u0259r istil\u0259\u015fm\u0259 t\u0259hl\u00fck\u0259si il\u0259 \u00fcz-\u00fcz\u0259dir. BMT ba\u015f katibi Antonio Quterre\u015f bu v\u0259ziyy\u0259ti &#8220;planetar t\u0259hl\u00fck\u0259nin u\u00e7urumu&#8221; adland\u0131raraq liderl\u0259ri h\u0259d\u0259fl\u0259r\u0259 \u00e7atmaq \u00fc\u00e7\u00fcn q\u0259tiyy\u0259tli add\u0131mlar atma\u011fa \u00e7a\u011f\u0131r\u0131b.<\/p>\n<p>\u0130qlim d\u0259yi\u015fikliyi art\u0131q yaln\u0131z ekoloji problem deyil; bu, milyonlarla insan\u0131n h\u0259yat\u0131 \u00fc\u00e7\u00fcn birba\u015fa t\u0259hl\u00fck\u0259dir. Bu ara\u015fd\u0131rma insanlar\u0131 qlobal istil\u0259\u015fm\u0259nin t\u0259sirl\u0259rin\u0259 qar\u015f\u0131 m\u00fcbariz\u0259d\u0259 birlikd\u0259 h\u0259r\u0259k\u0259t etm\u0259y\u0259 s\u0259sl\u0259yir.<\/p>\n","protected":false},"excerpt":{"rendered":"<p>Yeni ara\u015fd\u0131rmalar iqlim d\u0259yi\u015fikliyinin insan h\u0259yat\u0131 \u00fc\u00e7\u00fcn ciddi t\u0259hdid oldu\u011funu bir daha ortaya qoyub. Almaniyan\u0131n Maks Plank Kimya \u0130nstitutunun t\u0259dqiqat\u00e7\u0131lar\u0131 inki\u015faf etmi\u015f r\u0259q\u0259msal modell\u0259rd\u0259n istifad\u0259 ed\u0259r\u0259k 2100-c\u00fc il\u0259 q\u0259d\u0259r havan\u0131n \u00e7irkl\u0259nm\u0259si v\u0259 ekstremal temperatur s\u0259b\u0259bind\u0259n 30 milyon insan\u0131n h\u0259yat\u0131n\u0131 itir\u0259c\u0259yini proqnozla\u015fd\u0131r\u0131blar. Ara\u015fd\u0131rma qrupunun r\u0259hb\u0259ri Dr. Andrea Pozzer bildirib ki, 2000-ci ild\u0259 h\u0259m soyuq, h\u0259m d\u0259 isti havan\u0131n t\u0259sirind\u0259n h\u0259r il t\u0259xmin\u0259n 1.6 milyon insan d\u00fcnyas\u0131n\u0131 d\u0259yi\u015fib. Bu r\u0259q\u0259min \u0259srin sonunda 10.8 milyona \u00e7ataca\u011f\u0131 ehtimal edilir ki, bu da yeddi d\u0259f\u0259 art\u0131m dem\u0259kdir. Havan\u0131n \u00e7irkl\u0259nm\u0259si il\u0259 ba\u011fl\u0131 is\u0259 illik \u00f6l\u00fcm hallar\u0131&hellip;<\/p>\n","protected":false},"author":2,"featured_media":770582,"comment_status":"closed","ping_status":"closed","sticky":false,"template":"","format":"standard","meta":{"om_disable_all_campaigns":false,"_monsterinsights_skip_tracking":false,"_monsterinsights_sitenote_active":false,"_monsterinsights_sitenote_note":"","_monsterinsights_sitenote_category":0},"categories":[7],"tags":[],"aioseo_notices":[],"gutentor_comment":0,"rttpg_featured_image_url":{"full":["https:\/\/arantv.az\/wp-content\/uploads\/2024\/11\/78964eb92aa6a78e32738a8f8a34538c.jpg",870,500,false],"landscape":["https:\/\/arantv.az\/wp-content\/uploads\/2024\/11\/78964eb92aa6a78e32738a8f8a34538c.jpg",870,500,false],"portraits":["https:\/\/arantv.az\/wp-content\/uploads\/2024\/11\/78964eb92aa6a78e32738a8f8a34538c.jpg",870,500,false],"thumbnail":["https:\/\/arantv.az\/wp-content\/uploads\/2024\/11\/78964eb92aa6a78e32738a8f8a34538c-500x280.jpg",500,280,true],"medium":["https:\/\/arantv.az\/wp-content\/uploads\/2024\/11\/78964eb92aa6a78e32738a8f8a34538c-635x365.jpg",635,365,true],"large":["https:\/\/arantv.az\/wp-content\/uploads\/2024\/11\/78964eb92aa6a78e32738a8f8a34538c-840x483.jpg",640,368,true],"1536x1536":["https:\/\/arantv.az\/wp-content\/uploads\/2024\/11\/78964eb92aa6a78e32738a8f8a34538c.jpg",870,500,false],"2048x2048":["https:\/\/arantv.az\/wp-content\/uploads\/2024\/11\/78964eb92aa6a78e32738a8f8a34538c.jpg",870,500,false],"post-thumbnail":["https:\/\/arantv.az\/wp-content\/uploads\/2024\/11\/78964eb92aa6a78e32738a8f8a34538c-240x172.jpg",240,172,true],"advps-thumb-one":["https:\/\/arantv.az\/wp-content\/uploads\/2024\/11\/78964eb92aa6a78e32738a8f8a34538c.jpg",870,500,false]},"rttpg_author":{"display_name":"V\u00fcsal Rafiqo\u011flu","author_link":"https:\/\/arantv.az\/?author=2"},"rttpg_comment":0,"rttpg_category":"<a href=\"https:\/\/arantv.az\/?cat=7\" rel=\"category\">D\u00fcnya<\/a>","rttpg_excerpt":"Yeni ara\u015fd\u0131rmalar iqlim d\u0259yi\u015fikliyinin insan h\u0259yat\u0131 \u00fc\u00e7\u00fcn ciddi t\u0259hdid oldu\u011funu bir daha ortaya qoyub. Almaniyan\u0131n Maks Plank Kimya \u0130nstitutunun t\u0259dqiqat\u00e7\u0131lar\u0131 inki\u015faf etmi\u015f r\u0259q\u0259msal modell\u0259rd\u0259n istifad\u0259 ed\u0259r\u0259k 2100-c\u00fc il\u0259 q\u0259d\u0259r havan\u0131n \u00e7irkl\u0259nm\u0259si v\u0259 ekstremal temperatur s\u0259b\u0259bind\u0259n 30 milyon insan\u0131n h\u0259yat\u0131n\u0131 itir\u0259c\u0259yini proqnozla\u015fd\u0131r\u0131blar. Ara\u015fd\u0131rma qrupunun r\u0259hb\u0259ri Dr. Andrea Pozzer bildirib ki, 2000-ci ild\u0259 h\u0259m soyuq, h\u0259m d\u0259&hellip;","_links":{"self":[{"href":"https:\/\/arantv.az\/index.php?rest_route=\/wp\/v2\/posts\/770581"}],"collection":[{"href":"https:\/\/arantv.az\/index.php?rest_route=\/wp\/v2\/posts"}],"about":[{"href":"https:\/\/arantv.az\/index.php?rest_route=\/wp\/v2\/types\/post"}],"author":[{"embeddable":true,"href":"https:\/\/arantv.az\/index.php?rest_route=\/wp\/v2\/users\/2"}],"replies":[{"embeddable":true,"href":"https:\/\/arantv.az\/index.php?rest_route=%2Fwp%2Fv2%2Fcomments&post=770581"}],"version-history":[{"count":1,"href":"https:\/\/arantv.az\/index.php?rest_route=\/wp\/v2\/posts\/770581\/revisions"}],"predecessor-version":[{"id":770583,"href":"https:\/\/arantv.az\/index.php?rest_route=\/wp\/v2\/posts\/770581\/revisions\/770583"}],"wp:featuredmedia":[{"embeddable":true,"href":"https:\/\/arantv.az\/index.php?rest_route=\/wp\/v2\/media\/770582"}],"wp:attachment":[{"href":"https:\/\/arantv.az\/index.php?rest_route=%2Fwp%2Fv2%2Fmedia&parent=770581"}],"wp:term":[{"taxonomy":"category","embeddable":true,"href":"https:\/\/arantv.az\/index.php?rest_route=%2Fwp%2Fv2%2Fcategories&post=770581"},{"taxonomy":"post_tag","embeddable":true,"href":"https:\/\/arantv.az\/index.php?rest_route=%2Fwp%2Fv2%2Ftags&post=770581"}],"curies":[{"name":"wp","href":"https:\/\/api.w.org\/{rel}","templated":true}]}}