{"id":770616,"date":"2024-11-23T07:49:28","date_gmt":"2024-11-23T03:49:28","guid":{"rendered":"https:\/\/arantv.az\/?p=770616"},"modified":"2024-11-23T07:49:28","modified_gmt":"2024-11-23T03:49:28","slug":"pasinyan-aciqladi-erm%c9%99nistandan-az%c9%99rbaycana-t%c9%99klif","status":"publish","type":"post","link":"https:\/\/arantv.az\/?p=770616","title":{"rendered":"Pa\u015finyan a\u00e7\u0131qlad\u0131: Erm\u0259nistandan Az\u0259rbaycana t\u0259klif&#8230;"},"content":{"rendered":"<p>Erm\u0259nistan\u0131n Ba\u015f naziri Nikol Pa\u015finyan, \u00f6lk\u0259sinin Az\u0259rbaycanla s\u00fclh prosesind\u0259 m\u00fcsb\u0259t ir\u0259lil\u0259yi\u015fl\u0259r oldu\u011funu bildirib. Pa\u015finyan, Erm\u0259nistan\u0131n \u0130ctimai Kanal\u0131na verdiyi m\u00fcsahib\u0259d\u0259 Avropa \u0130ttifaq\u0131 missiyas\u0131n\u0131n delimitasiya olunacaq \u0259razid\u0259 f\u0259aliyy\u0259t g\u00f6st\u0259rm\u0259m\u0259si t\u0259klifini g\u00fcnd\u0259m\u0259 g\u0259tirib. O, bunun s\u00fclh prosesin\u0259 m\u00fcsb\u0259t t\u0259sir g\u00f6st\u0259r\u0259c\u0259yin\u0259 \u00fcmid etdiyini qeyd edib.<\/p>\n<p>Musavat.com-un m\u0259lumat\u0131na g\u00f6r\u0259, Pa\u015finyan \u0259lav\u0259 edib ki, \u0259g\u0259r t\u0259r\u0259fl\u0259r h\u0259qiqi s\u00fclh\u0259 nail ola bil\u0259rl\u0259rs\u0259, s\u00fclh m\u00fcqavil\u0259si imzalad\u0131qlar\u0131 t\u0259qdird\u0259, Erm\u0259nistan qar\u015f\u0131l\u0131ql\u0131 prinsip \u0259sas\u0131nda Az\u0259rbaycana qar\u015f\u0131 beyn\u0259lxalq iddialardan imtina etm\u0259y\u0259 haz\u0131rd\u0131r. Bu, iki \u00f6lk\u0259 aras\u0131nda m\u00fcnasib\u0259tl\u0259rin normalla\u015fd\u0131r\u0131lmas\u0131na dair m\u00fch\u00fcm bir add\u0131m olacaq.<\/p>\n<p>Erm\u0259nistan\u0131n Ba\u015f naziri, h\u0259m\u00e7inin, s\u00fclh m\u00fcqavil\u0259sinin ilin sonunad\u0259k imzalanmas\u0131 \u00fc\u00e7\u00fcn b\u00fct\u00fcn s\u0259yl\u0259rini g\u00f6st\u0259r\u0259c\u0259yini vur\u011fulay\u0131b. Onun s\u00f6zl\u0259rin\u0259 g\u00f6r\u0259, bu prosesd\u0259 Erm\u0259nistana qar\u015f\u0131 ir\u0259lil\u0259yi\u015fl\u0259r m\u00fcsb\u0259t bir n\u0259tic\u0259 do\u011furacaq v\u0259 regionda s\u00fclh v\u0259 stabilliyi t\u0259min etm\u0259k \u00fc\u00e7\u00fcn bir \u015fans yaradacaq.<\/p>\n","protected":false},"excerpt":{"rendered":"<p>Erm\u0259nistan\u0131n Ba\u015f naziri Nikol Pa\u015finyan, \u00f6lk\u0259sinin Az\u0259rbaycanla s\u00fclh prosesind\u0259 m\u00fcsb\u0259t ir\u0259lil\u0259yi\u015fl\u0259r oldu\u011funu bildirib. Pa\u015finyan, Erm\u0259nistan\u0131n \u0130ctimai Kanal\u0131na verdiyi m\u00fcsahib\u0259d\u0259 Avropa \u0130ttifaq\u0131 missiyas\u0131n\u0131n delimitasiya olunacaq \u0259razid\u0259 f\u0259aliyy\u0259t g\u00f6st\u0259rm\u0259m\u0259si t\u0259klifini g\u00fcnd\u0259m\u0259 g\u0259tirib. O, bunun s\u00fclh prosesin\u0259 m\u00fcsb\u0259t t\u0259sir g\u00f6st\u0259r\u0259c\u0259yin\u0259 \u00fcmid etdiyini qeyd edib. Musavat.com-un m\u0259lumat\u0131na g\u00f6r\u0259, Pa\u015finyan \u0259lav\u0259 edib ki, \u0259g\u0259r t\u0259r\u0259fl\u0259r h\u0259qiqi s\u00fclh\u0259 nail ola bil\u0259rl\u0259rs\u0259, s\u00fclh m\u00fcqavil\u0259si imzalad\u0131qlar\u0131 t\u0259qdird\u0259, Erm\u0259nistan qar\u015f\u0131l\u0131ql\u0131 prinsip \u0259sas\u0131nda Az\u0259rbaycana qar\u015f\u0131 beyn\u0259lxalq iddialardan imtina etm\u0259y\u0259 haz\u0131rd\u0131r. Bu, iki \u00f6lk\u0259 aras\u0131nda m\u00fcnasib\u0259tl\u0259rin normalla\u015fd\u0131r\u0131lmas\u0131na dair m\u00fch\u00fcm bir add\u0131m olacaq. Erm\u0259nistan\u0131n Ba\u015f naziri, h\u0259m\u00e7inin, s\u00fclh m\u00fcqavil\u0259sinin ilin sonunad\u0259k imzalanmas\u0131&hellip;<\/p>\n","protected":false},"author":2,"featured_media":770617,"comment_status":"closed","ping_status":"closed","sticky":false,"template":"","format":"standard","meta":{"om_disable_all_campaigns":false,"_monsterinsights_skip_tracking":false,"_monsterinsights_sitenote_active":false,"_monsterinsights_sitenote_note":"","_monsterinsights_sitenote_category":0},"categories":[4],"tags":[],"aioseo_notices":[],"gutentor_comment":0,"rttpg_featured_image_url":{"full":["https:\/\/arantv.az\/wp-content\/uploads\/2024\/11\/8a38bad862fe3688853cc99b378ac413.png",696,421,false],"landscape":["https:\/\/arantv.az\/wp-content\/uploads\/2024\/11\/8a38bad862fe3688853cc99b378ac413.png",696,421,false],"portraits":["https:\/\/arantv.az\/wp-content\/uploads\/2024\/11\/8a38bad862fe3688853cc99b378ac413.png",696,421,false],"thumbnail":["https:\/\/arantv.az\/wp-content\/uploads\/2024\/11\/8a38bad862fe3688853cc99b378ac413-500x280.png",500,280,true],"medium":["https:\/\/arantv.az\/wp-content\/uploads\/2024\/11\/8a38bad862fe3688853cc99b378ac413-603x365.png",603,365,true],"large":["https:\/\/arantv.az\/wp-content\/uploads\/2024\/11\/8a38bad862fe3688853cc99b378ac413.png",640,387,false],"1536x1536":["https:\/\/arantv.az\/wp-content\/uploads\/2024\/11\/8a38bad862fe3688853cc99b378ac413.png",696,421,false],"2048x2048":["https:\/\/arantv.az\/wp-content\/uploads\/2024\/11\/8a38bad862fe3688853cc99b378ac413.png",696,421,false],"post-thumbnail":["https:\/\/arantv.az\/wp-content\/uploads\/2024\/11\/8a38bad862fe3688853cc99b378ac413-240x172.png",240,172,true],"advps-thumb-one":["https:\/\/arantv.az\/wp-content\/uploads\/2024\/11\/8a38bad862fe3688853cc99b378ac413.png",696,421,false]},"rttpg_author":{"display_name":"V\u00fcsal Rafiqo\u011flu","author_link":"https:\/\/arantv.az\/?author=2"},"rttpg_comment":0,"rttpg_category":"<a href=\"https:\/\/arantv.az\/?cat=4\" rel=\"category\">Siyas\u0259t<\/a>","rttpg_excerpt":"Erm\u0259nistan\u0131n Ba\u015f naziri Nikol Pa\u015finyan, \u00f6lk\u0259sinin Az\u0259rbaycanla s\u00fclh prosesind\u0259 m\u00fcsb\u0259t ir\u0259lil\u0259yi\u015fl\u0259r oldu\u011funu bildirib. Pa\u015finyan, Erm\u0259nistan\u0131n \u0130ctimai Kanal\u0131na verdiyi m\u00fcsahib\u0259d\u0259 Avropa \u0130ttifaq\u0131 missiyas\u0131n\u0131n delimitasiya olunacaq \u0259razid\u0259 f\u0259aliyy\u0259t g\u00f6st\u0259rm\u0259m\u0259si t\u0259klifini g\u00fcnd\u0259m\u0259 g\u0259tirib. O, bunun s\u00fclh prosesin\u0259 m\u00fcsb\u0259t t\u0259sir g\u00f6st\u0259r\u0259c\u0259yin\u0259 \u00fcmid etdiyini qeyd edib. Musavat.com-un m\u0259lumat\u0131na g\u00f6r\u0259, Pa\u015finyan \u0259lav\u0259 edib ki, \u0259g\u0259r t\u0259r\u0259fl\u0259r h\u0259qiqi s\u00fclh\u0259 nail ola bil\u0259rl\u0259rs\u0259,&hellip;","_links":{"self":[{"href":"https:\/\/arantv.az\/index.php?rest_route=\/wp\/v2\/posts\/770616"}],"collection":[{"href":"https:\/\/arantv.az\/index.php?rest_route=\/wp\/v2\/posts"}],"about":[{"href":"https:\/\/arantv.az\/index.php?rest_route=\/wp\/v2\/types\/post"}],"author":[{"embeddable":true,"href":"https:\/\/arantv.az\/index.php?rest_route=\/wp\/v2\/users\/2"}],"replies":[{"embeddable":true,"href":"https:\/\/arantv.az\/index.php?rest_route=%2Fwp%2Fv2%2Fcomments&post=770616"}],"version-history":[{"count":2,"href":"https:\/\/arantv.az\/index.php?rest_route=\/wp\/v2\/posts\/770616\/revisions"}],"predecessor-version":[{"id":770619,"href":"https:\/\/arantv.az\/index.php?rest_route=\/wp\/v2\/posts\/770616\/revisions\/770619"}],"wp:featuredmedia":[{"embeddable":true,"href":"https:\/\/arantv.az\/index.php?rest_route=\/wp\/v2\/media\/770617"}],"wp:attachment":[{"href":"https:\/\/arantv.az\/index.php?rest_route=%2Fwp%2Fv2%2Fmedia&parent=770616"}],"wp:term":[{"taxonomy":"category","embeddable":true,"href":"https:\/\/arantv.az\/index.php?rest_route=%2Fwp%2Fv2%2Fcategories&post=770616"},{"taxonomy":"post_tag","embeddable":true,"href":"https:\/\/arantv.az\/index.php?rest_route=%2Fwp%2Fv2%2Ftags&post=770616"}],"curies":[{"name":"wp","href":"https:\/\/api.w.org\/{rel}","templated":true}]}}