{"id":770722,"date":"2024-11-23T18:46:34","date_gmt":"2024-11-23T14:46:34","guid":{"rendered":"https:\/\/arantv.az\/?p=770722"},"modified":"2024-11-23T18:46:34","modified_gmt":"2024-11-23T14:46:34","slug":"bu-agentliyin-funksiyalari-az%c9%99renerji-v%c9%99-az%c9%99risiga-oturul%c9%99c%c9%99k-f%c9%99rman","status":"publish","type":"post","link":"https:\/\/arantv.az\/?p=770722","title":{"rendered":"Bu agentliyin funksiyalar\u0131 \u201cAz\u0259renerji\u201d v\u0259 \u201cAz\u0259ri\u015f\u0131\u011f\u201da \u00f6t\u00fcr\u00fcl\u0259c\u0259k &#8211; F\u018fRMAN"},"content":{"rendered":"<p><strong>Prezident \u0130lham \u018fliyev elektrik enerjisi v\u0259 su t\u0259chizat\u0131 sah\u0259l\u0259rind\u0259 idar\u0259etm\u0259nin t\u0259kmill\u0259\u015fdirilm\u0259si v\u0259 bununla \u0259laq\u0259dar b\u0259zi m\u0259s\u0259l\u0259l\u0259rin t\u0259nziml\u0259nm\u0259si haqq\u0131nda f\u0259rman imzalay\u0131b.<\/strong><\/p>\n<p><strong>ARANTV.AZ <\/strong>\u00a0x\u0259b\u0259r verir ki, f\u0259rmana \u0259sas\u0259n, Nazirl\u0259r Kabineti Nax\u00e7\u0131van Muxtar Respublikas\u0131 D\u00f6vl\u0259t Energetika Agentliyinin funksiyalar\u0131n\u0131n aidiyy\u0259ti \u00fczr\u0259 \u201cAz\u0259renerji\u201d v\u0259 \u201cAz\u0259ri\u015f\u0131q\u201d ASC-l\u0259r\u0259 \u00f6t\u00fcr\u00fclm\u0259si il\u0259 ba\u011fl\u0131 bir ay m\u00fcdd\u0259tind\u0259 z\u0259ruri t\u0259dbirl\u0259r g\u00f6rm\u0259li, bununla ba\u011fl\u0131 normativ h\u00fcquqi aktlar\u0131n t\u0259kmill\u0259\u015fdirilm\u0259si, el\u0259c\u0259 d\u0259 m\u00fcvafiq s\u0259lahiyy\u0259tl\u0259rin aidiyy\u0259ti d\u00f6vl\u0259t orqanlar\u0131na (qurumlar\u0131na) \u00f6t\u00fcr\u00fclm\u0259si il\u0259 \u0259laq\u0259dar d\u00f6vl\u0259t \u0259mlak\u0131 il\u0259 ba\u011fl\u0131 t\u0259klifl\u0259rini \u00fc\u00e7 ay m\u00fcdd\u0259tind\u0259 haz\u0131rlay\u0131b d\u00f6vl\u0259t ba\u015f\u00e7\u0131s\u0131na t\u0259qdim etm\u0259li, f\u0259rmandan ir\u0259li g\u0259l\u0259n dig\u0259r m\u0259s\u0259l\u0259l\u0259ri h\u0259ll etm\u0259lidir.<\/p>\n","protected":false},"excerpt":{"rendered":"<p>Prezident \u0130lham \u018fliyev elektrik enerjisi v\u0259 su t\u0259chizat\u0131 sah\u0259l\u0259rind\u0259 idar\u0259etm\u0259nin t\u0259kmill\u0259\u015fdirilm\u0259si v\u0259 bununla \u0259laq\u0259dar b\u0259zi m\u0259s\u0259l\u0259l\u0259rin t\u0259nziml\u0259nm\u0259si haqq\u0131nda f\u0259rman imzalay\u0131b. ARANTV.AZ \u00a0x\u0259b\u0259r verir ki, f\u0259rmana \u0259sas\u0259n, Nazirl\u0259r Kabineti Nax\u00e7\u0131van Muxtar Respublikas\u0131 D\u00f6vl\u0259t Energetika Agentliyinin funksiyalar\u0131n\u0131n aidiyy\u0259ti \u00fczr\u0259 \u201cAz\u0259renerji\u201d v\u0259 \u201cAz\u0259ri\u015f\u0131q\u201d ASC-l\u0259r\u0259 \u00f6t\u00fcr\u00fclm\u0259si il\u0259 ba\u011fl\u0131 bir ay m\u00fcdd\u0259tind\u0259 z\u0259ruri t\u0259dbirl\u0259r g\u00f6rm\u0259li, bununla ba\u011fl\u0131 normativ h\u00fcquqi aktlar\u0131n t\u0259kmill\u0259\u015fdirilm\u0259si, el\u0259c\u0259 d\u0259 m\u00fcvafiq s\u0259lahiyy\u0259tl\u0259rin aidiyy\u0259ti d\u00f6vl\u0259t orqanlar\u0131na (qurumlar\u0131na) \u00f6t\u00fcr\u00fclm\u0259si il\u0259 \u0259laq\u0259dar d\u00f6vl\u0259t \u0259mlak\u0131 il\u0259 ba\u011fl\u0131 t\u0259klifl\u0259rini \u00fc\u00e7 ay m\u00fcdd\u0259tind\u0259 haz\u0131rlay\u0131b d\u00f6vl\u0259t ba\u015f\u00e7\u0131s\u0131na t\u0259qdim etm\u0259li, f\u0259rmandan ir\u0259li g\u0259l\u0259n dig\u0259r m\u0259s\u0259l\u0259l\u0259ri h\u0259ll etm\u0259lidir.<\/p>\n","protected":false},"author":2,"featured_media":770723,"comment_status":"closed","ping_status":"closed","sticky":false,"template":"","format":"standard","meta":{"om_disable_all_campaigns":false,"_monsterinsights_skip_tracking":false,"_monsterinsights_sitenote_active":false,"_monsterinsights_sitenote_note":"","_monsterinsights_sitenote_category":0},"categories":[4],"tags":[],"aioseo_notices":[],"gutentor_comment":0,"rttpg_featured_image_url":{"full":["https:\/\/arantv.az\/wp-content\/uploads\/2024\/11\/9cc4619166345a10bab31270560f468c.jpg",850,500,false],"landscape":["https:\/\/arantv.az\/wp-content\/uploads\/2024\/11\/9cc4619166345a10bab31270560f468c.jpg",850,500,false],"portraits":["https:\/\/arantv.az\/wp-content\/uploads\/2024\/11\/9cc4619166345a10bab31270560f468c.jpg",850,500,false],"thumbnail":["https:\/\/arantv.az\/wp-content\/uploads\/2024\/11\/9cc4619166345a10bab31270560f468c-500x280.jpg",500,280,true],"medium":["https:\/\/arantv.az\/wp-content\/uploads\/2024\/11\/9cc4619166345a10bab31270560f468c-621x365.jpg",621,365,true],"large":["https:\/\/arantv.az\/wp-content\/uploads\/2024\/11\/9cc4619166345a10bab31270560f468c-840x494.jpg",640,376,true],"1536x1536":["https:\/\/arantv.az\/wp-content\/uploads\/2024\/11\/9cc4619166345a10bab31270560f468c.jpg",850,500,false],"2048x2048":["https:\/\/arantv.az\/wp-content\/uploads\/2024\/11\/9cc4619166345a10bab31270560f468c.jpg",850,500,false],"post-thumbnail":["https:\/\/arantv.az\/wp-content\/uploads\/2024\/11\/9cc4619166345a10bab31270560f468c-240x172.jpg",240,172,true],"advps-thumb-one":["https:\/\/arantv.az\/wp-content\/uploads\/2024\/11\/9cc4619166345a10bab31270560f468c.jpg",850,500,false]},"rttpg_author":{"display_name":"V\u00fcsal Rafiqo\u011flu","author_link":"https:\/\/arantv.az\/?author=2"},"rttpg_comment":0,"rttpg_category":"<a href=\"https:\/\/arantv.az\/?cat=4\" rel=\"category\">Siyas\u0259t<\/a>","rttpg_excerpt":"Prezident \u0130lham \u018fliyev elektrik enerjisi v\u0259 su t\u0259chizat\u0131 sah\u0259l\u0259rind\u0259 idar\u0259etm\u0259nin t\u0259kmill\u0259\u015fdirilm\u0259si v\u0259 bununla \u0259laq\u0259dar b\u0259zi m\u0259s\u0259l\u0259l\u0259rin t\u0259nziml\u0259nm\u0259si haqq\u0131nda f\u0259rman imzalay\u0131b. ARANTV.AZ \u00a0x\u0259b\u0259r verir ki, f\u0259rmana \u0259sas\u0259n, Nazirl\u0259r Kabineti Nax\u00e7\u0131van Muxtar Respublikas\u0131 D\u00f6vl\u0259t Energetika Agentliyinin funksiyalar\u0131n\u0131n aidiyy\u0259ti \u00fczr\u0259 \u201cAz\u0259renerji\u201d v\u0259 \u201cAz\u0259ri\u015f\u0131q\u201d ASC-l\u0259r\u0259 \u00f6t\u00fcr\u00fclm\u0259si il\u0259 ba\u011fl\u0131 bir ay m\u00fcdd\u0259tind\u0259 z\u0259ruri t\u0259dbirl\u0259r g\u00f6rm\u0259li, bununla ba\u011fl\u0131 normativ h\u00fcquqi aktlar\u0131n&hellip;","_links":{"self":[{"href":"https:\/\/arantv.az\/index.php?rest_route=\/wp\/v2\/posts\/770722"}],"collection":[{"href":"https:\/\/arantv.az\/index.php?rest_route=\/wp\/v2\/posts"}],"about":[{"href":"https:\/\/arantv.az\/index.php?rest_route=\/wp\/v2\/types\/post"}],"author":[{"embeddable":true,"href":"https:\/\/arantv.az\/index.php?rest_route=\/wp\/v2\/users\/2"}],"replies":[{"embeddable":true,"href":"https:\/\/arantv.az\/index.php?rest_route=%2Fwp%2Fv2%2Fcomments&post=770722"}],"version-history":[{"count":1,"href":"https:\/\/arantv.az\/index.php?rest_route=\/wp\/v2\/posts\/770722\/revisions"}],"predecessor-version":[{"id":770724,"href":"https:\/\/arantv.az\/index.php?rest_route=\/wp\/v2\/posts\/770722\/revisions\/770724"}],"wp:featuredmedia":[{"embeddable":true,"href":"https:\/\/arantv.az\/index.php?rest_route=\/wp\/v2\/media\/770723"}],"wp:attachment":[{"href":"https:\/\/arantv.az\/index.php?rest_route=%2Fwp%2Fv2%2Fmedia&parent=770722"}],"wp:term":[{"taxonomy":"category","embeddable":true,"href":"https:\/\/arantv.az\/index.php?rest_route=%2Fwp%2Fv2%2Fcategories&post=770722"},{"taxonomy":"post_tag","embeddable":true,"href":"https:\/\/arantv.az\/index.php?rest_route=%2Fwp%2Fv2%2Ftags&post=770722"}],"curies":[{"name":"wp","href":"https:\/\/api.w.org\/{rel}","templated":true}]}}