{"id":770749,"date":"2024-11-23T19:00:10","date_gmt":"2024-11-23T15:00:10","guid":{"rendered":"https:\/\/arantv.az\/?p=770749"},"modified":"2024-11-23T19:00:10","modified_gmt":"2024-11-23T15:00:10","slug":"saqqali-%c9%99ld%c9%99n-verdi-hakimiyy%c9%99ti-is%c9%99-pasinyanin-sirli-2026-h%c9%99d%c9%99fi","status":"publish","type":"post","link":"https:\/\/arantv.az\/?p=770749","title":{"rendered":"Saqqal\u0131 \u0259ld\u0259n verdi, hakimiyy\u0259ti is\u0259&#8230; \u2013 Pa\u015finyan\u0131n sirli 2026 h\u0259d\u0259fi"},"content":{"rendered":"<p>Erm\u0259nistan ba\u015f naziri Nikol Pa\u015finyan b\u0131\u011f-saqqals\u0131z imicd\u0259 ilk d\u0259f\u0259 yerli \u0130TV-y\u0259 m\u00fcsahib\u0259 verib. Yen\u0259 \u00f6z\u00fcn\u0259 xas t\u0259rzd\u0259 g\u00fcnd\u0259mi \u201csilk\u0259l\u0259m\u0259y\u0259\u201d \u00e7al\u0131\u015f\u0131b.<\/p>\n<p>T\u0259bii ki, Az\u0259rbaycanla s\u00fclh m\u00fcqavil\u0259si haqda da dan\u0131\u015f\u0131b. \u0130ddia edib ki, ilin sonunad\u0259k m\u00fcqavil\u0259 imzalamaq \u00fc\u00e7\u00fcn h\u0259r \u015feyi ed\u0259c\u0259k. H\u0259rgah, qar\u015f\u0131dak\u0131 t\u0259xmin\u0259n 40 g\u00fcnl\u00fck m\u00fcdd\u0259td\u0259 buna anil olmaq inand\u0131r\u0131c\u0131 g\u00f6r\u00fcnm\u00fcr. \u00c7\u00fcnki Bak\u0131n\u0131n \u0259sas t\u0259l\u0259bi m\u0259lum: konstitusiya d\u0259yi\u015fikliyi. R\u0259smi \u0130r\u0259van is\u0259 bu y\u00f6nd\u0259 \u00e7ox da h\u0259v\u0259sli deyil.<\/p>\n<p>O s\u0259b\u0259b\u0259 hans\u0131sa s\u0259n\u0259d imzalanacaqsa bel\u0259, klassik anlamda o, s\u00fclh m\u00fcqavil\u0259si olmayacaq. Diplomatik \u0259laq\u0259l\u0259rin qurulmas\u0131na v\u0259 s\u0259firl\u0259rin m\u00fcbadil\u0259sin\u0259 g\u0259tirm\u0259y\u0259c\u0259k. Az\u0259rbaycan ona konstitusion \u0259razi iddias\u0131 olan bir \u00f6lk\u0259d\u0259 s\u0259firlik a\u00e7maz. Bu aksiomdur&#8230;<\/p>\n<p>Pa\u015finyan\u0131n m\u00fcsahib\u0259si \u00f6z komandas\u0131nda ciddi kadr d\u0259yi\u015fiklikl\u0259rind\u0259n sonra verm\u0259si d\u0259 diqq\u0259t \u00e7\u0259kir. B\u0259zi t\u0259hlil\u00e7il\u0259r\u0259 g\u00f6r\u0259, kadr islahatlar\u0131 se\u00e7kil\u0259rl\u0259 ba\u011fl\u0131d\u0131r. Amma n\u00f6vb\u0259ti parlament se\u00e7kil\u0259rin\u0259 (iyun, 2026) h\u0259l\u0259 xeyli var.<\/p>\n<p>Az\u0259rbaycan \u00fc\u00e7\u00fcn \u0259n \u00f6n\u0259mlisi is\u0259 \u0259lb\u0259tt\u0259 ki, Nikolun kiminl\u0259, hans\u0131 komanda il\u0259 deyil, nec\u0259 v\u0259 hans\u0131 h\u0259d\u0259fl\u0259r namin\u0259 i\u015fl\u0259y\u0259c\u0259yi, qon\u015fu d\u00f6vl\u0259tl\u0259r\u0259, \u00f6z\u0259llikl\u0259 Az\u0259rbaycan v\u0259 T\u00fcrkiy\u0259y\u0259 m\u00fcnasib\u0259td\u0259 hans\u0131 strategiyan\u0131 izl\u0259y\u0259c\u0259yi, o s\u0131rada \u00f6z xalq\u0131n\u0131 s\u00fclh\u0259 nec\u0259 haz\u0131rlayaca\u011f\u0131d\u0131r.<\/p>\n<p>Bu m\u0259s\u0259l\u0259d\u0259 \u0259sas \u0259ng\u0259l is\u0259 h\u0259l\u0259 d\u0259 revan\u015fizmin g\u00fccl\u00fc oldu\u011fu erm\u0259ni c\u0259miyy\u0259tini konstitusiyadan Az\u0259rbaycan v\u0259 T\u00fcrkiy\u0259y\u0259 qar\u015f\u0131 torpaq iddialar\u0131 il\u0259 ba\u011fl\u0131 istinadlar\u0131 \u00e7\u0131xarma\u011fa inand\u0131rmaqd\u0131r. Hiss olunur ki N.Pa\u015finyan bu y\u00f6nd\u0259 n\u0259l\u0259rs\u0259 etm\u0259k ist\u0259yir, s\u0259mimi g\u00f6r\u00fcnm\u0259y\u0259 \u00e7al\u0131\u015f\u0131r, \u201creal Erm\u0259nistan\u201d namin\u0259 \u00fcrk\u0259k c\u0259hdl\u0259rini davam etdirir. S\u00f6zs\u00fcz ki, sa\u011f-sola boylanmaqla. Niy\u0259?<\/p>\n<p>\u00c7\u00fcnki Erm\u0259nistan siyasi m\u00fcbariz\u0259d\u0259 terror \u00fcsulunun adil\u0259\u015fdiyi bir m\u0259kan. 1999-cu ild\u0259 (oktyabr) parlamentin g\u00fcll\u0259baran edilm\u0259sini yada salmaq yet\u0259r. X\u00fcsus\u0259n d\u0259 da\u015fnaklar satq\u0131n elan el\u0259dikl\u0259ri N.Pa\u015finyan \u00fc\u00e7\u00fcn \u201cz\u0259ncir\u201d \u00e7eyn\u0259yir, onun azac\u0131q \u201caya\u011f\u0131n\u0131n s\u00fcr\u00fc\u015fm\u0259sini\u201d g\u00f6zl\u0259yir. Y\u0259ni fiziki t\u0259hl\u00fck\u0259sizlik problemi. Ola bilsin bu s\u0259b\u0259b\u0259 az sonra yeni v\u0259 daha ciddi kadr d\u0259yi\u015fikliyinin d\u0259 \u015fahidi olaq&#8230;<\/p>\n<p>Qayidaq s\u00fclh\u0259 haz\u0131rl\u0131q m\u0259s\u0259l\u0259sin\u0259.<\/p>\n<p>Nikol Vovayevi\u00e7in bu x\u00fcsusda m\u00fcsahib\u0259d\u0259 \u201cQ\u0259rbi Az\u0259rbaycan\u201d terminini yada salmas\u0131 t\u0259sad\u00fcf\u0259 ox\u015fam\u0131r. Pa\u015finyan ilk bax\u0131\u015fda bizim qula\u011f\u0131m\u0131za xo\u015f g\u0259l\u0259c\u0259k, radikal-revan\u015fist\u0259ri is\u0259 q\u0131c\u0131qland\u0131racaq \u015f\u0259kild\u0259 deyib: \u201cHaradasa kiml\u0259rins\u0259 \u201cQ\u0259rbi Az\u0259rbaycan\u201d terminind\u0259n istifad\u0259 etm\u0259si biz\u0259 a\u011f\u0131r g\u0259lir, bizi m\u0259yus edir, el\u0259mi? B\u0259s \u00f6z\u00fcm\u00fcz \u201cQ\u0259rbi Erm\u0259nistan\u201d dey\u0259nd\u0259 (T\u00fcrkiy\u0259nin 186.5 min kv km-lik 6 vilay\u0259ti n\u0259z\u0259rd\u0259 tutulur \u2013 red.), bunu kiml\u0259rins\u0259 q\u0131c\u0131qland\u0131rd\u0131\u011f\u0131n\u0131 fikirl\u0259\u015firikmi?\u201d.<\/p>\n<p>Erm\u0259ni ba\u015f nazir ard\u0131nca \u0259lav\u0259 edib: \u201cBunu ona g\u00f6r\u0259 demir\u0259m ki&#8230; \u0130ndi ba\u015flayacaqlar ki, bu, n\u00f6vb\u0259ti satq\u0131nl\u0131qd\u0131r, al\u00e7aql\u0131qd\u0131r (art\u0131q ba\u015flay\u0131b \u2013 red.)&#8230; M\u0259n indi el\u0259 statusdayam v\u0259 el\u0259 m\u0259suliyy\u0259t sahibiy\u0259m ki, s\u0259b\u0259b-n\u0259tic\u0259 \u0259laq\u0259sini xalqa dem\u0259k, g\u00f6st\u0259rm\u0259k m\u0259nim borcumdur. \u018fg\u0259r bunu etm\u0259s\u0259m, dem\u0259li, \u015f\u00fcurlu \u015f\u0259kild\u0259 \u00f6lk\u0259mizi d\u00f6vl\u0259t\u00e7iliyini itirm\u0259y\u0259 apar\u0131ram. Buna yol ver\u0259 bilm\u0259r\u0259m!\u201d<\/p>\n<p>Yeri g\u0259lmi\u015fk\u0259n, bir m\u00fcdd\u0259t \u00f6nc\u0259 N. Pa\u015finyan \u201c1.5 milyon qurban\u0131n adbaad siyas\u0131s\u0131n\u0131 t\u0259rtib etm\u0259yin vacibliyini soyl\u0259m\u0259kl\u0259 qondarma \u201cerm\u0259ni soyq\u0131r\u0131m\u0131\u201d iddias\u0131n\u0131 de-fakto \u015f\u00fcbh\u0259 alt\u0131na alm\u0131\u015fd\u0131. \u201cQ\u0259rbi Erm\u0259nistan\u201d ifad\u0259sin\u0259 t\u0259nqidi v\u0259 ironik yana\u015fma eyni yana\u015fman\u0131n c\u0259sar\u0259tli davam\u0131 say\u0131la bil\u0259r&#8230;<\/p>\n<p>Erm\u0259nistan r\u0259hb\u0259ri m\u00fcsahib\u0259 zamanl\u0131 h\u00f6kum\u0259t ba\u015f\u00e7\u0131s\u0131 v\u0259zif\u0259sin\u0259 g\u0259ldikd\u0259n 6 il sonra q\u0259fild\u0259n niy\u0259 \u00fcz\u00fcn\u00fc q\u0131rxmas\u0131 bar\u0259d\u0259 d\u0259 dan\u0131\u015f\u0131b. Sitat: \u201cBunu b\u00f6y\u00fck q\u0131z\u0131m\u0131n ad g\u00fcn\u00fc \u00fc\u00e7\u00fcn etm\u0259k q\u0259rar\u0131na g\u0259ldim\u201d.<\/p>\n<p>Rutin bir cavab. H\u0259r\u00e7\u0259nd bunu Erm\u0259nistan \u00fc\u00e7\u00fcn t\u0259z\u0259 siyasi d\u00f6n\u0259min anonsu kimi q\u0259bul ed\u0259nl\u0259r d\u0259 az deyil, o c\u00fcml\u0259d\u0259n Az\u0259rbaycanda. D\u0259qiq olan odur ki, Pa\u015finyan b\u0131\u011f-saqqal kimi hakimiyy\u0259td\u0259n asanca \u0259l \u00e7\u0259k\u0259si deyil.<\/p>\n<p>Nec\u0259 dey\u0259rl\u0259r, saqqal \u0259ld\u0259n getdi, hakimiyy\u0259t is\u0259 qal\u0131r. Ger\u00e7\u0259k bel\u0259dir ki, saqqall\u0131 Nikol Bak\u0131 il\u0259 s\u00fclh m\u00fcqavil\u0259si imzalaya bilm\u0259di. B\u0259s saqqals\u0131z Pa\u015finyan bunu bacar\u0131b, ard\u0131nca iqtidarda qala, 2026 se\u00e7kil\u0259rin\u0259 \u00e7\u0131xa bil\u0259c\u0259kmi?..<\/p>\n<p><strong>Analitik xidm\u0259t,<\/strong><br \/>\n<strong>Musavat.com<\/strong><\/p>\n","protected":false},"excerpt":{"rendered":"<p>Erm\u0259nistan ba\u015f naziri Nikol Pa\u015finyan b\u0131\u011f-saqqals\u0131z imicd\u0259 ilk d\u0259f\u0259 yerli \u0130TV-y\u0259 m\u00fcsahib\u0259 verib. Yen\u0259 \u00f6z\u00fcn\u0259 xas t\u0259rzd\u0259 g\u00fcnd\u0259mi \u201csilk\u0259l\u0259m\u0259y\u0259\u201d \u00e7al\u0131\u015f\u0131b. T\u0259bii ki, Az\u0259rbaycanla s\u00fclh m\u00fcqavil\u0259si haqda da dan\u0131\u015f\u0131b. \u0130ddia edib ki, ilin sonunad\u0259k m\u00fcqavil\u0259 imzalamaq \u00fc\u00e7\u00fcn h\u0259r \u015feyi ed\u0259c\u0259k. H\u0259rgah, qar\u015f\u0131dak\u0131 t\u0259xmin\u0259n 40 g\u00fcnl\u00fck m\u00fcdd\u0259td\u0259 buna anil olmaq inand\u0131r\u0131c\u0131 g\u00f6r\u00fcnm\u00fcr. \u00c7\u00fcnki Bak\u0131n\u0131n \u0259sas t\u0259l\u0259bi m\u0259lum: konstitusiya d\u0259yi\u015fikliyi. R\u0259smi \u0130r\u0259van is\u0259 bu y\u00f6nd\u0259 \u00e7ox da h\u0259v\u0259sli deyil. O s\u0259b\u0259b\u0259 hans\u0131sa s\u0259n\u0259d imzalanacaqsa bel\u0259, klassik anlamda o, s\u00fclh m\u00fcqavil\u0259si olmayacaq. Diplomatik \u0259laq\u0259l\u0259rin qurulmas\u0131na v\u0259 s\u0259firl\u0259rin m\u00fcbadil\u0259sin\u0259 g\u0259tirm\u0259y\u0259c\u0259k. Az\u0259rbaycan ona konstitusion \u0259razi iddias\u0131&hellip;<\/p>\n","protected":false},"author":2,"featured_media":770750,"comment_status":"closed","ping_status":"closed","sticky":false,"template":"","format":"standard","meta":{"om_disable_all_campaigns":false,"_monsterinsights_skip_tracking":false,"_monsterinsights_sitenote_active":false,"_monsterinsights_sitenote_note":"","_monsterinsights_sitenote_category":0},"categories":[4],"tags":[],"aioseo_notices":[],"gutentor_comment":0,"rttpg_featured_image_url":{"full":["https:\/\/arantv.az\/wp-content\/uploads\/2024\/11\/450690eb5a7bc32815ff9c0e736ca55c.jpg",870,500,false],"landscape":["https:\/\/arantv.az\/wp-content\/uploads\/2024\/11\/450690eb5a7bc32815ff9c0e736ca55c.jpg",870,500,false],"portraits":["https:\/\/arantv.az\/wp-content\/uploads\/2024\/11\/450690eb5a7bc32815ff9c0e736ca55c.jpg",870,500,false],"thumbnail":["https:\/\/arantv.az\/wp-content\/uploads\/2024\/11\/450690eb5a7bc32815ff9c0e736ca55c-500x280.jpg",500,280,true],"medium":["https:\/\/arantv.az\/wp-content\/uploads\/2024\/11\/450690eb5a7bc32815ff9c0e736ca55c-635x365.jpg",635,365,true],"large":["https:\/\/arantv.az\/wp-content\/uploads\/2024\/11\/450690eb5a7bc32815ff9c0e736ca55c-840x483.jpg",640,368,true],"1536x1536":["https:\/\/arantv.az\/wp-content\/uploads\/2024\/11\/450690eb5a7bc32815ff9c0e736ca55c.jpg",870,500,false],"2048x2048":["https:\/\/arantv.az\/wp-content\/uploads\/2024\/11\/450690eb5a7bc32815ff9c0e736ca55c.jpg",870,500,false],"post-thumbnail":["https:\/\/arantv.az\/wp-content\/uploads\/2024\/11\/450690eb5a7bc32815ff9c0e736ca55c-240x172.jpg",240,172,true],"advps-thumb-one":["https:\/\/arantv.az\/wp-content\/uploads\/2024\/11\/450690eb5a7bc32815ff9c0e736ca55c.jpg",870,500,false]},"rttpg_author":{"display_name":"V\u00fcsal Rafiqo\u011flu","author_link":"https:\/\/arantv.az\/?author=2"},"rttpg_comment":0,"rttpg_category":"<a href=\"https:\/\/arantv.az\/?cat=4\" rel=\"category\">Siyas\u0259t<\/a>","rttpg_excerpt":"Erm\u0259nistan ba\u015f naziri Nikol Pa\u015finyan b\u0131\u011f-saqqals\u0131z imicd\u0259 ilk d\u0259f\u0259 yerli \u0130TV-y\u0259 m\u00fcsahib\u0259 verib. Yen\u0259 \u00f6z\u00fcn\u0259 xas t\u0259rzd\u0259 g\u00fcnd\u0259mi \u201csilk\u0259l\u0259m\u0259y\u0259\u201d \u00e7al\u0131\u015f\u0131b. T\u0259bii ki, Az\u0259rbaycanla s\u00fclh m\u00fcqavil\u0259si haqda da dan\u0131\u015f\u0131b. \u0130ddia edib ki, ilin sonunad\u0259k m\u00fcqavil\u0259 imzalamaq \u00fc\u00e7\u00fcn h\u0259r \u015feyi ed\u0259c\u0259k. H\u0259rgah, qar\u015f\u0131dak\u0131 t\u0259xmin\u0259n 40 g\u00fcnl\u00fck m\u00fcdd\u0259td\u0259 buna anil olmaq inand\u0131r\u0131c\u0131 g\u00f6r\u00fcnm\u00fcr. \u00c7\u00fcnki Bak\u0131n\u0131n \u0259sas t\u0259l\u0259bi m\u0259lum:&hellip;","_links":{"self":[{"href":"https:\/\/arantv.az\/index.php?rest_route=\/wp\/v2\/posts\/770749"}],"collection":[{"href":"https:\/\/arantv.az\/index.php?rest_route=\/wp\/v2\/posts"}],"about":[{"href":"https:\/\/arantv.az\/index.php?rest_route=\/wp\/v2\/types\/post"}],"author":[{"embeddable":true,"href":"https:\/\/arantv.az\/index.php?rest_route=\/wp\/v2\/users\/2"}],"replies":[{"embeddable":true,"href":"https:\/\/arantv.az\/index.php?rest_route=%2Fwp%2Fv2%2Fcomments&post=770749"}],"version-history":[{"count":1,"href":"https:\/\/arantv.az\/index.php?rest_route=\/wp\/v2\/posts\/770749\/revisions"}],"predecessor-version":[{"id":770751,"href":"https:\/\/arantv.az\/index.php?rest_route=\/wp\/v2\/posts\/770749\/revisions\/770751"}],"wp:featuredmedia":[{"embeddable":true,"href":"https:\/\/arantv.az\/index.php?rest_route=\/wp\/v2\/media\/770750"}],"wp:attachment":[{"href":"https:\/\/arantv.az\/index.php?rest_route=%2Fwp%2Fv2%2Fmedia&parent=770749"}],"wp:term":[{"taxonomy":"category","embeddable":true,"href":"https:\/\/arantv.az\/index.php?rest_route=%2Fwp%2Fv2%2Fcategories&post=770749"},{"taxonomy":"post_tag","embeddable":true,"href":"https:\/\/arantv.az\/index.php?rest_route=%2Fwp%2Fv2%2Ftags&post=770749"}],"curies":[{"name":"wp","href":"https:\/\/api.w.org\/{rel}","templated":true}]}}