{"id":770752,"date":"2024-11-23T19:00:57","date_gmt":"2024-11-23T15:00:57","guid":{"rendered":"https:\/\/arantv.az\/?p=770752"},"modified":"2024-11-23T19:00:57","modified_gmt":"2024-11-23T15:00:57","slug":"cop29-da-danisiqlar-pozular-bil%c9%99r-g%c9%99rgin-muzakir%c9%99l%c9%99r-gedir","status":"publish","type":"post","link":"https:\/\/arantv.az\/?p=770752","title":{"rendered":"COP29-da dan\u0131\u015f\u0131qlar pozular bil\u0259r &#8211; G\u0259rgin m\u00fczakir\u0259l\u0259r gedir"},"content":{"rendered":"<p><strong>COP29 \u00e7\u0259r\u00e7iv\u0259sind\u0259 ba\u015f tutan dan\u0131\u015f\u0131qlar pozula bil\u0259r.<\/strong><\/p>\n<p><strong>Bu bar\u0259d\u0259 AnewZ telekanal\u0131 m\u0259lumat yay\u0131b.<\/strong><\/p>\n<p>Telekanal\u0131n m\u0259lumat\u0131na g\u00f6r\u0259, m\u00fczakir\u0259l\u0259r son d\u0259r\u0259c\u0259 g\u0259rgin m\u0259rh\u0259l\u0259y\u0259 daxil olub. Almaniyan\u0131n xarici i\u015fl\u0259r naziri Annalena Berbok, Avropa komissar\u0131 Vopke Hukstra v\u0259 10-a yax\u0131n A\u0130 n\u00fcmay\u0259nd\u0259 hey\u0259tinin r\u0259hb\u0259ri d\u0259 daxil olmaqla, \u0259sas fiqurlar Bak\u0131dad\u0131rlar. S\u0259udiyy\u0259 \u018fr\u0259bistan\u0131n\u0131n energetika naziri d\u0259 dan\u0131\u015f\u0131qlar masas\u0131na qay\u0131d\u0131b.<\/p>\n<p>Bildirilir ki, Qlobal \u015eimal v\u0259 Qlobal C\u0259nub aras\u0131nda d\u0259rin fikir ayr\u0131l\u0131qlar\u0131 var. \u0130nki\u015faf etm\u0259kd\u0259 olan \u00f6lk\u0259l\u0259r, x\u00fcsus\u0259n Ki\u00e7ik Ada \u0130nki\u015faf etm\u0259kd\u0259 olan D\u00f6vl\u0259tl\u0259r v\u0259 Afrika bloku inki\u015faf etmi\u015f \u00f6lk\u0259l\u0259ri maliyy\u0259 \u00f6hd\u0259likl\u0259rin\u0259 \u0259m\u0259l etm\u0259m\u0259kd\u0259 ittiham ed\u0259r\u0259k, d\u0259rin m\u0259yusluqlar\u0131n\u0131 ifad\u0259 edibl\u0259r. Onlar 600 milyard dollardan a\u015fa\u011f\u0131 olan h\u0259r hans\u0131 Yeni Kollektiv K\u0259miyy\u0259tli M\u0259qs\u0259d r\u0259q\u0259mini q\u0259ti \u015f\u0259kild\u0259 r\u0259dd edibl\u0259r.<\/p>\n<p><em><strong>V\u0259ziyy\u0259t Q\u0259rb blokunun 300 milyard dollara q\u0259d\u0259r art\u0131rma ehtimal\u0131 olan 250 milyard dollarl\u0131q son t\u0259klifi etdikd\u0259n sonra g\u0259rginl\u0259\u015fib. T\u0259klif insayderl\u0259r t\u0259r\u0259find\u0259n &#8220;\u00e7ox az, \u00e7ox gec&#8221; kimi qiym\u0259tl\u0259ndirilib.<\/strong><\/em><\/p>\n<p>S\u0259udiyy\u0259 \u018fr\u0259bistan\u0131, Rusiya, \u00c7in v\u0259 Hindistan kimi \u00f6lk\u0259l\u0259r d\u0259 Q\u0259rb blokunun t\u0259sirl\u0259rin azald\u0131lmas\u0131 t\u0259klifl\u0259rin\u0259 k\u0259skin etirazlar\u0131n\u0131 bildirib, onlar\u0131 neft v\u0259 qaz s\u0259nayesin\u0259 q\u0259sd\u0259n h\u00fccum kimi q\u0259bul edibl\u0259r. Bu par\u00e7alanmalar dan\u0131\u015f\u0131qlar\u0131 qeyri-m\u00fc\u0259yy\u0259n, g\u0259rgin m\u0259rh\u0259l\u0259y\u0259 apar\u0131b.<\/p>\n<p>B\u00fct\u00fcn bunlar b\u00f6y\u00fck g\u00fccl\u0259rin fikir ayr\u0131l\u0131qlar\u0131n\u0131 aradan qald\u0131rmaq v\u0259 vahid m\u0259qs\u0259d\u0259 do\u011fru i\u015fl\u0259m\u0259k \u00fc\u00e7\u00fcn m\u00fcbariz\u0259 apard\u0131\u011f\u0131 d\u00fcnyada artan geosiyasi par\u00e7alanman\u0131 a\u00e7\u0131q \u015f\u0259kild\u0259 \u0259ks etdirir.<\/p>\n<p><strong><em>N\u00fcmay\u0259nd\u0259l\u0259rin g\u00fcn\u00fcn sonuna q\u0259d\u0259r raz\u0131la\u015fman\u0131 yekunla\u015fd\u0131rmaq vaxt\u0131 var, \u0259ks halda \u00e7oxlar\u0131 m\u0259kan\u0131 t\u0259rk etm\u0259y\u0259 ba\u015flayacaq.<\/em><\/strong><\/p>\n<p>Plenar iclas \u00fc\u00e7\u00fcn \u0259n az\u0131 60 n\u00fcmay\u0259nd\u0259d\u0259n ibar\u0259t kvorum t\u0259l\u0259b olunur v\u0259 BMT qaydalar\u0131na \u0259sas\u0259n, Az\u0259rbaycan COP29 m\u0259kan\u0131n\u0131 qeyri-m\u00fc\u0259yy\u0259n m\u00fcdd\u0259t\u0259 a\u00e7\u0131q saxlaya bilm\u0259z.<\/p>\n<p>\u0130nki\u015faf etm\u0259kd\u0259 olan \u00f6lk\u0259l\u0259r Q\u0259rb blokunun t\u0259klifl\u0259rini r\u0259dd etm\u0259kl\u0259 h\u0259mr\u0259ylik n\u00fcmayi\u015f etdiribl\u0259r. Onlar bu t\u0259klifl\u0259ri qeyri-adekvat v\u0259 \u0259ks-m\u0259hsuldar hesab ed\u0259r\u0259k, kompromis \u0259ld\u0259 etm\u0259k imkanlar\u0131na mane olurlar. Onlar\u0131n kollektiv m\u0259yuslu\u011fu qlobal iqlim dan\u0131\u015f\u0131qlar\u0131nda \u0259dal\u0259tli h\u0259ll\u0259rin \u0259ld\u0259 edilm\u0259sinin daha geni\u015f probleml\u0259rini vur\u011fulay\u0131r.<\/p>\n<p>Onlar bu t\u0259klifl\u0259ri qeyri-adekvat v\u0259 \u0259ks-m\u0259hsuldar hesab edir, kompromis \u0259ld\u0259 etm\u0259k imkanlar\u0131na mane\u0259 kimi g\u00f6r\u00fcrl\u0259r. Vaxt darald\u0131qca COP29-un taleyi qeyri-m\u00fc\u0259yy\u0259n olaraq qal\u0131r.<\/p>\n<p>Bu dan\u0131\u015f\u0131qlar\u0131n n\u0259tic\u0259si t\u0259kc\u0259 iqliml\u0259 ba\u011fl\u0131 f\u0259aliyy\u0259tin g\u0259l\u0259c\u0259yini formala\u015fd\u0131rmayacaq, h\u0259m d\u0259 qlobal c\u0259miyy\u0259tin b\u00f6l\u00fcnm\u0259sini aradan qald\u0131rmaq v\u0259 d\u00f6vr\u00fcm\u00fcz\u00fcn ortaq \u00e7a\u011f\u0131r\u0131\u015flar\u0131 il\u0259 ba\u011fl\u0131 mesaj ver\u0259c\u0259k.<\/p>\n","protected":false},"excerpt":{"rendered":"<p>COP29 \u00e7\u0259r\u00e7iv\u0259sind\u0259 ba\u015f tutan dan\u0131\u015f\u0131qlar pozula bil\u0259r. Bu bar\u0259d\u0259 AnewZ telekanal\u0131 m\u0259lumat yay\u0131b. Telekanal\u0131n m\u0259lumat\u0131na g\u00f6r\u0259, m\u00fczakir\u0259l\u0259r son d\u0259r\u0259c\u0259 g\u0259rgin m\u0259rh\u0259l\u0259y\u0259 daxil olub. Almaniyan\u0131n xarici i\u015fl\u0259r naziri Annalena Berbok, Avropa komissar\u0131 Vopke Hukstra v\u0259 10-a yax\u0131n A\u0130 n\u00fcmay\u0259nd\u0259 hey\u0259tinin r\u0259hb\u0259ri d\u0259 daxil olmaqla, \u0259sas fiqurlar Bak\u0131dad\u0131rlar. S\u0259udiyy\u0259 \u018fr\u0259bistan\u0131n\u0131n energetika naziri d\u0259 dan\u0131\u015f\u0131qlar masas\u0131na qay\u0131d\u0131b. Bildirilir ki, Qlobal \u015eimal v\u0259 Qlobal C\u0259nub aras\u0131nda d\u0259rin fikir ayr\u0131l\u0131qlar\u0131 var. \u0130nki\u015faf etm\u0259kd\u0259 olan \u00f6lk\u0259l\u0259r, x\u00fcsus\u0259n Ki\u00e7ik Ada \u0130nki\u015faf etm\u0259kd\u0259 olan D\u00f6vl\u0259tl\u0259r v\u0259 Afrika bloku inki\u015faf etmi\u015f \u00f6lk\u0259l\u0259ri maliyy\u0259 \u00f6hd\u0259likl\u0259rin\u0259 \u0259m\u0259l etm\u0259m\u0259kd\u0259 ittiham ed\u0259r\u0259k, d\u0259rin&hellip;<\/p>\n","protected":false},"author":2,"featured_media":770753,"comment_status":"closed","ping_status":"closed","sticky":false,"template":"","format":"standard","meta":{"om_disable_all_campaigns":false,"_monsterinsights_skip_tracking":false,"_monsterinsights_sitenote_active":false,"_monsterinsights_sitenote_note":"","_monsterinsights_sitenote_category":0},"categories":[19],"tags":[],"aioseo_notices":[],"gutentor_comment":0,"rttpg_featured_image_url":{"full":["https:\/\/arantv.az\/wp-content\/uploads\/2024\/11\/109a6b3c87a1e8d8ccd1004ee20d3f3b.jpg",870,500,false],"landscape":["https:\/\/arantv.az\/wp-content\/uploads\/2024\/11\/109a6b3c87a1e8d8ccd1004ee20d3f3b.jpg",870,500,false],"portraits":["https:\/\/arantv.az\/wp-content\/uploads\/2024\/11\/109a6b3c87a1e8d8ccd1004ee20d3f3b.jpg",870,500,false],"thumbnail":["https:\/\/arantv.az\/wp-content\/uploads\/2024\/11\/109a6b3c87a1e8d8ccd1004ee20d3f3b-500x280.jpg",500,280,true],"medium":["https:\/\/arantv.az\/wp-content\/uploads\/2024\/11\/109a6b3c87a1e8d8ccd1004ee20d3f3b-635x365.jpg",635,365,true],"large":["https:\/\/arantv.az\/wp-content\/uploads\/2024\/11\/109a6b3c87a1e8d8ccd1004ee20d3f3b-840x483.jpg",640,368,true],"1536x1536":["https:\/\/arantv.az\/wp-content\/uploads\/2024\/11\/109a6b3c87a1e8d8ccd1004ee20d3f3b.jpg",870,500,false],"2048x2048":["https:\/\/arantv.az\/wp-content\/uploads\/2024\/11\/109a6b3c87a1e8d8ccd1004ee20d3f3b.jpg",870,500,false],"post-thumbnail":["https:\/\/arantv.az\/wp-content\/uploads\/2024\/11\/109a6b3c87a1e8d8ccd1004ee20d3f3b-240x172.jpg",240,172,true],"advps-thumb-one":["https:\/\/arantv.az\/wp-content\/uploads\/2024\/11\/109a6b3c87a1e8d8ccd1004ee20d3f3b.jpg",870,500,false]},"rttpg_author":{"display_name":"V\u00fcsal Rafiqo\u011flu","author_link":"https:\/\/arantv.az\/?author=2"},"rttpg_comment":0,"rttpg_category":"<a href=\"https:\/\/arantv.az\/?cat=19\" rel=\"category\">G\u00fcnd\u0259m<\/a>","rttpg_excerpt":"COP29 \u00e7\u0259r\u00e7iv\u0259sind\u0259 ba\u015f tutan dan\u0131\u015f\u0131qlar pozula bil\u0259r. Bu bar\u0259d\u0259 AnewZ telekanal\u0131 m\u0259lumat yay\u0131b. Telekanal\u0131n m\u0259lumat\u0131na g\u00f6r\u0259, m\u00fczakir\u0259l\u0259r son d\u0259r\u0259c\u0259 g\u0259rgin m\u0259rh\u0259l\u0259y\u0259 daxil olub. Almaniyan\u0131n xarici i\u015fl\u0259r naziri Annalena Berbok, Avropa komissar\u0131 Vopke Hukstra v\u0259 10-a yax\u0131n A\u0130 n\u00fcmay\u0259nd\u0259 hey\u0259tinin r\u0259hb\u0259ri d\u0259 daxil olmaqla, \u0259sas fiqurlar Bak\u0131dad\u0131rlar. S\u0259udiyy\u0259 \u018fr\u0259bistan\u0131n\u0131n energetika naziri d\u0259 dan\u0131\u015f\u0131qlar masas\u0131na qay\u0131d\u0131b. Bildirilir&hellip;","_links":{"self":[{"href":"https:\/\/arantv.az\/index.php?rest_route=\/wp\/v2\/posts\/770752"}],"collection":[{"href":"https:\/\/arantv.az\/index.php?rest_route=\/wp\/v2\/posts"}],"about":[{"href":"https:\/\/arantv.az\/index.php?rest_route=\/wp\/v2\/types\/post"}],"author":[{"embeddable":true,"href":"https:\/\/arantv.az\/index.php?rest_route=\/wp\/v2\/users\/2"}],"replies":[{"embeddable":true,"href":"https:\/\/arantv.az\/index.php?rest_route=%2Fwp%2Fv2%2Fcomments&post=770752"}],"version-history":[{"count":1,"href":"https:\/\/arantv.az\/index.php?rest_route=\/wp\/v2\/posts\/770752\/revisions"}],"predecessor-version":[{"id":770754,"href":"https:\/\/arantv.az\/index.php?rest_route=\/wp\/v2\/posts\/770752\/revisions\/770754"}],"wp:featuredmedia":[{"embeddable":true,"href":"https:\/\/arantv.az\/index.php?rest_route=\/wp\/v2\/media\/770753"}],"wp:attachment":[{"href":"https:\/\/arantv.az\/index.php?rest_route=%2Fwp%2Fv2%2Fmedia&parent=770752"}],"wp:term":[{"taxonomy":"category","embeddable":true,"href":"https:\/\/arantv.az\/index.php?rest_route=%2Fwp%2Fv2%2Fcategories&post=770752"},{"taxonomy":"post_tag","embeddable":true,"href":"https:\/\/arantv.az\/index.php?rest_route=%2Fwp%2Fv2%2Ftags&post=770752"}],"curies":[{"name":"wp","href":"https:\/\/api.w.org\/{rel}","templated":true}]}}