{"id":770771,"date":"2024-11-23T19:07:57","date_gmt":"2024-11-23T15:07:57","guid":{"rendered":"https:\/\/arantv.az\/?p=770771"},"modified":"2024-11-23T19:07:57","modified_gmt":"2024-11-23T15:07:57","slug":"mudafi%c9%99-naziri-ali-bas-komandanin-ordumuzun-gucunu-bir-daha-qeyd-etm%c9%99si-ist%c9%99nil%c9%99n-t%c9%99xribatlara-qarsi-m%c9%99suliyy%c9%99timizi-artirir","status":"publish","type":"post","link":"https:\/\/arantv.az\/?p=770771","title":{"rendered":"M\u00fcdafi\u0259 naziri: Ali Ba\u015f Komandan\u0131n Ordumuzun g\u00fcc\u00fcn\u00fc bir daha qeyd etm\u0259si ist\u0259nil\u0259n t\u0259xribatlara qar\u015f\u0131 m\u0259suliyy\u0259timizi art\u0131r\u0131r"},"content":{"rendered":"<p>Az\u0259rbaycan Prezidenti, Silahl\u0131 Q\u00fcvv\u0259l\u0259rin Ali Ba\u015f Komandan\u0131 \u0130lham \u018fliyevin Ordumuzun g\u00fcc\u00fcn\u00fc, h\u0259rb\u00e7il\u0259rimizin pe\u015f\u0259karl\u0131\u011f\u0131n\u0131, f\u0259dakarl\u0131\u011f\u0131n\u0131 bir daha qeyd etm\u0259si \u015f\u0259xsi hey\u0259ti daha da ruhland\u0131r\u0131r v\u0259 ist\u0259nil\u0259n t\u0259xribatlara qar\u015f\u0131 m\u0259suliyy\u0259timizi art\u0131r\u0131r.<\/p>\n<p>&#8220;Report&#8221;\u00a0<a title=\"xeberler son xeberler 2024\" href=\"https:\/\/big.az\/\" target=\"_blank\" rel=\"noopener\">x\u0259b\u0259r<\/a>\u00a0verir ki, bunu Az\u0259rbaycan\u0131n m\u00fcdafi\u0259 naziri general-polkovnik Zakir H\u0259s\u0259nov noyabr\u0131n 23-d\u0259 M\u00fcdafi\u0259 Nazirliyind\u0259 ke\u00e7iril\u0259n xidm\u0259ti m\u00fc\u015favir\u0259d\u0259 deyib.<\/p>\n<p>M\u00fc\u015favir\u0259d\u0259 Ali Ba\u015f Komandan\u0131n Az\u0259rbaycan Ordusu qar\u015f\u0131s\u0131nda qoydu\u011fu tap\u015f\u0131r\u0131qlar i\u015ftirak\u00e7\u0131lara \u00e7atd\u0131r\u0131l\u0131b.<\/p>\n<div class=\"AdviadNativeVideo\"><\/div>\n<p>Nazir Ali Ba\u015f Komandan\u0131n m\u00fcvafiq tap\u015f\u0131r\u0131qlar\u0131na \u0259sas\u0259n \u015f\u0259xsi hey\u0259tin xidm\u0259ti v\u0259 sosial-m\u0259i\u015f\u0259t \u015f\u0259raitinin daha da yax\u015f\u0131la\u015fd\u0131r\u0131lmas\u0131 istiqam\u0259tind\u0259 g\u00f6r\u00fcl\u0259n i\u015fl\u0259rin plana uy\u011fun davam etdirilm\u0259si il\u0259 ba\u011fl\u0131 g\u00f6st\u0259ri\u015fl\u0259r verib.<\/p>\n<p>Prezident \u0130lham \u018fliyevin Z\u0259f\u0259r park\u0131n\u0131n a\u00e7\u0131l\u0131\u015f\u0131 zaman\u0131 m\u00fcraci\u0259ti v\u0259 dig\u0259r \u00e7\u0131x\u0131\u015flar\u0131ndan ir\u0259li g\u0259l\u0259n tap\u015f\u0131r\u0131qlara toxunan m\u00fcdafi\u0259 naziri Ordunun d\u00f6y\u00fc\u015f qabiliyy\u0259tinin \u0259n y\u00fcks\u0259k s\u0259viyy\u0259d\u0259 saxlanmas\u0131 \u00fc\u00e7\u00fcn d\u00f6vl\u0259t ba\u015f\u00e7\u0131s\u0131 t\u0259r\u0259find\u0259n b\u00fct\u00fcn imkanlar\u0131n yarad\u0131ld\u0131\u011f\u0131n\u0131 qeyd edib.<\/p>\n","protected":false},"excerpt":{"rendered":"<p>Az\u0259rbaycan Prezidenti, Silahl\u0131 Q\u00fcvv\u0259l\u0259rin Ali Ba\u015f Komandan\u0131 \u0130lham \u018fliyevin Ordumuzun g\u00fcc\u00fcn\u00fc, h\u0259rb\u00e7il\u0259rimizin pe\u015f\u0259karl\u0131\u011f\u0131n\u0131, f\u0259dakarl\u0131\u011f\u0131n\u0131 bir daha qeyd etm\u0259si \u015f\u0259xsi hey\u0259ti daha da ruhland\u0131r\u0131r v\u0259 ist\u0259nil\u0259n t\u0259xribatlara qar\u015f\u0131 m\u0259suliyy\u0259timizi art\u0131r\u0131r. &#8220;Report&#8221;\u00a0x\u0259b\u0259r\u00a0verir ki, bunu Az\u0259rbaycan\u0131n m\u00fcdafi\u0259 naziri general-polkovnik Zakir H\u0259s\u0259nov noyabr\u0131n 23-d\u0259 M\u00fcdafi\u0259 Nazirliyind\u0259 ke\u00e7iril\u0259n xidm\u0259ti m\u00fc\u015favir\u0259d\u0259 deyib. M\u00fc\u015favir\u0259d\u0259 Ali Ba\u015f Komandan\u0131n Az\u0259rbaycan Ordusu qar\u015f\u0131s\u0131nda qoydu\u011fu tap\u015f\u0131r\u0131qlar i\u015ftirak\u00e7\u0131lara \u00e7atd\u0131r\u0131l\u0131b. Nazir Ali Ba\u015f Komandan\u0131n m\u00fcvafiq tap\u015f\u0131r\u0131qlar\u0131na \u0259sas\u0259n \u015f\u0259xsi hey\u0259tin xidm\u0259ti v\u0259 sosial-m\u0259i\u015f\u0259t \u015f\u0259raitinin daha da yax\u015f\u0131la\u015fd\u0131r\u0131lmas\u0131 istiqam\u0259tind\u0259 g\u00f6r\u00fcl\u0259n i\u015fl\u0259rin plana uy\u011fun davam etdirilm\u0259si il\u0259 ba\u011fl\u0131 g\u00f6st\u0259ri\u015fl\u0259r verib. Prezident \u0130lham \u018fliyevin Z\u0259f\u0259r park\u0131n\u0131n a\u00e7\u0131l\u0131\u015f\u0131&hellip;<\/p>\n","protected":false},"author":2,"featured_media":770772,"comment_status":"closed","ping_status":"closed","sticky":false,"template":"","format":"standard","meta":{"om_disable_all_campaigns":false,"_monsterinsights_skip_tracking":false,"_monsterinsights_sitenote_active":false,"_monsterinsights_sitenote_note":"","_monsterinsights_sitenote_category":0},"categories":[19],"tags":[],"aioseo_notices":[],"gutentor_comment":0,"rttpg_featured_image_url":{"full":["https:\/\/arantv.az\/wp-content\/uploads\/2024\/11\/eea32188-c04d-3a99-a55c-919b2b8275a4_850_41732360640.jpg",650,405,false],"landscape":["https:\/\/arantv.az\/wp-content\/uploads\/2024\/11\/eea32188-c04d-3a99-a55c-919b2b8275a4_850_41732360640.jpg",650,405,false],"portraits":["https:\/\/arantv.az\/wp-content\/uploads\/2024\/11\/eea32188-c04d-3a99-a55c-919b2b8275a4_850_41732360640.jpg",650,405,false],"thumbnail":["https:\/\/arantv.az\/wp-content\/uploads\/2024\/11\/eea32188-c04d-3a99-a55c-919b2b8275a4_850_41732360640-500x280.jpg",500,280,true],"medium":["https:\/\/arantv.az\/wp-content\/uploads\/2024\/11\/eea32188-c04d-3a99-a55c-919b2b8275a4_850_41732360640-586x365.jpg",586,365,true],"large":["https:\/\/arantv.az\/wp-content\/uploads\/2024\/11\/eea32188-c04d-3a99-a55c-919b2b8275a4_850_41732360640.jpg",640,399,false],"1536x1536":["https:\/\/arantv.az\/wp-content\/uploads\/2024\/11\/eea32188-c04d-3a99-a55c-919b2b8275a4_850_41732360640.jpg",650,405,false],"2048x2048":["https:\/\/arantv.az\/wp-content\/uploads\/2024\/11\/eea32188-c04d-3a99-a55c-919b2b8275a4_850_41732360640.jpg",650,405,false],"post-thumbnail":["https:\/\/arantv.az\/wp-content\/uploads\/2024\/11\/eea32188-c04d-3a99-a55c-919b2b8275a4_850_41732360640-240x172.jpg",240,172,true],"advps-thumb-one":["https:\/\/arantv.az\/wp-content\/uploads\/2024\/11\/eea32188-c04d-3a99-a55c-919b2b8275a4_850_41732360640.jpg",650,405,false]},"rttpg_author":{"display_name":"V\u00fcsal Rafiqo\u011flu","author_link":"https:\/\/arantv.az\/?author=2"},"rttpg_comment":0,"rttpg_category":"<a href=\"https:\/\/arantv.az\/?cat=19\" rel=\"category\">G\u00fcnd\u0259m<\/a>","rttpg_excerpt":"Az\u0259rbaycan Prezidenti, Silahl\u0131 Q\u00fcvv\u0259l\u0259rin Ali Ba\u015f Komandan\u0131 \u0130lham \u018fliyevin Ordumuzun g\u00fcc\u00fcn\u00fc, h\u0259rb\u00e7il\u0259rimizin pe\u015f\u0259karl\u0131\u011f\u0131n\u0131, f\u0259dakarl\u0131\u011f\u0131n\u0131 bir daha qeyd etm\u0259si \u015f\u0259xsi hey\u0259ti daha da ruhland\u0131r\u0131r v\u0259 ist\u0259nil\u0259n t\u0259xribatlara qar\u015f\u0131 m\u0259suliyy\u0259timizi art\u0131r\u0131r. &#8220;Report&#8221;\u00a0x\u0259b\u0259r\u00a0verir ki, bunu Az\u0259rbaycan\u0131n m\u00fcdafi\u0259 naziri general-polkovnik Zakir H\u0259s\u0259nov noyabr\u0131n 23-d\u0259 M\u00fcdafi\u0259 Nazirliyind\u0259 ke\u00e7iril\u0259n xidm\u0259ti m\u00fc\u015favir\u0259d\u0259 deyib. M\u00fc\u015favir\u0259d\u0259 Ali Ba\u015f Komandan\u0131n Az\u0259rbaycan Ordusu qar\u015f\u0131s\u0131nda qoydu\u011fu tap\u015f\u0131r\u0131qlar&hellip;","_links":{"self":[{"href":"https:\/\/arantv.az\/index.php?rest_route=\/wp\/v2\/posts\/770771"}],"collection":[{"href":"https:\/\/arantv.az\/index.php?rest_route=\/wp\/v2\/posts"}],"about":[{"href":"https:\/\/arantv.az\/index.php?rest_route=\/wp\/v2\/types\/post"}],"author":[{"embeddable":true,"href":"https:\/\/arantv.az\/index.php?rest_route=\/wp\/v2\/users\/2"}],"replies":[{"embeddable":true,"href":"https:\/\/arantv.az\/index.php?rest_route=%2Fwp%2Fv2%2Fcomments&post=770771"}],"version-history":[{"count":2,"href":"https:\/\/arantv.az\/index.php?rest_route=\/wp\/v2\/posts\/770771\/revisions"}],"predecessor-version":[{"id":770774,"href":"https:\/\/arantv.az\/index.php?rest_route=\/wp\/v2\/posts\/770771\/revisions\/770774"}],"wp:featuredmedia":[{"embeddable":true,"href":"https:\/\/arantv.az\/index.php?rest_route=\/wp\/v2\/media\/770772"}],"wp:attachment":[{"href":"https:\/\/arantv.az\/index.php?rest_route=%2Fwp%2Fv2%2Fmedia&parent=770771"}],"wp:term":[{"taxonomy":"category","embeddable":true,"href":"https:\/\/arantv.az\/index.php?rest_route=%2Fwp%2Fv2%2Fcategories&post=770771"},{"taxonomy":"post_tag","embeddable":true,"href":"https:\/\/arantv.az\/index.php?rest_route=%2Fwp%2Fv2%2Ftags&post=770771"}],"curies":[{"name":"wp","href":"https:\/\/api.w.org\/{rel}","templated":true}]}}