{"id":770778,"date":"2024-11-23T19:09:43","date_gmt":"2024-11-23T15:09:43","guid":{"rendered":"https:\/\/arantv.az\/?p=770778"},"modified":"2024-11-23T19:10:04","modified_gmt":"2024-11-23T15:10:04","slug":"zakir-h%c9%99s%c9%99nov-ordunun-doyus-hazirligi-il%c9%99-bagli-konkret-tapsiriqlar-verib","status":"publish","type":"post","link":"https:\/\/arantv.az\/?p=770778","title":{"rendered":"Zakir H\u0259s\u0259nov ordunun d\u00f6y\u00fc\u015f haz\u0131rl\u0131\u011f\u0131 il\u0259 ba\u011fl\u0131 konkret tap\u015f\u0131r\u0131qlar verib"},"content":{"rendered":"<p>M\u00fcdafi\u0259 naziri Zakir H\u0259s\u0259nov bu g\u00fcn ke\u00e7iril\u0259n xidm\u0259ti m\u00fc\u015favir\u0259 zaman\u0131 b\u0259zi tap\u015f\u0131r\u0131qlar verib.<\/p>\n<p>Bu bar\u0259d\u0259\u00a0<a title=\"xeberler son xeberler 2024\" href=\"https:\/\/big.az\/\" target=\"_blank\" rel=\"noopener\">BiG.AZ<\/a>-a M\u00fcdafi\u0259 Nazirliyind\u0259n m\u0259lumat verilib.<\/p>\n<p>Qeyd edilib ki, q\u0131\u015f m\u00f6vs\u00fcm\u00fc t\u0259dbirl\u0259rinin g\u00fccl\u0259ndirilm\u0259sinin, x\u00fcsusil\u0259 da\u011fl\u0131q \u0259razil\u0259rd\u0259, s\u0259rt iqlim \u015f\u0259raitind\u0259 yerl\u0259\u015f\u0259n b\u00f6lm\u0259l\u0259rd\u0259 \u0259rzaq, \u0259\u015fya, yanacaq, odun ehtiyat\u0131n\u0131n normalara uy\u011fun saxlanmas\u0131n\u0131n, \u015f\u0259xsi hey\u0259tin sa\u011flaml\u0131\u011f\u0131na diqq\u0259t yetirilm\u0259sinin, m\u00f6vs\u00fcmi x\u0259st\u0259likl\u0259rd\u0259n qorunma v\u0259 isti geyiml\u0259 t\u0259min edilm\u0259sinin z\u0259ruriliyi bildirilib.<\/p>\n<div class=\"AdviadNativeVideo\"><\/div>\n<p>General-polkovnik Z.H\u0259s\u0259nov qo\u015fun xidm\u0259tinin t\u0259\u015fkilin\u0259, \u015f\u0259xsi hey\u0259tin d\u00f6y\u00fc\u015f haz\u0131rl\u0131\u011f\u0131 v\u0259 f\u0259rdi pe\u015f\u0259karl\u0131\u011f\u0131na x\u00fcsusi diqq\u0259t yetirilm\u0259si il\u0259 ba\u011fl\u0131 aidiyy\u0259ti \u015f\u0259xsl\u0259r qar\u015f\u0131s\u0131nda konkret tap\u015f\u0131r\u0131qlar qoyub.<\/p>\n<p>M\u00fcdafi\u0259 naziri Z.H\u0259s\u0259nov d\u00f6y\u00fc\u015f n\u00f6vb\u0259t\u00e7iliyinin apar\u0131lmas\u0131, el\u0259c\u0259 d\u0259 g\u00fcnd\u0259lik xidm\u0259ti f\u0259aliyy\u0259t zaman\u0131 t\u0259hl\u00fck\u0259sizlik qaydalar\u0131na ciddi riay\u0259t olunmas\u0131 v\u0259 \u015f\u0259xsi hey\u0259tin m\u0259n\u0259vi-psixoloji v\u0259ziyy\u0259tinin h\u0259r zaman y\u00fcks\u0259k s\u0259viyy\u0259d\u0259 saxlan\u0131lmas\u0131 bar\u0259d\u0259 m\u00fcvafiq g\u00f6st\u0259ri\u015fl\u0259r verib.<\/p>\n","protected":false},"excerpt":{"rendered":"<p>M\u00fcdafi\u0259 naziri Zakir H\u0259s\u0259nov bu g\u00fcn ke\u00e7iril\u0259n xidm\u0259ti m\u00fc\u015favir\u0259 zaman\u0131 b\u0259zi tap\u015f\u0131r\u0131qlar verib. Bu bar\u0259d\u0259\u00a0BiG.AZ-a M\u00fcdafi\u0259 Nazirliyind\u0259n m\u0259lumat verilib. Qeyd edilib ki, q\u0131\u015f m\u00f6vs\u00fcm\u00fc t\u0259dbirl\u0259rinin g\u00fccl\u0259ndirilm\u0259sinin, x\u00fcsusil\u0259 da\u011fl\u0131q \u0259razil\u0259rd\u0259, s\u0259rt iqlim \u015f\u0259raitind\u0259 yerl\u0259\u015f\u0259n b\u00f6lm\u0259l\u0259rd\u0259 \u0259rzaq, \u0259\u015fya, yanacaq, odun ehtiyat\u0131n\u0131n normalara uy\u011fun saxlanmas\u0131n\u0131n, \u015f\u0259xsi hey\u0259tin sa\u011flaml\u0131\u011f\u0131na diqq\u0259t yetirilm\u0259sinin, m\u00f6vs\u00fcmi x\u0259st\u0259likl\u0259rd\u0259n qorunma v\u0259 isti geyiml\u0259 t\u0259min edilm\u0259sinin z\u0259ruriliyi bildirilib. General-polkovnik Z.H\u0259s\u0259nov qo\u015fun xidm\u0259tinin t\u0259\u015fkilin\u0259, \u015f\u0259xsi hey\u0259tin d\u00f6y\u00fc\u015f haz\u0131rl\u0131\u011f\u0131 v\u0259 f\u0259rdi pe\u015f\u0259karl\u0131\u011f\u0131na x\u00fcsusi diqq\u0259t yetirilm\u0259si il\u0259 ba\u011fl\u0131 aidiyy\u0259ti \u015f\u0259xsl\u0259r qar\u015f\u0131s\u0131nda konkret tap\u015f\u0131r\u0131qlar qoyub. M\u00fcdafi\u0259 naziri Z.H\u0259s\u0259nov d\u00f6y\u00fc\u015f n\u00f6vb\u0259t\u00e7iliyinin apar\u0131lmas\u0131, el\u0259c\u0259 d\u0259 g\u00fcnd\u0259lik xidm\u0259ti&hellip;<\/p>\n","protected":false},"author":2,"featured_media":770779,"comment_status":"closed","ping_status":"closed","sticky":false,"template":"","format":"standard","meta":{"om_disable_all_campaigns":false,"_monsterinsights_skip_tracking":false,"_monsterinsights_sitenote_active":false,"_monsterinsights_sitenote_note":"","_monsterinsights_sitenote_category":0},"categories":[10],"tags":[],"aioseo_notices":[],"gutentor_comment":0,"rttpg_featured_image_url":{"full":["https:\/\/arantv.az\/wp-content\/uploads\/2024\/11\/b8911a60-4198-37bd-a494-d3ec3c1cbfb1_850.jpg",650,405,false],"landscape":["https:\/\/arantv.az\/wp-content\/uploads\/2024\/11\/b8911a60-4198-37bd-a494-d3ec3c1cbfb1_850.jpg",650,405,false],"portraits":["https:\/\/arantv.az\/wp-content\/uploads\/2024\/11\/b8911a60-4198-37bd-a494-d3ec3c1cbfb1_850.jpg",650,405,false],"thumbnail":["https:\/\/arantv.az\/wp-content\/uploads\/2024\/11\/b8911a60-4198-37bd-a494-d3ec3c1cbfb1_850-500x280.jpg",500,280,true],"medium":["https:\/\/arantv.az\/wp-content\/uploads\/2024\/11\/b8911a60-4198-37bd-a494-d3ec3c1cbfb1_850-586x365.jpg",586,365,true],"large":["https:\/\/arantv.az\/wp-content\/uploads\/2024\/11\/b8911a60-4198-37bd-a494-d3ec3c1cbfb1_850.jpg",640,399,false],"1536x1536":["https:\/\/arantv.az\/wp-content\/uploads\/2024\/11\/b8911a60-4198-37bd-a494-d3ec3c1cbfb1_850.jpg",650,405,false],"2048x2048":["https:\/\/arantv.az\/wp-content\/uploads\/2024\/11\/b8911a60-4198-37bd-a494-d3ec3c1cbfb1_850.jpg",650,405,false],"post-thumbnail":["https:\/\/arantv.az\/wp-content\/uploads\/2024\/11\/b8911a60-4198-37bd-a494-d3ec3c1cbfb1_850-240x172.jpg",240,172,true],"advps-thumb-one":["https:\/\/arantv.az\/wp-content\/uploads\/2024\/11\/b8911a60-4198-37bd-a494-d3ec3c1cbfb1_850.jpg",650,405,false]},"rttpg_author":{"display_name":"V\u00fcsal Rafiqo\u011flu","author_link":"https:\/\/arantv.az\/?author=2"},"rttpg_comment":0,"rttpg_category":"<a href=\"https:\/\/arantv.az\/?cat=10\" rel=\"category\">C\u0259bh\u0259d\u0259n X\u0259b\u0259r<\/a>","rttpg_excerpt":"M\u00fcdafi\u0259 naziri Zakir H\u0259s\u0259nov bu g\u00fcn ke\u00e7iril\u0259n xidm\u0259ti m\u00fc\u015favir\u0259 zaman\u0131 b\u0259zi tap\u015f\u0131r\u0131qlar verib. Bu bar\u0259d\u0259\u00a0BiG.AZ-a M\u00fcdafi\u0259 Nazirliyind\u0259n m\u0259lumat verilib. Qeyd edilib ki, q\u0131\u015f m\u00f6vs\u00fcm\u00fc t\u0259dbirl\u0259rinin g\u00fccl\u0259ndirilm\u0259sinin, x\u00fcsusil\u0259 da\u011fl\u0131q \u0259razil\u0259rd\u0259, s\u0259rt iqlim \u015f\u0259raitind\u0259 yerl\u0259\u015f\u0259n b\u00f6lm\u0259l\u0259rd\u0259 \u0259rzaq, \u0259\u015fya, yanacaq, odun ehtiyat\u0131n\u0131n normalara uy\u011fun saxlanmas\u0131n\u0131n, \u015f\u0259xsi hey\u0259tin sa\u011flaml\u0131\u011f\u0131na diqq\u0259t yetirilm\u0259sinin, m\u00f6vs\u00fcmi x\u0259st\u0259likl\u0259rd\u0259n qorunma v\u0259 isti geyiml\u0259 t\u0259min edilm\u0259sinin&hellip;","_links":{"self":[{"href":"https:\/\/arantv.az\/index.php?rest_route=\/wp\/v2\/posts\/770778"}],"collection":[{"href":"https:\/\/arantv.az\/index.php?rest_route=\/wp\/v2\/posts"}],"about":[{"href":"https:\/\/arantv.az\/index.php?rest_route=\/wp\/v2\/types\/post"}],"author":[{"embeddable":true,"href":"https:\/\/arantv.az\/index.php?rest_route=\/wp\/v2\/users\/2"}],"replies":[{"embeddable":true,"href":"https:\/\/arantv.az\/index.php?rest_route=%2Fwp%2Fv2%2Fcomments&post=770778"}],"version-history":[{"count":1,"href":"https:\/\/arantv.az\/index.php?rest_route=\/wp\/v2\/posts\/770778\/revisions"}],"predecessor-version":[{"id":770780,"href":"https:\/\/arantv.az\/index.php?rest_route=\/wp\/v2\/posts\/770778\/revisions\/770780"}],"wp:featuredmedia":[{"embeddable":true,"href":"https:\/\/arantv.az\/index.php?rest_route=\/wp\/v2\/media\/770779"}],"wp:attachment":[{"href":"https:\/\/arantv.az\/index.php?rest_route=%2Fwp%2Fv2%2Fmedia&parent=770778"}],"wp:term":[{"taxonomy":"category","embeddable":true,"href":"https:\/\/arantv.az\/index.php?rest_route=%2Fwp%2Fv2%2Fcategories&post=770778"},{"taxonomy":"post_tag","embeddable":true,"href":"https:\/\/arantv.az\/index.php?rest_route=%2Fwp%2Fv2%2Ftags&post=770778"}],"curies":[{"name":"wp","href":"https:\/\/api.w.org\/{rel}","templated":true}]}}