{"id":770802,"date":"2024-11-23T19:19:06","date_gmt":"2024-11-23T15:19:06","guid":{"rendered":"https:\/\/arantv.az\/?p=770802"},"modified":"2024-11-23T19:19:06","modified_gmt":"2024-11-23T15:19:06","slug":"az%c9%99rbaycanin-qlobal-s%c9%99viyy%c9%99d%c9%99-daha-bir-uguru-s%c9%99rh","status":"publish","type":"post","link":"https:\/\/arantv.az\/?p=770802","title":{"rendered":"Az\u0259rbaycan\u0131n qlobal s\u0259viyy\u0259d\u0259 daha bir u\u011furu &#8211; \u015e\u018fRH"},"content":{"rendered":"<p>Az\u0259rbaycan BMT-nin \u0130qlim D\u0259yi\u015fm\u0259l\u0259ri \u00fczr\u0259 \u00c7\u0259r\u00e7iv\u0259 Konvensiyas\u0131n\u0131n T\u0259r\u0259fl\u0259r Konfrans\u0131n\u0131n 29-cu sessiyas\u0131na (COP29) u\u011furla ev sahibliyi edib. Ancaq b\u0259zi d\u00f6vl\u0259tl\u0259r v\u0259 t\u0259\u015fkilatlar t\u0259dbirin Bak\u0131da ke\u00e7irilm\u0259sin\u0259 xo\u015fag\u0259lm\u0259z yana\u015fma s\u0259rgil\u0259m\u0259kl\u0259 \u00f6zl\u0259rinin humanitar m\u0259s\u0259l\u0259l\u0259r\u0259 m\u0259nfi m\u00fcnasib\u0259tl\u0259rini if\u015fa etdil\u0259r.<\/p>\n<p>Fransa kimi \u00f6z\u00fcn\u00fc m\u0259d\u0259ni d\u00fcnyan\u0131n t\u0259msil\u00e7isi sayan bir d\u00f6vl\u0259tin beyn\u0259lxalq t\u0259dbiri boykota \u00e7a\u011f\u0131r\u0131\u015f\u0131 fiaskoya u\u011frad\u0131. Yaxud s\u00fclhd\u0259n, Az\u0259rbaycanla m\u00fcnasib\u0259tl\u0259rin normalla\u015fmas\u0131ndan ancaq dan\u0131\u015fma\u011f\u0131 bacaran Erm\u0259nistan hakimiyy\u0259tinin sessiyada i\u015ftirak etm\u0259m\u0259si r\u0259smi \u0130r\u0259van\u0131n iki\u00fczl\u00fcl\u00fcy\u00fcn\u00fc, etibars\u0131zl\u0131\u011f\u0131n\u0131 t\u0259sdiql\u0259yib. COP29-un Bak\u0131da ke\u00e7irilm\u0259sin\u0259 raz\u0131l\u0131q verdiyi halda, Yelisey saray\u0131n\u0131n siyasi ambisiyalar\u0131na uyaraq prezident Emmanuel Makrona t\u0259\u0259ss\u00fcbke\u015flik etm\u0259kl\u0259 Erm\u0259nistan hakimiyy\u0259ti s\u00fclh\u0259, normalla\u015fmaya, ikit\u0259r\u0259fli m\u00fcnasib\u0259tl\u0259rin qurulmas\u0131na h\u0259l\u0259 d\u0259 haz\u0131r olmad\u0131\u011f\u0131n\u0131 n\u00fcmayi\u015f etdirib.<\/p>\n<div class=\"news-image\">\n<div class=\"image\"><img src=\"https:\/\/static.report.az\/photo\/d0fdf03c-52df-3841-a972-16059c0ebda7.jpg\" alt=\"\" data-cfsrc=\"https:\/\/static.report.az\/photo\/d0fdf03c-52df-3841-a972-16059c0ebda7.jpg\" \/><\/div>\n<\/div>\n<p>Q\u0131sa xat\u0131rlatma. 2023-c\u00fc il dekabr\u0131n 11-d\u0259 Birl\u0259\u015fmi\u015f \u018fr\u0259b \u018fmirlikl\u0259rind\u0259 COP28-d\u0259 COP29-un \u015e\u0259rqi Avropa Qrupunun \u00fczv\u00fc olaraq Az\u0259rbaycanda ke\u00e7irilm\u0259sin\u0259 dair q\u0259rar q\u0259bul edilib. Bu, Az\u0259rbaycan d\u00f6vl\u0259ti v\u0259 Prezident \u0130lham \u018fliyevin beyn\u0259lxalq al\u0259md\u0259 n\u00fcfuzunun g\u00f6st\u0259ricisi idi. \u00c7\u00fcnki \u00f6lk\u0259nin namiz\u0259dliyi b\u00f6y\u00fck s\u0259s \u00e7oxlu\u011fu il\u0259 q\u0259bul olunmu\u015fdu.<\/p>\n<p>Sessiyan\u0131n Bak\u0131da ke\u00e7irilm\u0259si Az\u0259rbaycan\u0131n bir s\u0131ra beyn\u0259lxalq t\u0259dbirl\u0259r\u0259 u\u011furla ev sahibliyi etm\u0259sin\u0259 g\u00f6r\u0259 g\u00f6st\u0259ril\u0259n etimad idi. Az\u0259rbaycan pandemiya d\u00f6vr\u00fcnd\u0259 etdiyi humanitar yard\u0131mlar v\u0259 ke\u00e7irdiyi videokonfransla da bunu isbatlam\u0131\u015fd\u0131.<\/p>\n<p>Qeyd ed\u0259k ki, Az\u0259rbaycan BMT-nin \u0130qlim D\u0259yi\u015fm\u0259l\u0259ri \u00fczr\u0259 \u00c7\u0259r\u00e7iv\u0259 Konvensiyas\u0131na t\u0259r\u0259f olmaqla qlobal iqlim d\u0259yi\u015fm\u0259l\u0259rin\u0259 qar\u015f\u0131 m\u00fcbariz\u0259y\u0259 qo\u015fulub. Respublika 1990-c\u0131 ill\u0259 m\u00fcqayis\u0259d\u0259 2030-cu il\u0259 q\u0259d\u0259r istixana qazlar\u0131n\u0131n miqdar\u0131n\u0131 35 faiz azaltma\u011f\u0131 qar\u015f\u0131s\u0131na m\u0259qs\u0259d qoyub. 2050-ci il\u0259 q\u0259d\u0259r istixana qazlar\u0131n\u0131n miqdar\u0131n\u0131 40 faiz azald\u0131lmas\u0131 da ba\u015fl\u0131ca h\u0259d\u0259fl\u0259rd\u0259ndir.<\/p>\n<div class=\"news-image\">\n<div class=\"image\"><img src=\"https:\/\/static.report.az\/photo\/cebb7c2a-d768-3515-8aa1-f3c54bcfd5d3.jpg\" alt=\"\" data-cfsrc=\"https:\/\/static.report.az\/photo\/cebb7c2a-d768-3515-8aa1-f3c54bcfd5d3.jpg\" \/><\/div>\n<\/div>\n<p>Prezident \u0130lham \u018fliyev i\u015f\u011faldan azad edilmi\u015f Az\u0259rbaycan torpaqlar\u0131n\u0131 \u201cYa\u015f\u0131l enerji\u201d zonas\u0131 elan edib. Bu \u0259razil\u0259rin 2050-ci il\u0259d\u0259k \u201cNetto s\u0131f\u0131r emissiya\u201d zonas\u0131na \u00e7evrilm\u0259si n\u0259z\u0259rd\u0259 tutulub.<\/p>\n<p>Bu, iqtisadiyyat\u0131 inki\u015faf etmi\u015f \u00f6lk\u0259l\u0259r\u0259 d\u0259 \u00f6z\u00fcn\u0259m\u0259xsus ismar\u0131\u015f say\u0131la bil\u0259r.<\/p>\n<p>Az\u0259rbaycan t\u0259dbir\u0259 u\u011furla ev sahibliyi etm\u0259kl\u0259 beyn\u0259lxalq ictimaiyy\u0259tin bir daha etimad\u0131n\u0131 v\u0259 etibar\u0131n\u0131 qazan\u0131b. COP29 d\u00f6vl\u0259tin artan n\u00fcfuzuna daha bir \u00e7alar qat\u0131b. Qonaqlar\u0131n q\u0259bulu, onlar\u0131n yerl\u0259\u015fdirilm\u0259si, t\u0259hl\u00fck\u0259sizliyinin t\u0259min edilm\u0259si v\u0259 ba\u015fqa m\u0259s\u0259l\u0259l\u0259r u\u011furlu t\u0259\u015fkilat\u00e7\u0131l\u0131\u011fa \u00f6rn\u0259k ola bil\u0259r.<\/p>\n<div class=\"news-image\">\n<div class=\"image\"><img src=\"https:\/\/static.report.az\/photo\/d33bac31-811b-3ef2-86ee-d603427f965b.jpg\" alt=\"\" data-cfsrc=\"https:\/\/static.report.az\/photo\/d33bac31-811b-3ef2-86ee-d603427f965b.jpg\" \/><\/div>\n<\/div>\n<p>Prezident \u0130lham \u018fliyev noyabr\u0131n 12-d\u0259 Bak\u0131da COP29-un Liderl\u0259r Sammitinin a\u00e7\u0131l\u0131\u015f m\u0259rasimind\u0259ki \u00e7\u0131x\u0131\u015f\u0131nda bildirmi\u015fdi: \u201cBizim 196 \u00f6lk\u0259d\u0259n 72 min qeydiyyata al\u0131nm\u0131\u015f i\u015ftirak\u00e7\u0131m\u0131z var. Onlar\u0131n aras\u0131nda 80 prezident, vitse-prezident v\u0259 ba\u015f nazir var. Bel\u0259likl\u0259, d\u00fcnya Bak\u0131da topla\u015f\u0131b v\u0259 biz d\u00fcnyaya deyirik ki, \u201cAz\u0259rbaycana xo\u015f g\u0259lmisiniz!\u201d.<\/p>\n<p>COP29 bir daha s\u00fcbut etdi ki, Az\u0259rbaycan d\u00fcnyada b\u00f6y\u00fck n\u00fcfuza malik, beyn\u0259lxalq ictimaiyy\u0259tin g\u00f6z\u00fcnd\u0259 etibar, h\u00f6rm\u0259t qazanm\u0131\u015f d\u00f6vl\u0259tdir. R\u0259smi Bak\u0131 sessiyan\u0131 u\u011furlu t\u0259\u015fkil etm\u0259kl\u0259 ona etimad ed\u0259nl\u0259rin d\u0259 \u00fcmidl\u0259rini do\u011frultmu\u015f oldu. Bu, \u00e7oxlu sayda d\u00f6vl\u0259t v\u0259 h\u00f6kum\u0259t ba\u015f\u00e7\u0131lar\u0131n\u0131n, onminl\u0259rl\u0259 qona\u011f\u0131n t\u0259dbird\u0259 i\u015ftirak\u0131nda v\u0259 t\u0259\u015fkilat\u00e7\u0131ya \u00fcnvanlad\u0131qlar\u0131 xo\u015f s\u00f6zl\u0259rd\u0259 d\u0259 \u0259ksinin tap\u0131b. Bununla da COP29 \u0259n \u00e7ox d\u00f6vl\u0259t v\u0259 h\u00f6kum\u0259t ba\u015f\u00e7\u0131lar\u0131n\u0131n i\u015ftirak etdiyi t\u0259dbirl\u0259rd\u0259n biri olub. Sessiyan\u0131n sonrak\u0131 g\u00fcnl\u0259rind\u0259 76 min n\u0259f\u0259rin qeydiyyatdan ke\u00e7m\u0259si d\u00fcnya iqlim konfranslar\u0131n\u0131n tarixind\u0259 yeni rekord say\u0131l\u0131r.<\/p>\n<p>Bel\u0259likl\u0259, Az\u0259rbaycan bu qlobal toplant\u0131n\u0131 u\u011furla t\u0259\u015fkil etm\u0259kl\u0259 daha bir s\u0131naqdan u\u011furla \u00e7\u0131x\u0131b.<\/p>\n<p><strong>S\u0259dr\u0259ddin Soltan<\/strong><\/p>\n","protected":false},"excerpt":{"rendered":"<p>Az\u0259rbaycan BMT-nin \u0130qlim D\u0259yi\u015fm\u0259l\u0259ri \u00fczr\u0259 \u00c7\u0259r\u00e7iv\u0259 Konvensiyas\u0131n\u0131n T\u0259r\u0259fl\u0259r Konfrans\u0131n\u0131n 29-cu sessiyas\u0131na (COP29) u\u011furla ev sahibliyi edib. Ancaq b\u0259zi d\u00f6vl\u0259tl\u0259r v\u0259 t\u0259\u015fkilatlar t\u0259dbirin Bak\u0131da ke\u00e7irilm\u0259sin\u0259 xo\u015fag\u0259lm\u0259z yana\u015fma s\u0259rgil\u0259m\u0259kl\u0259 \u00f6zl\u0259rinin humanitar m\u0259s\u0259l\u0259l\u0259r\u0259 m\u0259nfi m\u00fcnasib\u0259tl\u0259rini if\u015fa etdil\u0259r. Fransa kimi \u00f6z\u00fcn\u00fc m\u0259d\u0259ni d\u00fcnyan\u0131n t\u0259msil\u00e7isi sayan bir d\u00f6vl\u0259tin beyn\u0259lxalq t\u0259dbiri boykota \u00e7a\u011f\u0131r\u0131\u015f\u0131 fiaskoya u\u011frad\u0131. Yaxud s\u00fclhd\u0259n, Az\u0259rbaycanla m\u00fcnasib\u0259tl\u0259rin normalla\u015fmas\u0131ndan ancaq dan\u0131\u015fma\u011f\u0131 bacaran Erm\u0259nistan hakimiyy\u0259tinin sessiyada i\u015ftirak etm\u0259m\u0259si r\u0259smi \u0130r\u0259van\u0131n iki\u00fczl\u00fcl\u00fcy\u00fcn\u00fc, etibars\u0131zl\u0131\u011f\u0131n\u0131 t\u0259sdiql\u0259yib. COP29-un Bak\u0131da ke\u00e7irilm\u0259sin\u0259 raz\u0131l\u0131q verdiyi halda, Yelisey saray\u0131n\u0131n siyasi ambisiyalar\u0131na uyaraq prezident Emmanuel Makrona t\u0259\u0259ss\u00fcbke\u015flik etm\u0259kl\u0259 Erm\u0259nistan hakimiyy\u0259ti s\u00fclh\u0259, normalla\u015fmaya, ikit\u0259r\u0259fli m\u00fcnasib\u0259tl\u0259rin qurulmas\u0131na&hellip;<\/p>\n","protected":false},"author":2,"featured_media":770803,"comment_status":"closed","ping_status":"closed","sticky":false,"template":"","format":"standard","meta":{"om_disable_all_campaigns":false,"_monsterinsights_skip_tracking":false,"_monsterinsights_sitenote_active":false,"_monsterinsights_sitenote_note":"","_monsterinsights_sitenote_category":0},"categories":[19],"tags":[],"aioseo_notices":[],"gutentor_comment":0,"rttpg_featured_image_url":{"full":["https:\/\/arantv.az\/wp-content\/uploads\/2024\/11\/d1da4919dba29fa9ef0269bc5a856780.jpg",870,500,false],"landscape":["https:\/\/arantv.az\/wp-content\/uploads\/2024\/11\/d1da4919dba29fa9ef0269bc5a856780.jpg",870,500,false],"portraits":["https:\/\/arantv.az\/wp-content\/uploads\/2024\/11\/d1da4919dba29fa9ef0269bc5a856780.jpg",870,500,false],"thumbnail":["https:\/\/arantv.az\/wp-content\/uploads\/2024\/11\/d1da4919dba29fa9ef0269bc5a856780-500x280.jpg",500,280,true],"medium":["https:\/\/arantv.az\/wp-content\/uploads\/2024\/11\/d1da4919dba29fa9ef0269bc5a856780-635x365.jpg",635,365,true],"large":["https:\/\/arantv.az\/wp-content\/uploads\/2024\/11\/d1da4919dba29fa9ef0269bc5a856780-840x483.jpg",640,368,true],"1536x1536":["https:\/\/arantv.az\/wp-content\/uploads\/2024\/11\/d1da4919dba29fa9ef0269bc5a856780.jpg",870,500,false],"2048x2048":["https:\/\/arantv.az\/wp-content\/uploads\/2024\/11\/d1da4919dba29fa9ef0269bc5a856780.jpg",870,500,false],"post-thumbnail":["https:\/\/arantv.az\/wp-content\/uploads\/2024\/11\/d1da4919dba29fa9ef0269bc5a856780-240x172.jpg",240,172,true],"advps-thumb-one":["https:\/\/arantv.az\/wp-content\/uploads\/2024\/11\/d1da4919dba29fa9ef0269bc5a856780.jpg",870,500,false]},"rttpg_author":{"display_name":"V\u00fcsal Rafiqo\u011flu","author_link":"https:\/\/arantv.az\/?author=2"},"rttpg_comment":0,"rttpg_category":"<a href=\"https:\/\/arantv.az\/?cat=19\" rel=\"category\">G\u00fcnd\u0259m<\/a>","rttpg_excerpt":"Az\u0259rbaycan BMT-nin \u0130qlim D\u0259yi\u015fm\u0259l\u0259ri \u00fczr\u0259 \u00c7\u0259r\u00e7iv\u0259 Konvensiyas\u0131n\u0131n T\u0259r\u0259fl\u0259r Konfrans\u0131n\u0131n 29-cu sessiyas\u0131na (COP29) u\u011furla ev sahibliyi edib. Ancaq b\u0259zi d\u00f6vl\u0259tl\u0259r v\u0259 t\u0259\u015fkilatlar t\u0259dbirin Bak\u0131da ke\u00e7irilm\u0259sin\u0259 xo\u015fag\u0259lm\u0259z yana\u015fma s\u0259rgil\u0259m\u0259kl\u0259 \u00f6zl\u0259rinin humanitar m\u0259s\u0259l\u0259l\u0259r\u0259 m\u0259nfi m\u00fcnasib\u0259tl\u0259rini if\u015fa etdil\u0259r. Fransa kimi \u00f6z\u00fcn\u00fc m\u0259d\u0259ni d\u00fcnyan\u0131n t\u0259msil\u00e7isi sayan bir d\u00f6vl\u0259tin beyn\u0259lxalq t\u0259dbiri boykota \u00e7a\u011f\u0131r\u0131\u015f\u0131 fiaskoya u\u011frad\u0131. Yaxud s\u00fclhd\u0259n, Az\u0259rbaycanla m\u00fcnasib\u0259tl\u0259rin normalla\u015fmas\u0131ndan ancaq&hellip;","_links":{"self":[{"href":"https:\/\/arantv.az\/index.php?rest_route=\/wp\/v2\/posts\/770802"}],"collection":[{"href":"https:\/\/arantv.az\/index.php?rest_route=\/wp\/v2\/posts"}],"about":[{"href":"https:\/\/arantv.az\/index.php?rest_route=\/wp\/v2\/types\/post"}],"author":[{"embeddable":true,"href":"https:\/\/arantv.az\/index.php?rest_route=\/wp\/v2\/users\/2"}],"replies":[{"embeddable":true,"href":"https:\/\/arantv.az\/index.php?rest_route=%2Fwp%2Fv2%2Fcomments&post=770802"}],"version-history":[{"count":2,"href":"https:\/\/arantv.az\/index.php?rest_route=\/wp\/v2\/posts\/770802\/revisions"}],"predecessor-version":[{"id":770805,"href":"https:\/\/arantv.az\/index.php?rest_route=\/wp\/v2\/posts\/770802\/revisions\/770805"}],"wp:featuredmedia":[{"embeddable":true,"href":"https:\/\/arantv.az\/index.php?rest_route=\/wp\/v2\/media\/770803"}],"wp:attachment":[{"href":"https:\/\/arantv.az\/index.php?rest_route=%2Fwp%2Fv2%2Fmedia&parent=770802"}],"wp:term":[{"taxonomy":"category","embeddable":true,"href":"https:\/\/arantv.az\/index.php?rest_route=%2Fwp%2Fv2%2Fcategories&post=770802"},{"taxonomy":"post_tag","embeddable":true,"href":"https:\/\/arantv.az\/index.php?rest_route=%2Fwp%2Fv2%2Ftags&post=770802"}],"curies":[{"name":"wp","href":"https:\/\/api.w.org\/{rel}","templated":true}]}}