{"id":770930,"date":"2024-11-24T16:25:32","date_gmt":"2024-11-24T12:25:32","guid":{"rendered":"https:\/\/arantv.az\/?p=770930"},"modified":"2024-11-24T16:25:32","modified_gmt":"2024-11-24T12:25:32","slug":"onlarin-h%c9%99bsi-kilicdaroglunu-ozund%c9%99n-cixardi-q%c9%99yyumlari-tarix%c9%99-gom%c9%99c%c9%99yik","status":"publish","type":"post","link":"https:\/\/arantv.az\/?p=770930","title":{"rendered":"Onlar\u0131n H\u018fBS\u0130 K\u0131l\u0131\u00e7daro\u011flunu \u00f6z\u00fcnd\u0259n \u00e7\u0131xard\u0131 &#8211; Q\u0259yyumlar\u0131 tarix\u0259 g\u00f6m\u0259c\u0259yik!"},"content":{"rendered":"<p><strong>Ke\u00e7mi\u015f CHP ba\u015fqan\u0131 Kemal K\u0131l\u0131\u00e7daro\u011flu Tunceli v\u0259 Ovac\u0131k b\u0259l\u0259diyy\u0259l\u0259rin\u0259 q\u0259yyum t\u0259yin edilm\u0259sin\u0259 sosial media hesab\u0131ndan s\u0259rt reaksiya g\u00f6st\u0259rib.<\/strong><\/p>\n<p><strong>Musavat.com<\/strong>-un x\u0259b\u0259rin\u0259 g\u00f6r\u0259, K\u0131l\u0131\u00e7daro\u011flu payla\u015f\u0131m\u0131nda qeyd edib:<\/p>\n<p>\u201cD\u00fcn\u0259n d\u0259, bu g\u00fcn d\u0259, sabah da xalq\u0131n irad\u0259sini \u0259l\u0259 ke\u00e7ir\u0259n q\u0259yyumlardan yanay\u0131q! T\u0259k adam rejimi s\u0259b\u0259bdir, q\u0259yyumlar is\u0259 n\u0259tic\u0259dir! \u018fvv\u0259lki q\u0259yyumlar kimi, bu g\u00fcn d\u0259 Tunceli v\u0259 Ovac\u0131k b\u0259l\u0259diyy\u0259l\u0259rin\u0259 t\u0259yin edil\u0259n q\u0259yyumlar\u0131 tarix\u0259 g\u00f6m\u0259c\u0259yik! S\u0131ralar\u0131 s\u0131xla\u015fd\u0131raq, dostlar! M\u00fcbariz\u0259 apararaq h\u0259m t\u0259k adam rejimind\u0259n, h\u0259m d\u0259 q\u0259yyumlardan xilas olaca\u011f\u0131q\u201d.<\/p>\n<p>M\u0259lumata g\u00f6r\u0259, d\u00fcn\u0259n Tunceli 1-ci A\u011f\u0131r Cinay\u0259tl\u0259r M\u0259hk\u0259m\u0259si \u201cPKK\/KCK silahl\u0131 terror t\u0259\u015fkilat\u0131na \u00fczv olmaq\u201d ittiham\u0131 il\u0259 Tunceli b\u0259l\u0259diyy\u0259 ba\u015fqan\u0131 Cevdet Konak v\u0259 Ovac\u0131k b\u0259l\u0259diyy\u0259 ba\u015fqan\u0131 Mustafa Sar\u0131g\u00fcl\u0259 6 il 3 ay h\u0259bs c\u0259zas\u0131 verib. T\u00fcrkiy\u0259 Daxili \u0130\u015fl\u0259r Nazirliyi Cevdet Konak v\u0259 Mustafa Sar\u0131g\u00fcl\u00fcn yerin\u0259 q\u0259yyum t\u0259yin edildiyini a\u00e7\u0131qlay\u0131b.<\/p>\n<p>Bel\u0259 ki, Konak\u0131n yerin\u0259 Tuncelinin valisi B\u00fclent Tekb\u0131y\u0131ko\u011flu, Sar\u0131g\u00fcl\u00fcn yerin\u0259 is\u0259 H\u00fcseyn \u015eamil S\u00f6zen q\u0259yyum t\u0259yin edilib.<\/p>\n<p><strong>Kemal K\u0131l\u0131\u00e7daro\u011flu is\u0259 bu t\u0259yinatlara k\u0259skin m\u00f6vqe bildirib.<\/strong><\/p>\n","protected":false},"excerpt":{"rendered":"<p>Ke\u00e7mi\u015f CHP ba\u015fqan\u0131 Kemal K\u0131l\u0131\u00e7daro\u011flu Tunceli v\u0259 Ovac\u0131k b\u0259l\u0259diyy\u0259l\u0259rin\u0259 q\u0259yyum t\u0259yin edilm\u0259sin\u0259 sosial media hesab\u0131ndan s\u0259rt reaksiya g\u00f6st\u0259rib. Musavat.com-un x\u0259b\u0259rin\u0259 g\u00f6r\u0259, K\u0131l\u0131\u00e7daro\u011flu payla\u015f\u0131m\u0131nda qeyd edib: \u201cD\u00fcn\u0259n d\u0259, bu g\u00fcn d\u0259, sabah da xalq\u0131n irad\u0259sini \u0259l\u0259 ke\u00e7ir\u0259n q\u0259yyumlardan yanay\u0131q! T\u0259k adam rejimi s\u0259b\u0259bdir, q\u0259yyumlar is\u0259 n\u0259tic\u0259dir! \u018fvv\u0259lki q\u0259yyumlar kimi, bu g\u00fcn d\u0259 Tunceli v\u0259 Ovac\u0131k b\u0259l\u0259diyy\u0259l\u0259rin\u0259 t\u0259yin edil\u0259n q\u0259yyumlar\u0131 tarix\u0259 g\u00f6m\u0259c\u0259yik! S\u0131ralar\u0131 s\u0131xla\u015fd\u0131raq, dostlar! M\u00fcbariz\u0259 apararaq h\u0259m t\u0259k adam rejimind\u0259n, h\u0259m d\u0259 q\u0259yyumlardan xilas olaca\u011f\u0131q\u201d. M\u0259lumata g\u00f6r\u0259, d\u00fcn\u0259n Tunceli 1-ci A\u011f\u0131r Cinay\u0259tl\u0259r M\u0259hk\u0259m\u0259si \u201cPKK\/KCK silahl\u0131 terror t\u0259\u015fkilat\u0131na \u00fczv olmaq\u201d ittiham\u0131 il\u0259&hellip;<\/p>\n","protected":false},"author":2,"featured_media":770931,"comment_status":"closed","ping_status":"closed","sticky":false,"template":"","format":"standard","meta":{"om_disable_all_campaigns":false,"_monsterinsights_skip_tracking":false,"_monsterinsights_sitenote_active":false,"_monsterinsights_sitenote_note":"","_monsterinsights_sitenote_category":0},"categories":[7],"tags":[],"aioseo_notices":[],"gutentor_comment":0,"rttpg_featured_image_url":{"full":["https:\/\/arantv.az\/wp-content\/uploads\/2024\/11\/7ccc2aa995620e73be435e058a34f79f.jpg",850,500,false],"landscape":["https:\/\/arantv.az\/wp-content\/uploads\/2024\/11\/7ccc2aa995620e73be435e058a34f79f.jpg",850,500,false],"portraits":["https:\/\/arantv.az\/wp-content\/uploads\/2024\/11\/7ccc2aa995620e73be435e058a34f79f.jpg",850,500,false],"thumbnail":["https:\/\/arantv.az\/wp-content\/uploads\/2024\/11\/7ccc2aa995620e73be435e058a34f79f-500x280.jpg",500,280,true],"medium":["https:\/\/arantv.az\/wp-content\/uploads\/2024\/11\/7ccc2aa995620e73be435e058a34f79f-621x365.jpg",621,365,true],"large":["https:\/\/arantv.az\/wp-content\/uploads\/2024\/11\/7ccc2aa995620e73be435e058a34f79f-840x494.jpg",640,376,true],"1536x1536":["https:\/\/arantv.az\/wp-content\/uploads\/2024\/11\/7ccc2aa995620e73be435e058a34f79f.jpg",850,500,false],"2048x2048":["https:\/\/arantv.az\/wp-content\/uploads\/2024\/11\/7ccc2aa995620e73be435e058a34f79f.jpg",850,500,false],"post-thumbnail":["https:\/\/arantv.az\/wp-content\/uploads\/2024\/11\/7ccc2aa995620e73be435e058a34f79f-240x172.jpg",240,172,true],"advps-thumb-one":["https:\/\/arantv.az\/wp-content\/uploads\/2024\/11\/7ccc2aa995620e73be435e058a34f79f.jpg",850,500,false]},"rttpg_author":{"display_name":"V\u00fcsal Rafiqo\u011flu","author_link":"https:\/\/arantv.az\/?author=2"},"rttpg_comment":0,"rttpg_category":"<a href=\"https:\/\/arantv.az\/?cat=7\" rel=\"category\">D\u00fcnya<\/a>","rttpg_excerpt":"Ke\u00e7mi\u015f CHP ba\u015fqan\u0131 Kemal K\u0131l\u0131\u00e7daro\u011flu Tunceli v\u0259 Ovac\u0131k b\u0259l\u0259diyy\u0259l\u0259rin\u0259 q\u0259yyum t\u0259yin edilm\u0259sin\u0259 sosial media hesab\u0131ndan s\u0259rt reaksiya g\u00f6st\u0259rib. Musavat.com-un x\u0259b\u0259rin\u0259 g\u00f6r\u0259, K\u0131l\u0131\u00e7daro\u011flu payla\u015f\u0131m\u0131nda qeyd edib: \u201cD\u00fcn\u0259n d\u0259, bu g\u00fcn d\u0259, sabah da xalq\u0131n irad\u0259sini \u0259l\u0259 ke\u00e7ir\u0259n q\u0259yyumlardan yanay\u0131q! T\u0259k adam rejimi s\u0259b\u0259bdir, q\u0259yyumlar is\u0259 n\u0259tic\u0259dir! \u018fvv\u0259lki q\u0259yyumlar kimi, bu g\u00fcn d\u0259 Tunceli v\u0259 Ovac\u0131k b\u0259l\u0259diyy\u0259l\u0259rin\u0259&hellip;","_links":{"self":[{"href":"https:\/\/arantv.az\/index.php?rest_route=\/wp\/v2\/posts\/770930"}],"collection":[{"href":"https:\/\/arantv.az\/index.php?rest_route=\/wp\/v2\/posts"}],"about":[{"href":"https:\/\/arantv.az\/index.php?rest_route=\/wp\/v2\/types\/post"}],"author":[{"embeddable":true,"href":"https:\/\/arantv.az\/index.php?rest_route=\/wp\/v2\/users\/2"}],"replies":[{"embeddable":true,"href":"https:\/\/arantv.az\/index.php?rest_route=%2Fwp%2Fv2%2Fcomments&post=770930"}],"version-history":[{"count":2,"href":"https:\/\/arantv.az\/index.php?rest_route=\/wp\/v2\/posts\/770930\/revisions"}],"predecessor-version":[{"id":770933,"href":"https:\/\/arantv.az\/index.php?rest_route=\/wp\/v2\/posts\/770930\/revisions\/770933"}],"wp:featuredmedia":[{"embeddable":true,"href":"https:\/\/arantv.az\/index.php?rest_route=\/wp\/v2\/media\/770931"}],"wp:attachment":[{"href":"https:\/\/arantv.az\/index.php?rest_route=%2Fwp%2Fv2%2Fmedia&parent=770930"}],"wp:term":[{"taxonomy":"category","embeddable":true,"href":"https:\/\/arantv.az\/index.php?rest_route=%2Fwp%2Fv2%2Fcategories&post=770930"},{"taxonomy":"post_tag","embeddable":true,"href":"https:\/\/arantv.az\/index.php?rest_route=%2Fwp%2Fv2%2Ftags&post=770930"}],"curies":[{"name":"wp","href":"https:\/\/api.w.org\/{rel}","templated":true}]}}